{"id":50388,"date":"2026-08-30T23:51:24","date_gmt":"2026-08-30T23:51:24","guid":{"rendered":"https:\/\/cp.snarskis.lt\/index.php\/2026\/08\/30\/ukrainos-prezidento-patarejas-ramina-po-dronu-ataku-bado-nebus-prekes-prireikus-atves-europa\/"},"modified":"2026-08-30T23:51:24","modified_gmt":"2026-08-30T23:51:24","slug":"ukrainos-prezidento-patarejas-ramina-po-dronu-ataku-bado-nebus-prekes-prireikus-atves-europa","status":"publish","type":"post","link":"https:\/\/cp.snarskis.lt\/index.php\/2026\/08\/30\/ukrainos-prezidento-patarejas-ramina-po-dronu-ataku-bado-nebus-prekes-prireikus-atves-europa\/","title":{"rendered":"Ukrainos prezidento patar\u0117jas ramina: po dron\u0173 atak\u0173 bado nebus, prekes prireikus atve\u0161 Europa"},"content":{"rendered":"<p>Ukrainoje netylant kalboms, kad po dron\u0173 atak\u0173 \u0161aliai gali pritr\u016bkti maisto produkt\u0173, prezidento patar\u0117jas ir ry\u0161i\u0173 bei elektronin\u0117s kovos ekspertas Serhijus Beskrestnovas, dar \u017einomas \u201e\u0424\u043b\u0435\u0448\u201c slapyvard\u017eiu, ragina nepasiduoti panikai. Pasak jo, \u0161iandien situacija labiau susijusi su logistika ir tiekimo grandini\u0173 persitvarkymu, o ne su realia gr\u0117sme, kad parduotuvi\u0173 lentynos i\u0161tu\u0161t\u0117s.<\/p>\n<p>Jis teigia, kad gamintojai ir prekybininkai jau per\u017ei\u016bri tiekimo mar\u0161rutus ir ie\u0161ko alternatyv\u0173, kad prisitaikyt\u0173 prie padid\u0117jusios rizikos. Toks persigrupavimas, anot jo, gali sukelti laikin\u0173 trikd\u017ei\u0173 atskirose grandyse, ta\u010diau tai nerei\u0161kia nei\u0161vengiamo maisto stygiaus.<\/p>\n<p>\u201eJei bus poreikis, Europa su d\u017eiaugsmu u\u017epildys bet kuri\u0105 maisto ni\u0161\u0105 eksportu\u201c, \u2013 sak\u0117 Serhijus Beskrestnovas.<\/p>\n<p>Pasak jo, Ukraina prireikus gali kompensuoti tr\u016bkumus importu i\u0161 Europos S\u0105jungos rinkos, tod\u0117l kalbos apie nei\u0161vengiam\u0105 deficit\u0105 t\u0117ra spekuliacijos. Jis taip pat pabr\u0117\u017eia, kad \u017emon\u0117ms svarbu remtis patikima informacija ir nesidalinti nepatikrintais prane\u0161imais socialiniuose tinkluose.<\/p>\n<p>\u201eDraugai, mes nemirsime i\u0161 bado. Nepasiduokite gandams, dezinformacijai ir panikai\u201c, \u2013 sak\u0117 Serhijus Beskrestnovas.<\/p>\n<h2>Taikinys yra verslas ir logistika<\/h2>\n<p>Atskirai patar\u0117jas atkreip\u0117 d\u0117mes\u012f \u012f tai, k\u0105, jo vertinimu, i\u0161 ties\u0173 siekia paveikti Rusijos atakos. Jo teigimu, tiesioginis taikinys n\u0117ra pats maistas, o dideli verslai ir infrastrukt\u016bra, kuri u\u017etikrina gamyb\u0105, sand\u0117liavim\u0105, perdirbim\u0105 ir preki\u0173 jud\u0117jim\u0105.<\/p>\n<p>\u201eM\u016bs\u0173 prie\u0161as nepuola maisto. Jis puola didel\u012f versl\u0105, kuris moka mokes\u010dius ir kuria darbo vietas\u201c, \u2013 sak\u0117 Serhijus Beskrestnovas.<\/p>\n<p>Ekspertai Europoje ne kart\u0105 pabr\u0117\u017e\u0117, kad karas did\u017eiausi\u0105 \u012ftak\u0105 daro b\u016btent tiekimo grandin\u0117ms: energetikai, sand\u0117liams, transporto koridoriams ir draudimo ka\u0161tams. D\u0117l to da\u017eniau kyla ne absoliutus preki\u0173 tr\u016bkumas, o kain\u0173 svyravimai, pristatymo termin\u0173 pailg\u0117jimas ir regioniniai sutrikimai, kuriuos verslai sprend\u017eia nukreipdami srautus \u012f saugesnius mar\u0161rutus.<\/p>\n<p>Tod\u0117l Beskrestnovas ragina gyventojus nekurti atsarg\u0173 ir nesiremti gandais apie tariamai nei\u0161vengiam\u0105 maisto kriz\u0119. Jo vertinimu, svarbiausia \u0161iuo metu yra visuomen\u0117s atsparumas dezinformacijai ir geb\u0117jimas atskirti realius, oficialiai patvirtintus faktus nuo emocini\u0173 interpretacij\u0173.<\/p>\n","protected":false},"excerpt":{"rendered":"<p>Ukrainos prezidento patar\u0117jas teigia, kad dron\u0173 atakos gali trikdyti logistik\u0105, bet maisto deficitas negr\u0119sia, o prireikus pad\u0117s importas i\u0161 Europos.<\/p>\n","protected":false},"author":0,"featured_media":0,"comment_status":"open","ping_status":"open","sticky":false,"template":"","format":"standard","meta":{"_acf_changed":false,"footnotes":""},"categories":[1],"tags":[1447,6992,11572,38920,1453,299],"miestas":[],"class_list":["post-50388","post","type-post","status-publish","format-standard","hentry","category-uncategorized","tag-dezinformacija","tag-dronu-atakos","tag-maisto-importas","tag-serhijus-beskrestnovas","tag-tiekimo-grandines","tag-ukraina"],"acf":[],"_links":{"self":[{"href":"https:\/\/cp.snarskis.lt\/index.php\/wp-json\/wp\/v2\/posts\/50388","targetHints":{"allow":["GET"]}}],"collection":[{"href":"https:\/\/cp.snarskis.lt\/index.php\/wp-json\/wp\/v2\/posts"}],"about":[{"href":"https:\/\/cp.snarskis.lt\/index.php\/wp-json\/wp\/v2\/types\/post"}],"replies":[{"embeddable":true,"href":"https:\/\/cp.snarskis.lt\/index.php\/wp-json\/wp\/v2\/comments?post=50388"}],"version-history":[{"count":0,"href":"https:\/\/cp.snarskis.lt\/index.php\/wp-json\/wp\/v2\/posts\/50388\/revisions"}],"wp:attachment":[{"href":"https:\/\/cp.snarskis.lt\/index.php\/wp-json\/wp\/v2\/media?parent=50388"}],"wp:term":[{"taxonomy":"category","embeddable":true,"href":"https:\/\/cp.snarskis.lt\/index.php\/wp-json\/wp\/v2\/categories?post=50388"},{"taxonomy":"post_tag","embeddable":true,"href":"https:\/\/cp.snarskis.lt\/index.php\/wp-json\/wp\/v2\/tags?post=50388"},{"taxonomy":"miestas","embeddable":true,"href":"https:\/\/cp.snarskis.lt\/index.php\/wp-json\/wp\/v2\/miestas?post=50388"}],"curies":[{"name":"wp","href":"https:\/\/api.w.org\/{rel}","templated":true}]}}