{"id":50439,"date":"2026-08-31T11:21:26","date_gmt":"2026-08-31T11:21:26","guid":{"rendered":"https:\/\/cp.snarskis.lt\/index.php\/2026\/08\/31\/tyrimas-saules-elektrinese-pievu-pauksciu-beveik-dvigubai-daugiau-nei-laukuose-kas-juos-traukia\/"},"modified":"2026-08-31T11:21:26","modified_gmt":"2026-08-31T11:21:26","slug":"tyrimas-saules-elektrinese-pievu-pauksciu-beveik-dvigubai-daugiau-nei-laukuose-kas-juos-traukia","status":"publish","type":"post","link":"https:\/\/cp.snarskis.lt\/index.php\/2026\/08\/31\/tyrimas-saules-elektrinese-pievu-pauksciu-beveik-dvigubai-daugiau-nei-laukuose-kas-juos-traukia\/","title":{"rendered":"Tyrimas: saul\u0117s elektrin\u0117se piev\u0173 pauk\u0161\u010di\u0173 beveik dvigubai daugiau nei laukuose \u2013 kas juos traukia"},"content":{"rendered":"<p class=\"article__like-h2\">Mokslininkai nustat\u0117, kad saul\u0117s elektrini\u0173 teritorijose piev\u0173 pauk\u0161\u010di\u0173 r\u016b\u0161i\u0173 gausa gerokai didesn\u0117 nei \u0161alia esan\u010diuose dirbamuose laukuose.<\/p>\n<p>JAV Vidurio Vakar\u0173 regione atliktas steb\u0117jimas parod\u0117, kad saul\u0117s elektrini\u0173 plotai, kuriuose po moduliais paliekamos vietin\u0117s \u017eol\u0117s ir kiti \u017eoliniai augalai, tampa patrauklia buveine ant \u017eem\u0117s perintiems pauk\u0161\u010diams. Tokiose teritorijose augalinis dangalas i\u0161lieka nuo pavasario iki rudens, tod\u0117l lizdai ilgiau lieka pasl\u0117pti.<\/p>\n<p>Tyr\u0117jai nuo gegu\u017e\u0117s iki rugs\u0117jo dviem sezonais lygino 12 saul\u0117s elektrini\u0173 ir 12 gretim\u0173 \u017eem\u0117s \u016bkio paskirties lauk\u0173. Duomenys rinkti dien\u0105 ir nakt\u012f, pasitelkiant garso registratorius, kad b\u016bt\u0173 i\u0161vengta \u017emoni\u0173 trikdymo.<\/p>\n<p>Rezultatai parod\u0117, kad piev\u0173 pauk\u0161\u010di\u0173 r\u016b\u0161i\u0173 skai\u010dius saul\u0117s elektrini\u0173 teritorijose buvo beveik dukart didesnis nei kontroliniuose laukuose. Lauko ap\u017ei\u016bros metu fiksuota ir daugiau kaip 230 aktyvi\u0173 lizd\u0173, aptikt\u0173 ant saul\u0117s moduli\u0173 infrastrukt\u016bros ar jos viduje.<\/p>\n<p>Da\u017eniausiai lizdus \u0161iose vietose suko raudonsparniai strazdai, kaimo kreg\u017ed\u0117s ir geduliniai karveliai. Pasak mokslinink\u0173, vienas svarbiausi\u0173 veiksni\u0173 yra stabilumas: dirbamuose laukuose per\u0117jimo metu lizdai da\u017enai sunaikinami d\u0117l \u017eem\u0117s \u016bkio darb\u0173, o saul\u0117s elektrini\u0173 teritorijose tokios rizikos ma\u017eiau.<\/p>\n<p>Ekspertai pabr\u0117\u017eia, kad pauk\u0161\u010diams palankus efektas labiausiai siejamas ne vien su pa\u010diais moduliais, o su teritorijos prie\u017ei\u016bra. Kai tarp moduli\u0173 ir po jais palaikoma nat\u016brali ar pievin\u0117 augmenija, susidaro daugiau sl\u0117ptuvi\u0173, vabzd\u017ei\u0173 ir maisto i\u0161tekli\u0173, o kartu ma\u017e\u0117ja trikdymas.<\/p>\n<p>\u0160is rezultatas \u012fsilieja \u012f platesn\u0119 tendencij\u0105, kai energetikos infrastrukt\u016bra vis da\u017eniau vertinama ir per biologin\u0117s \u012fvairov\u0117s prizm\u0119. Praktikoje tai rei\u0161kia, kad planuojant saul\u0117s elektrines vis daugiau d\u0117mesio skiriama vadinamajai gamtai palankiai prie\u017ei\u016brai, kuri gali suma\u017einti konflikt\u0105 tarp atsinaujinan\u010dios energetikos pl\u0117tros ir ekosistem\u0173 apsaugos.<\/p>\n","protected":false},"excerpt":{"rendered":"<p>Tyrimas parod\u0117, kad saul\u0117s elektrini\u0173 teritorijose piev\u0173 pauk\u0161\u010di\u0173 r\u016b\u0161i\u0173 beveik dvigubai daugiau nei dirbamuose laukuose, o lizdams \u010dia saugiau.<\/p>\n","protected":false},"author":0,"featured_media":0,"comment_status":"open","ping_status":"open","sticky":false,"template":"","format":"standard","meta":{"_acf_changed":false,"footnotes":""},"categories":[7],"tags":[516,685,28755,101,2018,17412,490],"miestas":[],"class_list":["post-50439","post","type-post","status-publish","format-standard","hentry","category-technologijos","tag-atsinaujinanti-energetika","tag-biologine-ivairove","tag-buveiniu-apsauga","tag-ekologija","tag-pauksciu-perejimas","tag-pievu-pauksciai","tag-saules-elektrines"],"acf":[],"_links":{"self":[{"href":"https:\/\/cp.snarskis.lt\/index.php\/wp-json\/wp\/v2\/posts\/50439","targetHints":{"allow":["GET"]}}],"collection":[{"href":"https:\/\/cp.snarskis.lt\/index.php\/wp-json\/wp\/v2\/posts"}],"about":[{"href":"https:\/\/cp.snarskis.lt\/index.php\/wp-json\/wp\/v2\/types\/post"}],"replies":[{"embeddable":true,"href":"https:\/\/cp.snarskis.lt\/index.php\/wp-json\/wp\/v2\/comments?post=50439"}],"version-history":[{"count":0,"href":"https:\/\/cp.snarskis.lt\/index.php\/wp-json\/wp\/v2\/posts\/50439\/revisions"}],"wp:attachment":[{"href":"https:\/\/cp.snarskis.lt\/index.php\/wp-json\/wp\/v2\/media?parent=50439"}],"wp:term":[{"taxonomy":"category","embeddable":true,"href":"https:\/\/cp.snarskis.lt\/index.php\/wp-json\/wp\/v2\/categories?post=50439"},{"taxonomy":"post_tag","embeddable":true,"href":"https:\/\/cp.snarskis.lt\/index.php\/wp-json\/wp\/v2\/tags?post=50439"},{"taxonomy":"miestas","embeddable":true,"href":"https:\/\/cp.snarskis.lt\/index.php\/wp-json\/wp\/v2\/miestas?post=50439"}],"curies":[{"name":"wp","href":"https:\/\/api.w.org\/{rel}","templated":true}]}}