{"id":50479,"date":"2026-08-31T13:34:42","date_gmt":"2026-08-31T13:34:42","guid":{"rendered":"https:\/\/cp.snarskis.lt\/index.php\/2026\/08\/31\/rumunijai-gresia-770-mln-euru-netektis-politinis-karas-sustabde-reforma-kuria-reikalauja-es\/"},"modified":"2026-08-31T13:34:42","modified_gmt":"2026-08-31T13:34:42","slug":"rumunijai-gresia-770-mln-euru-netektis-politinis-karas-sustabde-reforma-kuria-reikalauja-es","status":"publish","type":"post","link":"https:\/\/cp.snarskis.lt\/index.php\/2026\/08\/31\/rumunijai-gresia-770-mln-euru-netektis-politinis-karas-sustabde-reforma-kuria-reikalauja-es\/","title":{"rendered":"Rumunijai gresia 770 mln. eur\u0173 netektis: politinis karas sustabd\u0117 reform\u0105, kuri\u0105 reikalauja ES"},"content":{"rendered":"<p>Rumunija rizikuoja netekti ma\u017eiausiai 770 mln. eur\u0173 Europos S\u0105jungos l\u0117\u0161\u0173, nes \u0161alies pagrindin\u0117s politin\u0117s j\u0117gos laiku nesutar\u0117 d\u0117l vie\u0161ojo sektoriaus atlyginim\u0173 reformos. \u0160is \u017eingsnis buvo viena esmini\u0173 s\u0105lyg\u0173, susiet\u0173 su Nacionaliniu ekonomikos gaivinimo ir atsparumo didinimo planu.<\/p>\n<p>Pagal ES institucijose nurodom\u0105 informacij\u0105, praleistas terminas rei\u0161kia, kad suma bus i\u0161skai\u010diuota i\u0161 dar Rumunijai priklausan\u010di\u0173 ma\u017edaug 8,44 mlrd. eur\u0173. Tai sudaro apie 40 proc. viso 21,41 mlrd. eur\u0173 vert\u0117s \u0161alies gaivinimo paketo, skirto investicijoms ir reformoms po pandemijos.<\/p>\n<h2>Kas nutiko ir kas spr\u0119s<\/h2>\n<p>Reformos pri\u0117mimo terminas baig\u0117si rugpj\u016b\u010dio 31 dien\u0105, ta\u010diau kompromisas d\u0117l naujo vie\u0161ojo sektoriaus atlyginim\u0173 \u012fstatymo taip ir nebuvo pasiektas. Galutin\u012f finansin\u0117s korekcijos dyd\u012f Europos Komisija tur\u0117t\u0173 nustatyti vertindama Rumunijos galutin\u012f mok\u0117jimo pra\u0161ym\u0105, kur\u012f \u0161alis turi pateikti iki rugs\u0117jo pabaigos.<\/p>\n<p>Vie\u0161ojo sektoriaus atlyginim\u0173 reformos ne\u012fgyvendinimas \u012fvardijamas kaip pagrindin\u0117 prie\u017eastis, d\u0117l kurios Rumunijai ma\u017einamas finansavimas. Kartu minima, kad ne\u012fvykdyti ir kai kurie kiti ma\u017eesni tikslai, tarp j\u0173 ir su dekarbonizacija susij\u0119 \u012fsipareigojimai.<\/p>\n<p>\u201eTai sud\u0117tinga tema, turinti dideli\u0173 socialini\u0173 ir ekonomini\u0173 pasekmi\u0173, o sprendimus teko derinti esant mil\u017eini\u0161kam laiko spaudimui\u201c, \u2013 sak\u0117 Rumunijos prezidentas Nicu\u0219oras Danas.<\/p>\n<h2>Profs\u0105jung\u0173 spaudimas ir protestai<\/h2>\n<p>Si\u016blomai reformai grie\u017etai prie\u0161inasi Rumunijos profesin\u0117s s\u0105jungos, teigdamos, kad daliai vie\u0161ojo sektoriaus darbuotoj\u0173 atlyginimai gal\u0117t\u0173 ma\u017e\u0117ti. Taip pat kritikuota ir numatyta indeksavimo pagal infliacij\u0105 logika, kuri, pasak profs\u0105jung\u0173, nekompensuot\u0173 reali\u0173 pragyvenimo i\u0161laid\u0173.<\/p>\n<p>\u012etampa i\u0161siliejo ir \u012f gatves: rugpj\u016b\u010dio 25 dien\u0105 keli\u0173 federacij\u0173 atstovai protestavo prie Darbo ministerijos. Jie reikalavo didesnio minimalaus atlyginimo ir kolektyvini\u0173 deryb\u0173 atnaujinimo.<\/p>\n<h2>Koalicijos gri\u016btis ir naujos rizikos<\/h2>\n<p>Politinis gin\u010das virto kaltinim\u0173 grandine tarp buvusios valdan\u010diosios koalicijos partneri\u0173. Laikinasis darbo ministras Drago\u0219as P\u00eeslaru kaltino Socialdemokrat\u0173 partij\u0105 blokavus reform\u0105 ir \u017ead\u0117jus profs\u0105jungoms tai, ko es\u0105 neleid\u017eia \u0161alies finansin\u0117s galimyb\u0117s.<\/p>\n<p>Socialdemokratai \u0161iuos kaltinimus atmet\u0117 ir atsakomyb\u0119 permet\u0117 Nacionalinei liberal\u0173 partijai bei buvusiam ministrui pirmininkui Ilie Bolojanui, teigdami, kad \u012fstatymo projektas buvo derinamas u\u017edarai ir nesugeb\u0117ta susitarti su socialiniais partneriais. Bolozano vyriausyb\u0117 \u017elugo gegu\u017e\u0119 po nepasitik\u0117jimo balsavimo, kur\u012f par\u0117m\u0117 socialdemokratai ir kra\u0161tutini\u0173 de\u0161ini\u0173j\u0173 Aljansas u\u017e rumun\u0173 vienyb\u0119.<\/p>\n<p>Europos l\u0117\u0161\u0173 tema Rumunijoje kaista ir d\u0117l kit\u0173 teis\u0117k\u016bros sprendim\u0173, susijusi\u0173 su interes\u0173 konfliktais vie\u0161ajame sektoriuje. Nors atitinkamas vadinamasis integralumo \u012fstatymas priimtas laiku, Europos Komisija dar gali vertinti, ar jo taikymas atitinka teisin\u0117s valstyb\u0117s principus, o neigiama i\u0161vada reik\u0161t\u0173 papildom\u0105 rizik\u0105 \u012f\u0161aldyti dal\u012f mok\u0117jim\u0173.<\/p>\n<p>ES gaivinimo ir atsparumo didinimo priemon\u0117 l\u0117\u0161as sieja su konkre\u010diais rodikliais ir reformomis, tod\u0117l politiniai v\u0117lavimai tiesiogiai virsta finansin\u0117mis pasekm\u0117mis. Rumunijos atvejis tampa dar vienu priminimu, kad politinis nestabilumas ir neapibr\u0117\u017etumas gali kainuoti \u0161imtus milijon\u0173 eur\u0173, net jei did\u017eioji dalis investicij\u0173 plan\u0173 formaliai jau patvirtinta.<\/p>\n","protected":false},"excerpt":{"rendered":"<p>Rumunija gali prarasti 770 mln. eur\u0173 ES l\u0117\u0161\u0173, nes politin\u0117s partijos laiku nesutar\u0117 d\u0117l vie\u0161ojo sektoriaus atlyginim\u0173 reformos.<\/p>\n","protected":false},"author":0,"featured_media":50480,"comment_status":"open","ping_status":"open","sticky":false,"template":"","format":"standard","meta":{"_acf_changed":false,"footnotes":""},"categories":[94],"tags":[29512,6233,667,25700,10802,2752,38988],"miestas":[],"class_list":["post-50479","post","type-post","status-publish","format-standard","has-post-thumbnail","hentry","category-finansai","tag-ekonomikos-gaivinimo-planas","tag-es-fondai","tag-europos-komisija","tag-politine-krize","tag-profsajungos","tag-rumunija","tag-viesojo-sektoriaus-atlyginimai"],"acf":[],"_links":{"self":[{"href":"https:\/\/cp.snarskis.lt\/index.php\/wp-json\/wp\/v2\/posts\/50479","targetHints":{"allow":["GET"]}}],"collection":[{"href":"https:\/\/cp.snarskis.lt\/index.php\/wp-json\/wp\/v2\/posts"}],"about":[{"href":"https:\/\/cp.snarskis.lt\/index.php\/wp-json\/wp\/v2\/types\/post"}],"replies":[{"embeddable":true,"href":"https:\/\/cp.snarskis.lt\/index.php\/wp-json\/wp\/v2\/comments?post=50479"}],"version-history":[{"count":0,"href":"https:\/\/cp.snarskis.lt\/index.php\/wp-json\/wp\/v2\/posts\/50479\/revisions"}],"wp:featuredmedia":[{"embeddable":true,"href":"https:\/\/cp.snarskis.lt\/index.php\/wp-json\/wp\/v2\/media\/50480"}],"wp:attachment":[{"href":"https:\/\/cp.snarskis.lt\/index.php\/wp-json\/wp\/v2\/media?parent=50479"}],"wp:term":[{"taxonomy":"category","embeddable":true,"href":"https:\/\/cp.snarskis.lt\/index.php\/wp-json\/wp\/v2\/categories?post=50479"},{"taxonomy":"post_tag","embeddable":true,"href":"https:\/\/cp.snarskis.lt\/index.php\/wp-json\/wp\/v2\/tags?post=50479"},{"taxonomy":"miestas","embeddable":true,"href":"https:\/\/cp.snarskis.lt\/index.php\/wp-json\/wp\/v2\/miestas?post=50479"}],"curies":[{"name":"wp","href":"https:\/\/api.w.org\/{rel}","templated":true}]}}