{"id":50504,"date":"2026-08-31T16:45:56","date_gmt":"2026-08-31T16:45:56","guid":{"rendered":"https:\/\/cp.snarskis.lt\/index.php\/2026\/08\/31\/alzyro-prezidentas-po-mirtinu-gaisru-siekia-grazinti-mirties-bausme-padegejams-kas-keistusi\/"},"modified":"2026-08-31T16:45:56","modified_gmt":"2026-08-31T16:45:56","slug":"alzyro-prezidentas-po-mirtinu-gaisru-siekia-grazinti-mirties-bausme-padegejams-kas-keistusi","status":"publish","type":"post","link":"https:\/\/cp.snarskis.lt\/index.php\/2026\/08\/31\/alzyro-prezidentas-po-mirtinu-gaisru-siekia-grazinti-mirties-bausme-padegejams-kas-keistusi\/","title":{"rendered":"Al\u017eyro prezidentas po mirtin\u0173 gaisr\u0173 siekia gr\u0105\u017einti mirties bausm\u0119 padeg\u0117jams: kas keist\u0173si"},"content":{"rendered":"<p>Al\u017eyro prezidentas Abdelmadjidas Tebboune po mirtin\u0173 mi\u0161k\u0173 gaisr\u0173 \u0161alies \u0161iaur\u0117s rytuose parei\u0161k\u0117 sieksiantis gr\u0105\u017einti mirties bausm\u0119 u\u017e ty\u010din\u012f padegim\u0105. Jo iniciatyva skelbiama tuo metu, kai vald\u017eia prane\u0161a apie \u017euvusiuosius, de\u0161imtis su\u017eeist\u0173j\u0173 ir vis dar aktyvius gaisr\u0173 \u017eidinius.<\/p>\n<p>Prezidentas taip pat paskelb\u0117 trij\u0173 dien\u0173 nacionalin\u012f gedul\u0105. Vald\u017eios institucij\u0173 duomenimis, per gaisrus \u017euvo ma\u017eiausiai 12 \u017emoni\u0173, o dar kelios de\u0161imtys nukent\u0117jo.<\/p>\n<h2>Gaisr\u0173 mastas ir aukos<\/h2>\n<p>Vidaus reikal\u0173 ministras Sa\u00efdas Sayoudas patvirtino, kad daugiausia auk\u0173 u\u017efiksuota Jijel, B\u00e9ja\u00efa ir Tizi Ouzou provincijose. I\u0161 viso 54 \u017emon\u0117s gydomi ligonin\u0117se d\u0117l nudegim\u0173, \u0161e\u0161i\u0173 b\u016bkl\u0117 \u012fvardyta kaip kritin\u0117.<\/p>\n<p>Al\u017eyro civilin\u0117s saugos tarnyba skelb\u0117, kad per par\u0105 buvo registruoti 193 gaisrai, o ryte aktyv\u016bs i\u0161liko 46. D\u0117l liepsn\u0173 keliuose ruo\u017euose buvo u\u017edarytos svarbios magistral\u0117s, jungian\u010dios rytinius regionus.<\/p>\n<h2>K\u0105 rei\u0161kia mirties bausm\u0117s gr\u0105\u017einimo planas?<\/h2>\n<p>Al\u017eyre mirties bausm\u0117 \u012fstatymuose n\u0117ra panaikinta, ta\u010diau nuo 1993 met\u0173 galioja jos taikymo moratoriumas, o nuosprend\u017eiai prakti\u0161kai nevykdomi. Prezidentas nurod\u0117 iki rugs\u0117jo 15 dienos parengti Baud\u017eiamojo kodekso pakeitimus, kurie leist\u0173 grie\u017etinti atsakomyb\u0119 padeg\u0117jams.<\/p>\n<p>Teisin\u0117je praktikoje tai reik\u0161t\u0173 ne tik grie\u017etesnes bausmes, bet ir politin\u012f signal\u0105, kad ty\u010diniai mi\u0161k\u0173 gaisr\u0173 suk\u0117limai b\u016bt\u0173 prilyginami sunkiausiems nusikaltimams. Vis d\u0117lto tokie pakeitimai paprastai sulaukia a\u0161tri\u0173 diskusij\u0173 d\u0117l \u017emogaus teisi\u0173 standart\u0173, \u012frodym\u0173 vertinimo ir piktnaud\u017eiavimo rizik\u0173.<\/p>\n<h2>Kod\u0117l gaisr\u0173 sezonai darosi pavojingesni<\/h2>\n<p>Mi\u0161k\u0173 gaisrai \u0161iaurin\u0117je Al\u017eyro dalyje vasaromis kartojasi, ta\u010diau j\u0173 intensyvum\u0105 vis da\u017eniau didina u\u017esit\u0119susios sausros ir ekstremal\u016bs kar\u0161\u010diai. \u0160ie veiksniai spartina augmenijos i\u0161d\u017ei\u016bvim\u0105, o stiprus v\u0117jas ir sud\u0117tingas reljefas apsunkina gaisr\u0173 lokalizavim\u0105.<\/p>\n<p>2023 metais liepos m\u0117nes\u012f gaisrai B\u00e9ja\u00efa apylink\u0117se nusiaub\u0117 didelius mi\u0161k\u0173 ir \u017eem\u0117s \u016bkio plotus, sunaikino \u0161imtus nam\u0173, o \u017euvusi\u0173j\u0173 skai\u010dius tuomet vir\u0161ijo 30. \u0160i\u0173 met\u0173 liepos m\u0117nes\u012f vald\u017eia skelb\u0117 beveik 2 000 gaisr\u0173 visoje \u0161alyje, o tai rodo augant\u012f sezono intensyvum\u0105.<\/p>\n<p>\u201eNetektis yra did\u017eiul\u0117 tragedija\u201c, \u2013 sak\u0117 Abdelmadjidas Tebboune.<\/p>\n<p>Artimiausiomis savait\u0117mis d\u0117mesys kryps \u012f tai, ar si\u016blomi Baud\u017eiamojo kodekso pakeitimai bus pateikti ir kaip jie bus suderinti su moratoriumo praktika. Tuo pat metu civilin\u0117s tarnybos t\u0119sia kov\u0105 su liepsnomis, o gyventojai raginami laikytis evakuacijos ir saugumo nurodym\u0173 regionuose, kuriuose gaisrai dar nevaldomi.<\/p>\n","protected":false},"excerpt":{"rendered":"<p>Al\u017eyro prezidentas po mirtin\u0173 mi\u0161k\u0173 gaisr\u0173 siekia gr\u0105\u017einti mirties bausm\u0119 padeg\u0117jams, \u0161alyje paskelbtas gedulas ir skai\u010diuojamos aukos.<\/p>\n","protected":false},"author":0,"featured_media":50505,"comment_status":"open","ping_status":"open","sticky":false,"template":"","format":"standard","meta":{"_acf_changed":false,"footnotes":""},"categories":[13],"tags":[39013,17858,3760,430,6454,3698,27179],"miestas":[],"class_list":["post-50504","post","type-post","status-publish","format-standard","has-post-thumbnail","hentry","category-kultura","tag-abdelmadjidas-tebboune","tag-alzyras","tag-baudziamasis-kodeksas","tag-civiline-sauga","tag-mirties-bausme","tag-misku-gaisrai","tag-padegimai"],"acf":[],"_links":{"self":[{"href":"https:\/\/cp.snarskis.lt\/index.php\/wp-json\/wp\/v2\/posts\/50504","targetHints":{"allow":["GET"]}}],"collection":[{"href":"https:\/\/cp.snarskis.lt\/index.php\/wp-json\/wp\/v2\/posts"}],"about":[{"href":"https:\/\/cp.snarskis.lt\/index.php\/wp-json\/wp\/v2\/types\/post"}],"replies":[{"embeddable":true,"href":"https:\/\/cp.snarskis.lt\/index.php\/wp-json\/wp\/v2\/comments?post=50504"}],"version-history":[{"count":0,"href":"https:\/\/cp.snarskis.lt\/index.php\/wp-json\/wp\/v2\/posts\/50504\/revisions"}],"wp:featuredmedia":[{"embeddable":true,"href":"https:\/\/cp.snarskis.lt\/index.php\/wp-json\/wp\/v2\/media\/50505"}],"wp:attachment":[{"href":"https:\/\/cp.snarskis.lt\/index.php\/wp-json\/wp\/v2\/media?parent=50504"}],"wp:term":[{"taxonomy":"category","embeddable":true,"href":"https:\/\/cp.snarskis.lt\/index.php\/wp-json\/wp\/v2\/categories?post=50504"},{"taxonomy":"post_tag","embeddable":true,"href":"https:\/\/cp.snarskis.lt\/index.php\/wp-json\/wp\/v2\/tags?post=50504"},{"taxonomy":"miestas","embeddable":true,"href":"https:\/\/cp.snarskis.lt\/index.php\/wp-json\/wp\/v2\/miestas?post=50504"}],"curies":[{"name":"wp","href":"https:\/\/api.w.org\/{rel}","templated":true}]}}