{"id":50508,"date":"2026-08-31T16:47:14","date_gmt":"2026-08-31T16:47:14","guid":{"rendered":"https:\/\/cp.snarskis.lt\/index.php\/2026\/08\/31\/johnas-galliano-atsisako-met-gala-retrospektyvos-po-senu-rasistiniu-pareiskimu-nauja-audra\/"},"modified":"2026-08-31T16:47:14","modified_gmt":"2026-08-31T16:47:14","slug":"johnas-galliano-atsisako-met-gala-retrospektyvos-po-senu-rasistiniu-pareiskimu-nauja-audra","status":"publish","type":"post","link":"https:\/\/cp.snarskis.lt\/index.php\/2026\/08\/31\/johnas-galliano-atsisako-met-gala-retrospektyvos-po-senu-rasistiniu-pareiskimu-nauja-audra\/","title":{"rendered":"Johnas Galliano atsisako \u201eMet Gala\u201c retrospektyvos: po sen\u0173 rasistini\u0173 parei\u0161kim\u0173 \u2013 nauja audra"},"content":{"rendered":"<p>Mados dizaineris Johnas Galliano kartu su Niujorko Metropoliteno meno muziejumi nusprend\u0117 atsisakyti planuotos karjeros retrospektyvos, kuri tur\u0117jo b\u016bti pristatyta prie\u0161 2027 met\u0173 \u201eMet Gala\u201c. Sprendimas priimtas augant kritikai d\u0117l praeityje dizainerio i\u0161sakyt\u0173 rasistini\u0173 ir antisemitini\u0173 komentar\u0173.<\/p>\n<p>Paroda tur\u0117jo ap\u017evelgti ry\u0161kiausius k\u016br\u0117jo karjeros etapus, ta\u010diau apie j\u0105 paskelbus vie\u0161ai, i\u0161kart atsinaujino diskusijos d\u0117l Galliano reputacijos ir institucij\u0173 atsakomyb\u0117s. Muziejus prane\u0161\u0117, kad vietoje planuotos ekspozicijos bus rengiamas kitas, kol kas ne\u012fvardytas projektas.<\/p>\n<h2>Sprendimas priimtas bendru sutarimu<\/h2>\n<p>Metropoliteno meno muziejaus vadovas Maxas Holleinas teig\u0117, kad po diskusij\u0173 su dizaineriu nuspr\u0119sta parodos nebet\u0119sti. Pasak jo, tai bendras sprendimas, priimtas \u012fvertinus situacij\u0105 ir vie\u0161\u0105 reakcij\u0105.<\/p>\n<p>Pats Galliano socialiniuose tinkluose paskelb\u0117, kad po apm\u0105stym\u0173 ir pokalbi\u0173 su muziejumi nusprend\u0117, jog \u0161iuo metu parod\u0105 rengti neb\u016bt\u0173 tinkama. Jis pabr\u0117\u017e\u0117 prisiimantis atsakomyb\u0119 u\u017e praeities \u017eod\u017eiais sukelt\u0105 skausm\u0105.<\/p>\n<p>\u201eVisi\u0161kai prisiimu atsakomyb\u0119 u\u017e praeityje pasakytus \u017eod\u017eius, ypa\u010d u\u017e skausm\u0105, kur\u012f suk\u0117liau \u017eyd\u0173 ir Azijos bendruomen\u0117ms, ir d\u0117l to man nuo\u0161ird\u017eiai gaila\u201c, \u2013 sak\u0117 Johnas Galliano.<\/p>\n<h2>Kontroversijos \u0161aknys \u2013 2011 metai<\/h2>\n<p>Galliano karjera ilg\u0105 laik\u0105 buvo siejama su i\u0161skirtiniu k\u016brybi\u0161kumu ir \u012ftaka mados industrijai: devintajame ir de\u0161imtajame de\u0161imtme\u010diuose jis tapo viena ry\u0161kiausi\u0173 fig\u016br\u0173, dirbo Givenchy, v\u0117liau vadovavo \u201eDior\u201c k\u016brybai. Ta\u010diau 2011 metais jo reputacija smarkiai nukent\u0117jo po vie\u0161ai pasklidusio vaizdo \u012fra\u0161o i\u0161 Pary\u017eiaus kavin\u0117s.<\/p>\n<p>Tuomet dizaineris buvo nufilmuotas sakantis antisemitinius ir rasistinius \u012f\u017eeidimus, tarp j\u0173 ir fraz\u0119 \u201eA\u0161 myliu Hitler\u012f\u201c. Po skandalo jis buvo atleistas i\u0161 \u201eDior\u201c, o Pranc\u016bzijoje nuteistas d\u0117l vie\u0161\u0173 \u012f\u017eeidim\u0173, susijusi\u0173 su kilme, religine priklausomybe, rase ar etnine grupe.<\/p>\n<p>Teismas jam skyr\u0117 6 000 eur\u0173 baud\u0105, atmesdamas argument\u0105, kad jis tuo metu buvo emoci\u0161kai pal\u016b\u017e\u0119s. V\u0117liau Galliano ne kart\u0105 atsipra\u0161\u0117, ai\u0161kindamas, kad tuo laikotarpiu kovojo su priklausomyb\u0117mis.<\/p>\n<h2>Kult\u016bros institucij\u0173 reputacijos rizika<\/h2>\n<p>Nors dalis mados pasaulio ilgainiui leido Galliano sugr\u012f\u017eti \u012f industrij\u0105, muziejaus sprendimas rengti retrospektyv\u0105 nuo pat prad\u017ei\u0173 k\u0117l\u0117 klausim\u0173, ar kult\u016bros institucijos netampa reputacijos \u201eplovimo\u201c priemon\u0117mis. Kritikai akcentavo, kad parodos kontekstas nei\u0161vengiamai b\u016bt\u0173 susij\u0119s ne tik su k\u016bryba, bet ir su moraline atsakomybe.<\/p>\n<p>\u012e diskusij\u0105 \u012fsitrauk\u0117 ir Holokausto atminim\u0105 remian\u010dios organizacijos: jos teig\u0117, kad vien parodos at\u0161aukimas nei\u0161sprend\u017eia klausimo, kod\u0117l toks sumanymas apskritai buvo svarstomas. Taip pat pabr\u0117\u017eta, kad augant antisemitizmo aprai\u0161koms vie\u0161ojoje erdv\u0117je, kult\u016bros lyderi\u0173 sprendimai turi ypa\u010d didel\u012f simbolin\u012f svor\u012f.<\/p>\n<p>Metropoliteno muziejus kol kas neatskleid\u0117, koks projektas pakeis at\u0161aukt\u0105 ekspozicij\u0105. Ta\u010diau pati situacija jau tapo platesn\u0117s diskusijos dalimi apie tai, kaip mados ir kult\u016bros institucijos vertina praeities skandalus ir koki\u0105 rib\u0105 br\u0117\u017eia tarp k\u016brybos \u012fvertinimo ir vie\u0161os atsakomyb\u0117s.<\/p>\n","protected":false},"excerpt":{"rendered":"<p>Johnas Galliano ir Metropoliteno meno muziejus at\u0161auk\u0117 planuot\u0105 \u201eMet Gala\u201c retrospektyv\u0105, atsinaujinus kritikai d\u0117l dizainerio praeities parei\u0161kim\u0173.<\/p>\n","protected":false},"author":0,"featured_media":50509,"comment_status":"open","ping_status":"open","sticky":false,"template":"","format":"standard","meta":{"_acf_changed":false,"footnotes":""},"categories":[13],"tags":[4208,21253,39016,39018,8167,39017,640],"miestas":[],"class_list":["post-50508","post","type-post","status-publish","format-standard","has-post-thumbnail","hentry","category-kultura","tag-antisemitizmas","tag-dior","tag-johnas-galliano","tag-mados-industrija","tag-met-gala","tag-metropoliteno-meno-muziejus","tag-rasizmas"],"acf":[],"_links":{"self":[{"href":"https:\/\/cp.snarskis.lt\/index.php\/wp-json\/wp\/v2\/posts\/50508","targetHints":{"allow":["GET"]}}],"collection":[{"href":"https:\/\/cp.snarskis.lt\/index.php\/wp-json\/wp\/v2\/posts"}],"about":[{"href":"https:\/\/cp.snarskis.lt\/index.php\/wp-json\/wp\/v2\/types\/post"}],"replies":[{"embeddable":true,"href":"https:\/\/cp.snarskis.lt\/index.php\/wp-json\/wp\/v2\/comments?post=50508"}],"version-history":[{"count":0,"href":"https:\/\/cp.snarskis.lt\/index.php\/wp-json\/wp\/v2\/posts\/50508\/revisions"}],"wp:featuredmedia":[{"embeddable":true,"href":"https:\/\/cp.snarskis.lt\/index.php\/wp-json\/wp\/v2\/media\/50509"}],"wp:attachment":[{"href":"https:\/\/cp.snarskis.lt\/index.php\/wp-json\/wp\/v2\/media?parent=50508"}],"wp:term":[{"taxonomy":"category","embeddable":true,"href":"https:\/\/cp.snarskis.lt\/index.php\/wp-json\/wp\/v2\/categories?post=50508"},{"taxonomy":"post_tag","embeddable":true,"href":"https:\/\/cp.snarskis.lt\/index.php\/wp-json\/wp\/v2\/tags?post=50508"},{"taxonomy":"miestas","embeddable":true,"href":"https:\/\/cp.snarskis.lt\/index.php\/wp-json\/wp\/v2\/miestas?post=50508"}],"curies":[{"name":"wp","href":"https:\/\/api.w.org\/{rel}","templated":true}]}}