{"id":50527,"date":"2026-08-31T16:51:07","date_gmt":"2026-08-31T16:51:07","guid":{"rendered":"https:\/\/cp.snarskis.lt\/index.php\/2026\/08\/31\/von-der-leyen-perspeja-europa-turi-ruostis-vienu-metu-kylancioms-nelaimems-ir-naujoms-gresmems\/"},"modified":"2026-08-31T16:51:07","modified_gmt":"2026-08-31T16:51:07","slug":"von-der-leyen-perspeja-europa-turi-ruostis-vienu-metu-kylancioms-nelaimems-ir-naujoms-gresmems","status":"publish","type":"post","link":"https:\/\/cp.snarskis.lt\/index.php\/2026\/08\/31\/von-der-leyen-perspeja-europa-turi-ruostis-vienu-metu-kylancioms-nelaimems-ir-naujoms-gresmems\/","title":{"rendered":"Von der Leyen persp\u0117ja: Europa turi ruo\u0161tis vienu metu kylan\u010dioms nelaim\u0117ms ir naujoms gr\u0117sm\u0117ms"},"content":{"rendered":"<h2>Europa \u012fsp\u0117jama ruo\u0161tis naujai realybei<\/h2>\n<p>Europos Komisijos pirminink\u0117 Ursula von der Leyen teigia, kad Europos S\u0105jungai reikia i\u0161 esm\u0117s atnaujinti civilin\u0117s saugos ir reagavimo \u012f krizes model\u012f, nes ekstremal\u016bs \u012fvykiai vis da\u017eniau kyla vienu metu ir skirtingose vietose. Pasak jos, ankstyva ir intensyvi mi\u0161k\u0173 gaisr\u0173 sezono prad\u017eia parod\u0117, kaip greitai nacionalini\u0173 tarnyb\u0173 paj\u0117gumai pasiekia ribas.<\/p>\n<p>Ji kalb\u0117jo Europos ekstremali\u0173j\u0173 situacij\u0173 reagavimo centre, pabr\u0117\u017edama, kad tradicinis po\u017ei\u016bris, kai resursai telkiami tik nelaimei jau \u012fvykus, nebeu\u017etikrina pakankamo saugumo. ES siekia daugiau d\u0117mesio skirti prevencijai, pasirengimui ir ankstesniam rizik\u0173 numatymui.<\/p>\n<p>\u201eTurime b\u016bti pasireng\u0119 pasauliui, kuriame ekstremal\u016bs \u012fvykiai nutinka da\u017eniau, daugiau viet\u0173 ir tuo pa\u010diu metu\u201c, \u2013 sak\u0117 Ursula von der Leyen.<\/p>\n<h2>Gaisrai, kar\u0161\u010dio bangos ir evakuacijos<\/h2>\n<p>Europos Komisijos duomenimis, \u0161iais metais ES teritorijoje ugnis nuniokojo daugiau kaip 600 000 hektar\u0173, tai yra daugiau nei dvigubai vir\u0161ija ilgalaik\u012f dviej\u0173 de\u0161imtme\u010di\u0173 vidurk\u012f. Toks mastas rei\u0161kia didesnes gr\u0117smes \u017emoni\u0173 sveikatai, infrastrukt\u016brai, \u017eem\u0117s \u016bkiui ir ekosistemoms.<\/p>\n<p>Von der Leyen atkreip\u0117 d\u0117mes\u012f, kad nuo baland\u017eio m\u0117nesio ES civilin\u0117s saugos mechanizmas d\u0117l mi\u0161k\u0173 gaisr\u0173 buvo aktyvuotas 10 kart\u0173. Komisija skelb\u0117, kad didel\u0117s rizikos zonose i\u0161 anksto buvo dislokuota beveik 800 ugniagesi\u0173, o per vasar\u0105 talkino komandos i\u0161 25 \u0161ali\u0173.<\/p>\n<p>U\u017e kriz\u0117s valdym\u0105 atsakinga eurokomisar\u0117 Hadja Lahbib teig\u0117, kad d\u0117l gaisr\u0173 \u0161i\u0105 vasar\u0105 teko evakuoti apie 300 000 \u017emoni\u0173. Ji taip pat pabr\u0117\u017e\u0117, kad Europa yra spar\u010diausiai \u0161ylantis \u017eemynas, tod\u0117l ekstremali\u0173 rei\u0161kini\u0173 rizika auga ne teori\u0161kai, o jau dabar.<\/p>\n<p>\u201eTurime strategij\u0105, ta\u010diau privalome didinti temp\u0105, nes klimato kaita jau ne beld\u017eiasi \u012f duris, ji yra kambaryje\u201c, \u2013 sak\u0117 Hadja Lahbib.<\/p>\n<h2>Kur rasti l\u0117\u0161\u0173 pasirengimui?<\/h2>\n<p>Europos Komisija vis da\u017eniau akcentuoja, kad investicijos \u012f prisitaikym\u0105 prie klimato kaitos ir prevencij\u0105 ilgainiui kainuoja ma\u017eiau nei pasikartojan\u010di\u0173 nelaimi\u0173 padarytos \u017ealos padengimas. Tokia logika grind\u017eiamas siekis, kad po kiekvienos kriz\u0117s b\u016bt\u0173 stiprinamos ankstyvo persp\u0117jimo sistemos, rezervai ir tarpvalstybinis paj\u0117g\u0173 suderinamumas.<\/p>\n<p>Vis d\u0117lto finansavimo klausimas tampa politi\u0161kai jautrus, nes dalis ES \u0161ali\u0173 siekia grie\u017etesn\u0117s fiskalin\u0117s drausm\u0117s ir ma\u017eesni\u0173 bendro biud\u017eeto i\u0161laid\u0173, tuo metu art\u0117jant diskusijoms d\u0117l 2027\u20132034 met\u0173 ES daugiamet\u0117s finansin\u0117s programos. Komisija bando \u012frodyti, kad pasirengimo spragos galiausiai atsisuka didesniais ka\u0161tais tiek nacionaliniams biud\u017eetams, tiek bendrajai ES ekonomikai.<\/p>\n<p>Klimato politikos eurokomisaras Wopke Hoekstra yra vie\u0161ai pabr\u0117\u017e\u0119s, kad i\u0161ankstin\u0117s investicijos padeda i\u0161vengti brangiausio scenarijaus, kai valstyb\u0117s nuolat moka u\u017e atstatym\u0105 po gaisr\u0173, potvyni\u0173 ar kit\u0173 stichij\u0173. \u0160i nuostata vis da\u017eniau tampa ES argumentu diskusijose d\u0117l nauj\u0173 finansavimo prioritet\u0173.<\/p>\n<h2>Ne tik stichijos: daug\u0117ja hibridini\u0173 gr\u0117smi\u0173<\/h2>\n<p>ES civilin\u0117s saugos planavimas, pasak Komisijos, vis labiau krypsta nuo atskir\u0173 nelaimi\u0173 link scenarij\u0173, kai vienu metu sutampa kelios kriz\u0117s. Greta potvyni\u0173, mi\u0161k\u0173 gaisr\u0173 ir audr\u0173 vis da\u017eniau minimos kibernetin\u0117s atakos, sabota\u017eas ir kritin\u0117s infrastrukt\u016bros, pavyzd\u017eiui, energetikos ar sveikatos apsaugos sistem\u0173, sutrikdymas.<\/p>\n<p>Toks \u201ehibridini\u0173\u201c gr\u0117smi\u0173 fonas rei\u0161kia, kad kriz\u0117s gali smarkiai paveikti kasdien\u012f gyvenim\u0105 net ir neprimindamos tradicinio karinio konflikto. Komisijoje taip pat skamba si\u016blymai stiprinti gyventoj\u0173 pasirengim\u0105, \u012fskaitant rekomendacijas nam\u0173 \u016bkiams b\u016bti pasiruo\u0161us bent 72 valandas i\u0161siversti savaranki\u0161kai, jei sutrikt\u0173 paslaugos ar tiekimo grandin\u0117s.<\/p>\n<p>Did\u0117jant \u012ftampoms d\u0117l saugumo situacijos Europoje, dalis Rytinio ES pakra\u0161\u010dio atstov\u0173 ragina grei\u010diau imtis koordinuot\u0173 sprendim\u0173 ir stiprinti atsparum\u0105, ypa\u010d regionuose, kuriems gr\u0117smi\u0173 rizika laikoma didesne. Komisijos siun\u010diama \u017einut\u0117 ai\u0161ki: klimato ir saugumo i\u0161\u0161\u016bkiai vis da\u017eniau persidengia, tod\u0117l pasirengimas turi b\u016bti platesnis nei vien reagavimas \u012f stichijas.<\/p>\n","protected":false},"excerpt":{"rendered":"<p>Von der Leyen ragina ES keisti civilin\u0117s saugos model\u012f: gaisrai, kar\u0161\u010dio bangos ir hibridin\u0117s gr\u0117sm\u0117s vis da\u017eniau kyla vienu metu.<\/p>\n","protected":false},"author":0,"featured_media":50528,"comment_status":"open","ping_status":"open","sticky":false,"template":"","format":"standard","meta":{"_acf_changed":false,"footnotes":""},"categories":[13],"tags":[430,3001,667,6223,673,3698,700],"miestas":[],"class_list":["post-50527","post","type-post","status-publish","format-standard","has-post-thumbnail","hentry","category-kultura","tag-civiline-sauga","tag-es-biudzetas","tag-europos-komisija","tag-hibridines-gresmes","tag-klimato-kaita","tag-misku-gaisrai","tag-ursula-von-der-leyen"],"acf":[],"_links":{"self":[{"href":"https:\/\/cp.snarskis.lt\/index.php\/wp-json\/wp\/v2\/posts\/50527","targetHints":{"allow":["GET"]}}],"collection":[{"href":"https:\/\/cp.snarskis.lt\/index.php\/wp-json\/wp\/v2\/posts"}],"about":[{"href":"https:\/\/cp.snarskis.lt\/index.php\/wp-json\/wp\/v2\/types\/post"}],"replies":[{"embeddable":true,"href":"https:\/\/cp.snarskis.lt\/index.php\/wp-json\/wp\/v2\/comments?post=50527"}],"version-history":[{"count":0,"href":"https:\/\/cp.snarskis.lt\/index.php\/wp-json\/wp\/v2\/posts\/50527\/revisions"}],"wp:featuredmedia":[{"embeddable":true,"href":"https:\/\/cp.snarskis.lt\/index.php\/wp-json\/wp\/v2\/media\/50528"}],"wp:attachment":[{"href":"https:\/\/cp.snarskis.lt\/index.php\/wp-json\/wp\/v2\/media?parent=50527"}],"wp:term":[{"taxonomy":"category","embeddable":true,"href":"https:\/\/cp.snarskis.lt\/index.php\/wp-json\/wp\/v2\/categories?post=50527"},{"taxonomy":"post_tag","embeddable":true,"href":"https:\/\/cp.snarskis.lt\/index.php\/wp-json\/wp\/v2\/tags?post=50527"},{"taxonomy":"miestas","embeddable":true,"href":"https:\/\/cp.snarskis.lt\/index.php\/wp-json\/wp\/v2\/miestas?post=50527"}],"curies":[{"name":"wp","href":"https:\/\/api.w.org\/{rel}","templated":true}]}}