{"id":50532,"date":"2026-08-31T16:53:04","date_gmt":"2026-08-31T16:53:04","guid":{"rendered":"https:\/\/cp.snarskis.lt\/index.php\/2026\/08\/31\/pozeminis-protestas-likviduojamoje-wujeko-kasykloje-pgg-ji-vadina-nelegaliu-streiku\/"},"modified":"2026-08-31T16:53:04","modified_gmt":"2026-08-31T16:53:04","slug":"pozeminis-protestas-likviduojamoje-wujeko-kasykloje-pgg-ji-vadina-nelegaliu-streiku","status":"publish","type":"post","link":"https:\/\/cp.snarskis.lt\/index.php\/2026\/08\/31\/pozeminis-protestas-likviduojamoje-wujeko-kasykloje-pgg-ji-vadina-nelegaliu-streiku\/","title":{"rendered":"Po\u017eeminis protestas likviduojamoje Wujeko kasykloje: PGG j\u012f vadina nelegaliu streiku"},"content":{"rendered":"<p>Likviduojamoje Wujeko anglies kasykloje Katovicuose keliolika kalnakasi\u0173 sureng\u0117 po\u017eemin\u012f protest\u0105, o valstybin\u0117 bendrov\u0117 PGG j\u012f \u012fvardijo kaip nelegal\u0173 streik\u0105. \u012emon\u0117 skelbia, kad darbuotoj\u0173 veiksmai neatitinka streikams taikom\u0173 proced\u016br\u0173, ta\u010diau tikina sieksianti susitarimo su \u012fgula.<\/p>\n<p>PGG ai\u0161kina, kad \u012ftampa kilo po prane\u0161t\u0173 vadovyb\u0117s poky\u010di\u0173 ir dalies darbuotoj\u0173 reikalavimo susijusio su laikinojo kasyklos vadovo gynimu. Protestuotojai kur\u012f laik\u0105 atsisak\u0117 dirbti ir liko 680 metr\u0173 gylyje, v\u0117liau po pokalbi\u0173 su darbdavio atstovais pasitrauk\u0117, ta\u010diau dalis \u012fgulos \u012f protest\u0105 gr\u012f\u017eo ir kit\u0105 dien\u0105.<\/p>\n<h2>Gin\u010das d\u0117l likvidavimo eigos<\/h2>\n<p>Protest\u0105 palaikantis profesinis jud\u0117jimas Sierpie\u0144 80 tvirtina, kad pagrindinis nesutarimas susij\u0119s su likvidavimo skaidrumu ir darb\u0173 organizavimu. Pasak profs\u0105jungos, darbuotojai siekia, kad kasykla b\u016bt\u0173 likviduojama kiek \u012fmanoma savo paj\u0117gomis, o i\u0161or\u0117s rangov\u0173 \u012ftraukimas b\u016bt\u0173 ribojamas iki nei\u0161vengiam\u0173 atvej\u0173.<\/p>\n<p>PGG savo ruo\u017etu skelbia, kad nuo 2024 met\u0173 ma\u017eino i\u0161or\u0117s rangov\u0173 apimtis: bendras j\u0173 dalyvavimas darbuose es\u0105 suma\u017eintas beveik 43 proc., o rangov\u0173 \u012fdarbinimas po\u017eeminiuose darbuose vir\u0161ijo 70 proc. ma\u017e\u0117jim\u0105. Bendrov\u0117 pabr\u0117\u017eia, kad siekia likvidavim\u0105 vykdyti kuo pigiau, maksimaliai naudojant savo darbuotoj\u0173 kompetencijas ir turimus resursus.<\/p>\n<p>\u201eStreik\u0105 vertiname kaip nelegal\u0173, bet vis tiek sieksime susitarimo su \u012fgula ir u\u017etikrinti, kad likvidavimo procesas vykt\u0173 m\u016bs\u0173 pa\u010di\u0173 paj\u0117gomis\u201c, \u2013 sak\u0117 PGG atstovas Grzegorzas Wac\u0142awekas.<\/p>\n<h2>Outsourcingas, ka\u0161tai ir teisiniai r\u0117mai<\/h2>\n<p>PGG pateikia ir skai\u010dius apie paslaug\u0173 pirkim\u0105: teigiama, kad anks\u010diau rangovai kasmet i\u0161dr\u0105sdavo gerokai daugiau kasybos i\u0161kas\u0173, o v\u0117lesniais metais apimtys smarkiai sumenko. Bendrov\u0117 taip pat nurodo, jog atskiri profs\u0105jungos minimi sutaupym\u0173 dyd\u017eiai, ypa\u010d susij\u0119 su po\u017eemini\u0173 vanden\u0173 nuvedimu, neva neatitinka reali\u0173 duomen\u0173.<\/p>\n<p>\u012emon\u0117 akcentuoja, kad dal\u012f sprendim\u0173 riboja privalomi teis\u0117s aktai, kurie nustato aplinkosaugos ir saugos reikalavimus, tod\u0117l ne kiekviena i\u0161laid\u0173 eilut\u0117 gali b\u016bti ma\u017einama administraciniu sprendimu. Tuo pat metu profs\u0105jungos atstovai vie\u0161ai kelia klausimus, ar planuojamas modelis nepadidins priklausomyb\u0117s nuo rangov\u0173 ir ar darbuotojai tur\u0117s ai\u0161ki\u0105 informacij\u0105 apie tolesn\u0119 likvidavimo eig\u0105.<\/p>\n<h2>Vadovyb\u0117s sprendimai \u2013 dar viena konflikto a\u0161is<\/h2>\n<p>PGG pabr\u0117\u017eia, kad sprendimai d\u0117l vadov\u0173 skyrimo ar atleidimo priklauso i\u0161imtinei bendrov\u0117s valdybos kompetencijai. \u012emon\u0117 tvirtina, jog personalo sprendimai netur\u0117t\u0173 tapti spaudimo priemone, o darbo gin\u010dai turi b\u016bti sprend\u017eiami nustatyta tvarka.<\/p>\n<p>Wujeko kasykloje anglies gavyba baigta 2021 metais, o nuo baland\u017eio 1 dienos vyksta formalus likvidavimo procesas. Pagal atnaujint\u0105 teisin\u012f reguliavim\u0105 kasykla perduota PGG vidiniam kasykl\u0173 likvidavimo padaliniui, tod\u0117l \u012fmon\u0117 pati tiesiogiai atsakinga u\u017e proceso organizavim\u0105 ir ka\u0161t\u0173 kontrol\u0119.<\/p>\n","protected":false},"excerpt":{"rendered":"<p>Likviduojamoje Wujeko kasykloje Katovicuose kalnakasiai sureng\u0117 po\u017eemin\u012f protest\u0105, o PGG j\u012f vadina nelegaliu streiku ir ai\u0161kina d\u0117l ka\u0161t\u0173 bei rangov\u0173.<\/p>\n","protected":false},"author":0,"featured_media":0,"comment_status":"open","ping_status":"open","sticky":false,"template":"","format":"standard","meta":{"_acf_changed":false,"footnotes":""},"categories":[94],"tags":[102,2758,757,13365,38489,4724,39041],"miestas":[],"class_list":["post-50532","post","type-post","status-publish","format-standard","hentry","category-finansai","tag-dirbtinis-intelektas","tag-kalnakasiai","tag-katovicai","tag-pgg","tag-sierpien-80","tag-streikai","tag-wujeko-kasykla"],"acf":[],"_links":{"self":[{"href":"https:\/\/cp.snarskis.lt\/index.php\/wp-json\/wp\/v2\/posts\/50532","targetHints":{"allow":["GET"]}}],"collection":[{"href":"https:\/\/cp.snarskis.lt\/index.php\/wp-json\/wp\/v2\/posts"}],"about":[{"href":"https:\/\/cp.snarskis.lt\/index.php\/wp-json\/wp\/v2\/types\/post"}],"replies":[{"embeddable":true,"href":"https:\/\/cp.snarskis.lt\/index.php\/wp-json\/wp\/v2\/comments?post=50532"}],"version-history":[{"count":0,"href":"https:\/\/cp.snarskis.lt\/index.php\/wp-json\/wp\/v2\/posts\/50532\/revisions"}],"wp:attachment":[{"href":"https:\/\/cp.snarskis.lt\/index.php\/wp-json\/wp\/v2\/media?parent=50532"}],"wp:term":[{"taxonomy":"category","embeddable":true,"href":"https:\/\/cp.snarskis.lt\/index.php\/wp-json\/wp\/v2\/categories?post=50532"},{"taxonomy":"post_tag","embeddable":true,"href":"https:\/\/cp.snarskis.lt\/index.php\/wp-json\/wp\/v2\/tags?post=50532"},{"taxonomy":"miestas","embeddable":true,"href":"https:\/\/cp.snarskis.lt\/index.php\/wp-json\/wp\/v2\/miestas?post=50532"}],"curies":[{"name":"wp","href":"https:\/\/api.w.org\/{rel}","templated":true}]}}