{"id":50610,"date":"2026-08-31T19:30:55","date_gmt":"2026-08-31T19:30:55","guid":{"rendered":"https:\/\/cp.snarskis.lt\/index.php\/2026\/08\/31\/von-der-leyen-paryziuje-kalbes-apie-europos-kosmoso-skyda-kaip-es-gins-palydovus-ir-rysius\/"},"modified":"2026-08-31T19:30:55","modified_gmt":"2026-08-31T19:30:55","slug":"von-der-leyen-paryziuje-kalbes-apie-europos-kosmoso-skyda-kaip-es-gins-palydovus-ir-rysius","status":"publish","type":"post","link":"https:\/\/cp.snarskis.lt\/index.php\/2026\/08\/31\/von-der-leyen-paryziuje-kalbes-apie-europos-kosmoso-skyda-kaip-es-gins-palydovus-ir-rysius\/","title":{"rendered":"Von der Leyen Pary\u017eiuje kalb\u0117s apie Europos kosmoso skyd\u0105: kaip ES gins palydovus ir ry\u0161ius"},"content":{"rendered":"<p>Europos Komisijos pirminink\u0117 Ursula von der Leyen rugs\u0117jo 10 dien\u0105 Pary\u017eiuje tarptautiniame kosmoso vir\u0161\u016bni\u0173 susitikime sakys kalb\u0105, skirt\u0105 vien kosmoso politikai. Tai b\u016bt\u0173 pirmasis toks jos pasisakymas, sutampantis su augan\u010diu nerimu d\u0117l palydov\u0173 saugumo ir Europos priklausomyb\u0117s nuo kosmini\u0173 sistem\u0173.<\/p>\n<p>Kalba numatoma tuo metu, kai Europos Komisija rengiasi pristatyti Europos kosmoso skyd\u0105, veiksm\u0173 plan\u0105, kuriuo siekiama geriau apsaugoti ES palydovus ir kit\u0105 kosmin\u0119 infrastrukt\u016br\u0105. Briuselyje vis da\u017eniau pabr\u0117\u017eiama, kad saugumo aplinka kosmose ir aplink kosmoso paslaugas tampa vis prie\u0161i\u0161kesn\u0117.<\/p>\n<h2>Palydovai tapo kritine infrastrukt\u016bra<\/h2>\n<p>Palydovai \u0161iandien svarb\u016bs ne tik mokslui ar komercijai, bet ir kasdien\u0117ms paslaugoms: navigacijai, laiko sinchronizacijai, ry\u0161iams, oro ir j\u016br\u0173 transporto valdymui. Jie taip pat yra esmin\u0117 gynybos ir krizini\u0173 situacij\u0173 valdymo dalis, tod\u0117l j\u0173 trikdymas ar sugadinimas gali tur\u0117ti tiesiogini\u0173 pasekmi\u0173 ekonomikai ir saugumui.<\/p>\n<p>Pastaraisiais m\u0117nesiais Baltijos j\u016bros regione daug\u0117jo GPS signal\u0173 trikdymo ir klaidinimo atvej\u0173, d\u0117l kuri\u0173 buvo fiksuojami skryd\u017ei\u0173 ir navigacijos sutrikimai. Tokios atakos da\u017eniausiai priskiriamos hibridini\u0173 gr\u0117smi\u0173 laukui, ta\u010diau Europos institucijose vis garsiau kalbama, kad reali \u017eala gali b\u016bti ne ma\u017eiau rimta nei tradicini\u0173 kibernetini\u0173 atak\u0173.<\/p>\n<h2>K\u0105 gali reik\u0161ti Europos kosmoso skydas?<\/h2>\n<p>Nors detal\u0117s dar neatskleistos, Europos kosmoso skydas tur\u0117t\u0173 apimti priemones, susijusias su palydov\u0173 atsparumu, rizik\u0173 steb\u0117sena ir greitesniu reagavimu \u012f trikdymo incidentus. Vienas svarbiausi\u0173 u\u017edavini\u0173 gali b\u016bti geresnis civilini\u0173 ir karini\u0173 paj\u0117gum\u0173 suderinimas, nes tie patys signalai ir palydoviniai tinklai da\u017enai aptarnauja ir vie\u0161\u0105sias paslaugas, ir gynybos poreikius.<\/p>\n<p>Tik\u0117tina, kad daugiau d\u0117mesio bus skiriama ir alternatyvioms technologijoms, pavyzd\u017eiui, atspariai navigacijai, kai paslaugos gali veikti net ir esant GPS trikdymui. Toks po\u017ei\u016bris dera su platesne ES kryptimi stiprinti kritin\u0117s infrastrukt\u016bros apsaug\u0105 ir ma\u017einti pa\u017eeid\u017eiamum\u0105 nuo i\u0161orini\u0173 veik\u0117j\u0173.<\/p>\n<h2>Pary\u017eiaus susitikimas ir platesnis saugumo kontekstas<\/h2>\n<p>Tarptautin\u012f kosmoso vir\u0161\u016bni\u0173 susitikim\u0105 rugs\u0117jo 9\u201310 dienomis Pary\u017eiuje rengia Pranc\u016bzijos prezidentas Emmanuelis Macronas. Planuojama, kad \u012f rengin\u012f atvyks daugiau nei 120 \u0161ali\u0173 delegacijos, taip pat kosmoso agent\u016br\u0173, pramon\u0117s, mokslo ir kariuomen\u0117s atstovai.<\/p>\n<p>Von der Leyen dalyvavimas anks\u010diau nebuvo skelbtas vie\u0161ai. Jos sprendimas atskirai akcentuoti kosmoso politik\u0105 taip pat siejamas su Europos Komisijos pastangomis stiprinti gynybos ir saugumo krypt\u012f, didinant institucijos vaidmen\u012f srityse, kurios anks\u010diau da\u017eniau buvo siejamos su diplomatine ir saugumo darbotvarke.<\/p>\n<p>\u201eKosmosas tapo kasdienio gyvenimo ir saugumo stuburu, tod\u0117l jo apsauga neb\u0117ra techninis klausimas, o strateginis prioritetas\u201c, \u2013 sak\u0117 vienas su pasirengimu renginiui susipa\u017ein\u0119s pareig\u016bnas.<\/p>\n","protected":false},"excerpt":{"rendered":"<p>Ursula von der Leyen rugs\u0117jo 10 dien\u0105 Pary\u017eiuje pristatys ES krypt\u012f kosmose ir Europos kosmoso skydo plan\u0105, skirt\u0105 palydov\u0173 apsaugai.<\/p>\n","protected":false},"author":0,"featured_media":50611,"comment_status":"open","ping_status":"open","sticky":false,"template":"","format":"standard","meta":{"_acf_changed":false,"footnotes":""},"categories":[7],"tags":[667,27240,100,99,19774,2253,700],"miestas":[],"class_list":["post-50610","post","type-post","status-publish","format-standard","has-post-thumbnail","hentry","category-technologijos","tag-europos-komisija","tag-gps-trikdymas","tag-internetas","tag-kibernetinis-saugumas","tag-kosmoso-politika","tag-palydovai","tag-ursula-von-der-leyen"],"acf":[],"_links":{"self":[{"href":"https:\/\/cp.snarskis.lt\/index.php\/wp-json\/wp\/v2\/posts\/50610","targetHints":{"allow":["GET"]}}],"collection":[{"href":"https:\/\/cp.snarskis.lt\/index.php\/wp-json\/wp\/v2\/posts"}],"about":[{"href":"https:\/\/cp.snarskis.lt\/index.php\/wp-json\/wp\/v2\/types\/post"}],"replies":[{"embeddable":true,"href":"https:\/\/cp.snarskis.lt\/index.php\/wp-json\/wp\/v2\/comments?post=50610"}],"version-history":[{"count":0,"href":"https:\/\/cp.snarskis.lt\/index.php\/wp-json\/wp\/v2\/posts\/50610\/revisions"}],"wp:featuredmedia":[{"embeddable":true,"href":"https:\/\/cp.snarskis.lt\/index.php\/wp-json\/wp\/v2\/media\/50611"}],"wp:attachment":[{"href":"https:\/\/cp.snarskis.lt\/index.php\/wp-json\/wp\/v2\/media?parent=50610"}],"wp:term":[{"taxonomy":"category","embeddable":true,"href":"https:\/\/cp.snarskis.lt\/index.php\/wp-json\/wp\/v2\/categories?post=50610"},{"taxonomy":"post_tag","embeddable":true,"href":"https:\/\/cp.snarskis.lt\/index.php\/wp-json\/wp\/v2\/tags?post=50610"},{"taxonomy":"miestas","embeddable":true,"href":"https:\/\/cp.snarskis.lt\/index.php\/wp-json\/wp\/v2\/miestas?post=50610"}],"curies":[{"name":"wp","href":"https:\/\/api.w.org\/{rel}","templated":true}]}}