{"id":50650,"date":"2026-09-01T01:00:32","date_gmt":"2026-09-01T01:00:32","guid":{"rendered":"https:\/\/cp.snarskis.lt\/index.php\/2026\/09\/01\/vilniuje-pries-rugseji-netiketas-luzis-mokytoju-trukumas-traukiasi-mokyklos-keliasi-i-biurus\/"},"modified":"2026-09-01T01:00:32","modified_gmt":"2026-09-01T01:00:32","slug":"vilniuje-pries-rugseji-netiketas-luzis-mokytoju-trukumas-traukiasi-mokyklos-keliasi-i-biurus","status":"publish","type":"post","link":"https:\/\/cp.snarskis.lt\/index.php\/2026\/09\/01\/vilniuje-pries-rugseji-netiketas-luzis-mokytoju-trukumas-traukiasi-mokyklos-keliasi-i-biurus\/","title":{"rendered":"Vilniuje prie\u0161 rugs\u0117j\u012f \u2013 netik\u0117tas l\u016b\u017eis: mokytoj\u0173 tr\u016bkumas traukiasi, mokyklos keliasi \u012f biurus"},"content":{"rendered":"<p>Vilniaus miesto savivaldyb\u0117 prie\u0161 naujus mokslo metus skelbia fiksuojanti teigiam\u0105 poslink\u012f: mokytoj\u0173 ir \u0161vietimo pagalbos specialist\u0173 tr\u016bkumas mieste ma\u017e\u0117ja, o pri\u0117mimo \u012f mokyklas procesas \u0161iemet vyko skland\u017eiau. Kartu sostin\u0117je \u012fsib\u0117g\u0117ja mokykl\u0173 rekonstrukcijos, kurios daliai bendruomeni\u0173 reik\u0161 laikin\u0105 persik\u0117lim\u0105 \u012f kitas patalpas.<\/p>\n<p>Pasak savivaldyb\u0117s, kasmetin\u0117 apklausa parod\u0117, kad pedagog\u0173 ir \u0161vietimo pagalbos specialist\u0173 tr\u016bkum\u0105 \u0161iemet nurod\u0117 35 proc. apklaust\u0173 \u012fstaig\u0173, kai pernai toki\u0173 buvo 49 proc. Apklausoje dalyvavo 214 savivaldybei pavald\u017ei\u0173 mokykl\u0173 ir dar\u017eeli\u0173, tod\u0117l duomenys atspindi did\u017ei\u0105j\u0105 dal\u012f miesto \u0161vietimo tinklo.<\/p>\n<p>\u201e\u0160\u012f rugs\u0117j\u012f Vilniuje turime kuo pasid\u017eiaugti \u2013 mokytoj\u0173 tr\u016bkumas ma\u017e\u0117ja, pri\u0117mimas \u012f mokyklas \u012fvyko skland\u017eiai, o \u0161vietimo infrastrukt\u016broje vykdome poky\u010dius, kuri\u0173 vilnie\u010diai lauk\u0117 labai ilgai\u201c, \u2013 sak\u0117 Vilniaus vicemeras Vytautas Mitalas.<\/p>\n<h2>Mokytoj\u0173 tr\u016bkumas: ma\u017e\u0117ja, bet rizikos i\u0161lieka<\/h2>\n<p>Savivaldyb\u0117s pateiktais skai\u010diais, ry\u0161kiausiai per metus suma\u017e\u0117jo lietuvi\u0173 kalbos ir matematikos mokytoj\u0173 poreikis. Lietuvi\u0173 kalbos mokytoj\u0173 tr\u016bkumas, lyginant su pernai, ma\u017e\u0117jo nuo 20 iki 9, o matematikos \u2013 nuo 15 iki 7 mokytoj\u0173.<\/p>\n<p>\u0160\u012f pokyt\u012f savivaldyb\u0117 sieja su tikslin\u0117mis priemon\u0117mis: programa \u201ePradedu mokyti Vilniuje\u201c, pedagogikos studij\u0173 finansavimu ir platforma \u201eMokau Vilniuje\u201c, kuri, savivaldyb\u0117s teigimu, per pirmuosius m\u0117nesius pad\u0117jo \u012fstaigoms rasti daugiau nei 50 pedagog\u0173 ir specialist\u0173.<\/p>\n<p>Vis d\u0117lto sostin\u0117 pripa\u017e\u012fsta, kad ilgalaik\u0117 problema niekur nedingo: jaun\u0173 mokytoj\u0173 dalis vis dar sudaro tik 7,5 proc., o pensinio am\u017eiaus mokytoj\u0173 \u2013 12,3 proc. Savivaldyb\u0117 prognozuoja, kad artimiausiais metais did\u017eiausias poreikis formuosis matematikos, gamtos moksl\u0173, u\u017esienio kalb\u0173, istorijos ir men\u0173 srityse.<\/p>\n<h2>Pri\u0117mimas \u012f mokyklas: daugiau ai\u0161kumo \u0161eimoms<\/h2>\n<p>\u0160iemet pri\u0117mimas \u012f Vilniaus mokyklas buvo paankstintas m\u0117nesiu, sutrumpintas sutar\u010di\u0173 pasira\u0161ymo terminas, suformuota daugiau klasi\u0173. Taip pat sugrie\u017etinta tvarka, taikoma norintiems patekti \u012f miesto mokyklas vaikams, kurie n\u0117ra deklaruoti Vilniuje.<\/p>\n<p>Savivaldyb\u0117s teigimu, d\u0117l \u0161i\u0173 sprendim\u0173 dauguma \u0161eim\u0173 dar iki bir\u017eelio 1 dienos jau \u017einojo, \u012f kuri\u0105 mokykl\u0105 vaikas eis. Moksleivi\u0173 skai\u010dius auga: \u0161iemet Vilniaus mokyklose tur\u0117t\u0173 mokytis apie 72,6 t\u016bkst. mokini\u0173, tai yra ma\u017edaug 1 000 daugiau nei pra\u0117jusiais mokslo metais.<\/p>\n<p>I\u0161 viso gauti 27 590 pra\u0161ym\u0173, o savivaldyb\u0117 tvirtina, kad absoliuti dauguma vaik\u0173 jau priimti. Pabr\u0117\u017eiama ir tai, kad laisv\u0173 viet\u0173 mokyklose pakanka visiems dar laukiantiems moksleiviams.<\/p>\n<h2>Rekonstrukcijos ir laikinos klas\u0117s biuruose<\/h2>\n<p>Infrastrukt\u016bros srityje savivaldyb\u0117 \u017eada rekonstrukcij\u0173 prover\u017e\u012f: per penkerius metus planuojama atnaujinti daugiau nei de\u0161imt esam\u0173 mokykl\u0173. \u0160iais mokslo metais poky\u010di\u0173 sulauks Vilniaus kunigaik\u0161\u010dio Gedimino progimnazija, Vilniaus \u0160e\u0161kin\u0117s pradin\u0117 mokykla, Vilniaus \u201eVyturio\u201c pradin\u0117 mokykla ir Vilniaus Fabijoni\u0161ki\u0173 gimnazija.<\/p>\n<p>Rekonstrukcij\u0173 metu dalis mokini\u0173 laikinai mokysis prie Ozo parko esan\u010diose \u201eSimbiocity\u201c biur\u0173 patalpose. Savivaldyb\u0117 nurodo, kad vasar\u0105 jose vyko pritaikymo darbai, kad erdv\u0117s ir lauko teritorijos atitikt\u0173 ugdymo poreikius, taip pat organizuojamas mokini\u0173 pav\u0117\u017e\u0117jimas vie\u0161uoju transportu ir priva\u017eiavimas prie pastat\u0173.<\/p>\n<p>Be jau startuojan\u010di\u0173 rekonstrukcij\u0173, Vilniuje per artimiausius kelerius metus planuojama pastatyti keturias naujas mokyklas ir penkis dar\u017eelius. Taip pat vykdoma \u0161vietimo valdymo pertvarka: savivaldyb\u0117je kuriamas \u0160vietimo ir jaunimo departamentas, kuris tur\u0117t\u0173 prad\u0117ti veikti nuo 2026 met\u0173 spalio 1 dienos.<\/p>\n","protected":false},"excerpt":{"rendered":"<p>Vilnius prie\u0161 naujus mokslo metus skelbia ma\u017e\u0117jant\u012f mokytoj\u0173 tr\u016bkum\u0105, sklandesn\u012f pri\u0117mim\u0105 ir startuojan\u010dias mokykl\u0173 rekonstrukcijas su laikinu persik\u0117limu.<\/p>\n","protected":false},"author":0,"featured_media":50651,"comment_status":"open","ping_status":"open","sticky":false,"template":"","format":"standard","meta":{"_acf_changed":false,"footnotes":""},"categories":[15],"tags":[39133,1758,9306,39134,3678,2946,25172],"miestas":[72],"class_list":["post-50650","post","type-post","status-publish","format-standard","has-post-thumbnail","hentry","category-regionai","tag-mokyklu-rekonstrukcijos","tag-mokytoju-trukumas","tag-priemimas-i-mokyklas","tag-simbiocity","tag-svietimo-infrastruktura","tag-vilniaus-miesto-savivaldybe","tag-vytautas-mitalas","miestas-vilniaus-miesto-savivaldybe"],"acf":[],"_links":{"self":[{"href":"https:\/\/cp.snarskis.lt\/index.php\/wp-json\/wp\/v2\/posts\/50650","targetHints":{"allow":["GET"]}}],"collection":[{"href":"https:\/\/cp.snarskis.lt\/index.php\/wp-json\/wp\/v2\/posts"}],"about":[{"href":"https:\/\/cp.snarskis.lt\/index.php\/wp-json\/wp\/v2\/types\/post"}],"replies":[{"embeddable":true,"href":"https:\/\/cp.snarskis.lt\/index.php\/wp-json\/wp\/v2\/comments?post=50650"}],"version-history":[{"count":0,"href":"https:\/\/cp.snarskis.lt\/index.php\/wp-json\/wp\/v2\/posts\/50650\/revisions"}],"wp:featuredmedia":[{"embeddable":true,"href":"https:\/\/cp.snarskis.lt\/index.php\/wp-json\/wp\/v2\/media\/50651"}],"wp:attachment":[{"href":"https:\/\/cp.snarskis.lt\/index.php\/wp-json\/wp\/v2\/media?parent=50650"}],"wp:term":[{"taxonomy":"category","embeddable":true,"href":"https:\/\/cp.snarskis.lt\/index.php\/wp-json\/wp\/v2\/categories?post=50650"},{"taxonomy":"post_tag","embeddable":true,"href":"https:\/\/cp.snarskis.lt\/index.php\/wp-json\/wp\/v2\/tags?post=50650"},{"taxonomy":"miestas","embeddable":true,"href":"https:\/\/cp.snarskis.lt\/index.php\/wp-json\/wp\/v2\/miestas?post=50650"}],"curies":[{"name":"wp","href":"https:\/\/api.w.org\/{rel}","templated":true}]}}