{"id":50655,"date":"2026-09-01T01:20:47","date_gmt":"2026-09-01T01:20:47","guid":{"rendered":"https:\/\/cp.snarskis.lt\/index.php\/2026\/09\/01\/20-metu-su-vaikais-kaip-vsi-vaiku-ir-paaugliu-socialinis-centras-keicia-likimus-vilniaus-rajone\/"},"modified":"2026-09-01T01:20:47","modified_gmt":"2026-09-01T01:20:47","slug":"20-metu-su-vaikais-kaip-vsi-vaiku-ir-paaugliu-socialinis-centras-keicia-likimus-vilniaus-rajone","status":"publish","type":"post","link":"https:\/\/cp.snarskis.lt\/index.php\/2026\/09\/01\/20-metu-su-vaikais-kaip-vsi-vaiku-ir-paaugliu-socialinis-centras-keicia-likimus-vilniaus-rajone\/","title":{"rendered":"20 met\u0173 su vaikais: kaip V\u0161\u012e \u201eVaik\u0173 ir paaugli\u0173 socialinis centras\u201c kei\u010dia likimus Vilniaus rajone"},"content":{"rendered":"<p>V\u0161\u012e \u201eVaik\u0173 ir paaugli\u0173 socialinis centras\u201c pamin\u0117jo 20 met\u0173 veiklos sukakt\u012f, per kuri\u0105 \u012fstaiga tapo viena svarbiausi\u0173 pagalbos vaikams ir \u0161eimoms atram\u0173 Vilniaus rajone. Min\u0117jime dalyvavo Vilniaus rajono savivaldyb\u0117s vicemeras Algis Vaitkevi\u010dius, kuris mero Roberto Duchnevi\u010diaus vardu pasveikino centro bendruomen\u0119.<\/p>\n<p>Renginio metu pabr\u0117\u017eta, kad nuosekli socialin\u0117 pagalba vaikams da\u017enai prasideda nuo paprast\u0173, bet esmini\u0173 dalyk\u0173: saugios aplinkos, pastovaus ry\u0161io su suaugusiuoju ir ai\u0161ki\u0173 kasdien\u0117s rutinos taisykli\u0173. Tai ypa\u010d svarbu vaikams, patiriantiems \u0161eimos krizes, emocinius sunkumus ar socialin\u0119 atskirt\u012f.<\/p>\n<p>\u201eDvide\u0161imt met\u0173 \u2013 tai vis\u0173 pirma \u017emon\u0117s, kurie kasdien yra \u0161alia vaik\u0173, padeda jiems \u012fveikti sunkumus, atrasti savo stiprybes ir patik\u0117ti savimi. Noriu pad\u0117koti kiekvienam centro darbuotojui u\u017e jautrum\u0105, kantryb\u0119 ir atsakomyb\u0119\u201c, \u2013 sak\u0117 Algis Vaitkevi\u010dius.<\/p>\n<p>Per du de\u0161imtme\u010dius centras pl\u0117tojo kelias pagrindines kryptis: pagalb\u0105 vaikams, netekusiems t\u0117v\u0173 globos, dienos centro veikl\u0105 bei socialinius projektus, skirtus \u0161eim\u0173 stiprinimui. Praktikoje tai rei\u0161kia ne tik u\u017eimtum\u0105 po pamok\u0173, bet ir socialini\u0173 \u012fg\u016bd\u017ei\u0173 ugdym\u0105, emocin\u0117s savireguliacijos stiprinim\u0105, pagalb\u0105 mokantis ir konsultavim\u0105.<\/p>\n<p>Socialini\u0173 paslaug\u0173 srityje vis da\u017eniau akcentuojama ankstyvosios intervencijos svarba, kai pagalba \u0161eimai ir vaikui suteikiama dar iki krizei tampant nevaldoma. Tokie centrai savivaldyb\u0117ms tampa partneriais, padedan\u010diais u\u017etikrinti, kad vaikas kuo ilgiau gal\u0117t\u0173 augti saugioje aplinkoje, o pagalba b\u016bt\u0173 pasiekiama ar\u010diau kasdienio gyvenimo.<\/p>\n<p>Jubiliejus tapo proga pad\u0117koti darbuotojams ir partneriams, o kartu priminti, kad vaik\u0173 gerov\u0119 lemia ilgalaikis, nuoseklus darbas. Centro bendruomen\u0117 pabr\u0117\u017e\u0117, jog svarbiausias rezultatas yra ne statistika, o real\u016bs poky\u010diai vaik\u0173 gyvenimuose, kai jie v\u0117l pradeda pasitik\u0117ti savimi ir ateitimi.<\/p>\n","protected":false},"excerpt":{"rendered":"<p>V\u0161\u012e \u201eVaik\u0173 ir paaugli\u0173 socialinis centras\u201c pa\u017eym\u0117jo 20 met\u0173 sukakt\u012f: \u012fstaiga Vilniaus rajone teikia glob\u0105, dienos centro paslaugas ir socialin\u0119 pagalb\u0105 \u0161eimoms.<\/p>\n","protected":false},"author":0,"featured_media":50656,"comment_status":"open","ping_status":"open","sticky":false,"template":"","format":"standard","meta":{"_acf_changed":false,"footnotes":""},"categories":[15],"tags":[21600,12087,2942,533,7136,6244,1368],"miestas":[71],"class_list":["post-50655","post","type-post","status-publish","format-standard","has-post-thumbnail","hentry","category-regionai","tag-algis-vaitkevicius","tag-dienos-centrai","tag-robert-duchnevic","tag-socialines-paslaugos","tag-vaiku-gerove","tag-vaiku-globa","tag-vilniaus-rajono-savivaldybe","miestas-vilniaus-rajono-savivaldybe"],"acf":[],"_links":{"self":[{"href":"https:\/\/cp.snarskis.lt\/index.php\/wp-json\/wp\/v2\/posts\/50655","targetHints":{"allow":["GET"]}}],"collection":[{"href":"https:\/\/cp.snarskis.lt\/index.php\/wp-json\/wp\/v2\/posts"}],"about":[{"href":"https:\/\/cp.snarskis.lt\/index.php\/wp-json\/wp\/v2\/types\/post"}],"replies":[{"embeddable":true,"href":"https:\/\/cp.snarskis.lt\/index.php\/wp-json\/wp\/v2\/comments?post=50655"}],"version-history":[{"count":0,"href":"https:\/\/cp.snarskis.lt\/index.php\/wp-json\/wp\/v2\/posts\/50655\/revisions"}],"wp:featuredmedia":[{"embeddable":true,"href":"https:\/\/cp.snarskis.lt\/index.php\/wp-json\/wp\/v2\/media\/50656"}],"wp:attachment":[{"href":"https:\/\/cp.snarskis.lt\/index.php\/wp-json\/wp\/v2\/media?parent=50655"}],"wp:term":[{"taxonomy":"category","embeddable":true,"href":"https:\/\/cp.snarskis.lt\/index.php\/wp-json\/wp\/v2\/categories?post=50655"},{"taxonomy":"post_tag","embeddable":true,"href":"https:\/\/cp.snarskis.lt\/index.php\/wp-json\/wp\/v2\/tags?post=50655"},{"taxonomy":"miestas","embeddable":true,"href":"https:\/\/cp.snarskis.lt\/index.php\/wp-json\/wp\/v2\/miestas?post=50655"}],"curies":[{"name":"wp","href":"https:\/\/api.w.org\/{rel}","templated":true}]}}