{"id":50681,"date":"2026-09-01T01:41:26","date_gmt":"2026-09-01T01:41:26","guid":{"rendered":"https:\/\/cp.snarskis.lt\/index.php\/2026\/09\/01\/koordinatoriai-rokiskyje-pamate-kas-keicia-negalia-turinciu-zmoniu-kasdienybe-sprendimai-prieinamumui\/"},"modified":"2026-09-01T01:41:26","modified_gmt":"2026-09-01T01:41:26","slug":"koordinatoriai-rokiskyje-pamate-kas-keicia-negalia-turinciu-zmoniu-kasdienybe-sprendimai-prieinamumui","status":"publish","type":"post","link":"https:\/\/cp.snarskis.lt\/index.php\/2026\/09\/01\/koordinatoriai-rokiskyje-pamate-kas-keicia-negalia-turinciu-zmoniu-kasdienybe-sprendimai-prieinamumui\/","title":{"rendered":"Koordinatoriai Roki\u0161kyje pamat\u0117, kas kei\u010dia negali\u0105 turin\u010di\u0173 \u017emoni\u0173 kasdienyb\u0119: sprendimai prieinamumui"},"content":{"rendered":"<p>Rugpj\u016b\u010dio 26 dien\u0105 Roki\u0161kyje \u012fvyko asmen\u0173 su negalia reikal\u0173 koordinatori\u0173 susitikimas, kuriame daugiausia d\u0117mesio skirta socialin\u0117s globos ir bendruomenini\u0173 paslaug\u0173 prieinamumui. Jame dalyvavo ir Zaras\u0173 rajono savivaldyb\u0117s administracijos asmen\u0173 su negalia reikal\u0173 koordinator\u0117 Erika Jaru\u0161evi\u010dien\u0117.<\/p>\n<p>Susitikime aptarta, kaip praktiniais sprendimais gerinti aplinkos pritaikym\u0105 ir paslaug\u0173 pasiekiamum\u0105 \u017emon\u0117ms, turintiems sunki\u0105 negali\u0105. Akcentuota, kad prieinamumas n\u0117ra vien ramp\u0173 klausimas: svarbus ai\u0161kus paslaug\u0173 kelias, nuosekli pagalba ir realiai veikiantys sprendimai kasdien\u0117se situacijose.<\/p>\n<p>Dalyviai lank\u0117si Skem\u0173 socialin\u0117s globos namuose ir susipa\u017eino su teikiamomis socialin\u0117s globos bei kitomis paslaugomis. Aptartos galimyb\u0117s pritaikyti erdves taip, kad jos didint\u0173 gyventoj\u0173 savaranki\u0161kum\u0105, u\u017etikrint\u0173 saugum\u0105 ir pad\u0117t\u0173 i\u0161laikyti kuo auk\u0161tesn\u0119 gyvenimo kokyb\u0119.<\/p>\n<p>V\u0117liau koordinatoriai apsilank\u0117 grupinio gyvenimo namuose, bendravo su gyventojais ir \u012fvertino, koki\u0105 \u012ftak\u0105 kasdieniam gyvenimui daro individuali pagalba ir artimesn\u0117 bendruomenei aplinka. Tokie sprendimai siejami su per\u0117jimu nuo institucin\u0117s globos prie bendruomen\u0117je teikiam\u0173 paslaug\u0173, kai \u017emogui sudaromos s\u0105lygos gyventi kuo \u012fprastesn\u012f gyvenim\u0105.<\/p>\n<p>Socialin\u0117se dirbtuv\u0117se pristatytos u\u017eimtumo veiklos, savaranki\u0161kumo \u012fg\u016bd\u017ei\u0173 ugdymas ir galimyb\u0117s \u012fsitraukti \u012f bendruomen\u0117s gyvenim\u0105. Susitikimo dalyviai pabr\u0117\u017e\u0117, kad prasmingas u\u017eimtumas ir darbini\u0173 \u012fg\u016bd\u017ei\u0173 stiprinimas ma\u017eina socialin\u0119 atskirt\u012f, o paslaug\u0173 t\u0119stinumas da\u017enai tampa lemiamu veiksniu siekiant ilgalaiki\u0173 rezultat\u0173.<\/p>\n<p>Organizatoriai pad\u0117kojo Skem\u0173 socialin\u0117s globos nam\u0173 bei vie\u0161osios \u012fstaigos \u201eJautri \u0161irdis\u201c administracijoms u\u017e paslaug\u0173 pristatym\u0105 ir pasidalyt\u0105 patirt\u012f. Taip pat pad\u0117kota Roki\u0161kio rajono savivaldyb\u0117s administracijos Socialin\u0117s paramos ir sveikatos skyriaus atstovams bei Roki\u0161kio asmen\u0173 su negalia draugijai u\u017e susitikimui suteiktas patalpas.<\/p>\n<p>Koordinatori\u0173 susitikimai vertinami kaip svarbi platforma keistis praktika tarp savivaldybi\u0173 ir palyginti, kurie sprendimai realiai veikia skirtingomis s\u0105lygomis. Tikimasi, kad ger\u0173j\u0173 pavyzd\u017ei\u0173 per\u0117mimas pad\u0117s kryptingiau u\u017etikrinti prieinamas ir individualius poreikius atitinkan\u010dias paslaugas \u017emon\u0117ms su negalia.<\/p>\n","protected":false},"excerpt":{"rendered":"<p>Roki\u0161kyje susitik\u0119 savivaldybi\u0173 koordinatoriai aptar\u0117, kaip gerinti socialin\u0117s globos ir bendruomenini\u0173 paslaug\u0173 prieinamum\u0105 \u017emon\u0117ms su negalia.<\/p>\n","protected":false},"author":0,"featured_media":50682,"comment_status":"open","ping_status":"open","sticky":false,"template":"","format":"standard","meta":{"_acf_changed":false,"footnotes":""},"categories":[15],"tags":[1854,1177,815,20318,39151,7981,1181],"miestas":[62],"class_list":["post-50681","post","type-post","status-publish","format-standard","has-post-thumbnail","hentry","category-regionai","tag-asmenys-su-negalia","tag-bendruomenines-paslaugos","tag-prieinamumas","tag-rokiskis","tag-skemu-socialines-globos-namai","tag-socialine-globa","tag-zarasu-rajono-savivaldybe","miestas-zarasu-rajono-savivaldybe"],"acf":[],"_links":{"self":[{"href":"https:\/\/cp.snarskis.lt\/index.php\/wp-json\/wp\/v2\/posts\/50681","targetHints":{"allow":["GET"]}}],"collection":[{"href":"https:\/\/cp.snarskis.lt\/index.php\/wp-json\/wp\/v2\/posts"}],"about":[{"href":"https:\/\/cp.snarskis.lt\/index.php\/wp-json\/wp\/v2\/types\/post"}],"replies":[{"embeddable":true,"href":"https:\/\/cp.snarskis.lt\/index.php\/wp-json\/wp\/v2\/comments?post=50681"}],"version-history":[{"count":0,"href":"https:\/\/cp.snarskis.lt\/index.php\/wp-json\/wp\/v2\/posts\/50681\/revisions"}],"wp:featuredmedia":[{"embeddable":true,"href":"https:\/\/cp.snarskis.lt\/index.php\/wp-json\/wp\/v2\/media\/50682"}],"wp:attachment":[{"href":"https:\/\/cp.snarskis.lt\/index.php\/wp-json\/wp\/v2\/media?parent=50681"}],"wp:term":[{"taxonomy":"category","embeddable":true,"href":"https:\/\/cp.snarskis.lt\/index.php\/wp-json\/wp\/v2\/categories?post=50681"},{"taxonomy":"post_tag","embeddable":true,"href":"https:\/\/cp.snarskis.lt\/index.php\/wp-json\/wp\/v2\/tags?post=50681"},{"taxonomy":"miestas","embeddable":true,"href":"https:\/\/cp.snarskis.lt\/index.php\/wp-json\/wp\/v2\/miestas?post=50681"}],"curies":[{"name":"wp","href":"https:\/\/api.w.org\/{rel}","templated":true}]}}