{"id":50729,"date":"2026-09-01T10:25:39","date_gmt":"2026-09-01T10:25:39","guid":{"rendered":"https:\/\/cp.snarskis.lt\/index.php\/2026\/09\/01\/rugsejo-1-oji-vilkaviskio-rajone-kiek-mokiniu-sugrizo-i-klases-ir-ka-zada-meras\/"},"modified":"2026-09-01T10:25:39","modified_gmt":"2026-09-01T10:25:39","slug":"rugsejo-1-oji-vilkaviskio-rajone-kiek-mokiniu-sugrizo-i-klases-ir-ka-zada-meras","status":"publish","type":"post","link":"https:\/\/cp.snarskis.lt\/index.php\/2026\/09\/01\/rugsejo-1-oji-vilkaviskio-rajone-kiek-mokiniu-sugrizo-i-klases-ir-ka-zada-meras\/","title":{"rendered":"Rugs\u0117jo 1-oji Vilkavi\u0161kio rajone: kiek mokini\u0173 sugr\u012f\u017eo \u012f klases ir k\u0105 \u017eada meras"},"content":{"rendered":"<p>Rugs\u0117jo 1-\u0105j\u0105 Vilkavi\u0161kio rajono ugdymo \u012fstaigose nuaid\u0117jo pirmasis skambutis, oficialiai prad\u0117j\u0119s naujus mokslo metus. Mokyklos sugr\u012f\u017etan\u010dius mokinius ir mokytojus pasitiko Mokslo ir \u017eini\u0173 dienai skirtomis \u0161vent\u0117mis.<\/p>\n<p>Vilkavi\u0161kio rajono bendrojo ugdymo mokyklose \u0161iais metais mokysis 3 512 mokini\u0173. I\u0161 j\u0173 270 yra pirmokai, o 235 pradeda paskutinius, dvyliktuosius, mokslo metus.<\/p>\n<p>Rajone veikia ir ikimokyklinio bei prie\u0161mokyklinio ugdymo grup\u0117s: prie\u0161mokyklin\u012f ugdym\u0105 lankys 232 vaikai, o ikimokyklin\u012f ugdym\u0105 \u0161iemet pradeda 1 050 ma\u017e\u0173j\u0173. Tokie skai\u010diai leid\u017eia savivaldybei tiksliau planuoti klasi\u0173 komplektavim\u0105, pav\u0117\u017e\u0117jim\u0105 ir \u0161vietimo pagalbos poreik\u012f.<\/p>\n<p>Vilkavi\u0161kio miesto mokykl\u0173 bendruomen\u0117s mokslo met\u0173 prad\u017ei\u0105 pasitiko \u0161v. Mi\u0161iomis Vilkavi\u0161kio \u0160v\u010d. Mergel\u0117s Marijos Apsilankymo katedroje. Po j\u0173 mokiniai ir mokytojai rinkosi \u012f savo ugdymo \u012fstaigas, kur t\u0119s\u0117si Rugs\u0117jo 1-osios renginiai.<\/p>\n<p>\u0160ventin\u0119 dien\u0105 Vilkavi\u0161kio rajono savivaldyb\u0117s meras Algirdas Neiberka lank\u0117si Vilkavi\u0161kio \u201e\u0104\u017euolo\u201c progimnazijoje ir Vilkavi\u0161kio men\u0173 mokykloje. Susitikimuose su bendruomen\u0117mis jis akcentavo mokymosi motyvacijos ir nuoseklaus darbo svarb\u0105, o pedagogams link\u0117jo stipryb\u0117s ir \u012fkv\u0117pimo.<\/p>\n<p>\u201eKiekviena Rugs\u0117jo 1-oji \u2013 nauja prad\u017eia, atverianti duris \u017einioms, atradimams ir naujoms patirtims. Linkiu, kad mokiniams nepritr\u016bkt\u0173 smalsumo ir noro tobul\u0117ti, o mokytojams \u2013 \u012fkv\u0117pimo ir d\u017eiaugsmo matant augan\u010dius savo mokinius\u201c, \u2013 sak\u0117 Algirdas Neiberka.<\/p>\n<p>\u012e kitas rajono ugdymo \u012fstaigas vyko ir savivaldyb\u0117s vadov\u0173 komanda. Vicemer\u0117 Daiva Riklien\u0117 sveikino Pilvi\u0161ki\u0173 \u201eSantakos\u201c gimnazijos bendruomen\u0119, taip pat lank\u0117si Marijampol\u0117s profesinio rengimo centro Vilkavi\u0161kio skyriuje.<\/p>\n<p>Savivaldyb\u0117s administracijos direktorius Vitas Gav\u0117nas dalyvavo Vilkavi\u0161kio r. Kazimiero Bar\u0161ausko mokyklos-daugiafunkcio centro Keturvalaki\u0173 ir Gi\u017e\u0173 skyriuose vykusiose \u0161vent\u0117se. Rajono ugdymo \u012fstaigose taip pat lank\u0117si Savivaldyb\u0117s administracijos \u0160vietimo, kult\u016bros ir sporto skyriaus specialistai.<\/p>\n<p>Naujus mokslo metus mokyklos pasitinka ne tik su \u0161ventine nuotaika, bet ir su kasdieniais i\u0161\u0161\u016bkiais: ugdymo kokyb\u0117s u\u017etikrinimu, mokini\u0173 gerove, pagalbos specialist\u0173 poreikiu bei skaitmenini\u0173 priemoni\u0173 taikymu pamokose. Savivaldyb\u0117 pabr\u0117\u017eia, kad bendruomen\u0117s \u012fsitraukimas ir nuolatinis dialogas tarp mokyklos, \u0161eimos ir institucij\u0173 i\u0161lieka vienu svarbiausi\u0173 s\u0117km\u0117s veiksni\u0173.<\/p>\n","protected":false},"excerpt":{"rendered":"<p>Vilkavi\u0161kio rajono mokyklose mokslo metus prad\u0117jo 3 512 mokini\u0173: kiek pirmok\u0173 ir dvyliktok\u0173, kur vyko \u0161vent\u0117s ir k\u0105 link\u0117jo meras.<\/p>\n","protected":false},"author":0,"featured_media":0,"comment_status":"open","ping_status":"open","sticky":false,"template":"","format":"standard","meta":{"_acf_changed":false,"footnotes":""},"categories":[15],"tags":[1423,39169,36288,4303,25124,36287,1422],"miestas":[80],"class_list":["post-50729","post","type-post","status-publish","format-standard","hentry","category-regionai","tag-algirdas-neiberka","tag-dvyliktokai","tag-mokslo-ir-ziniu-diena","tag-mokyklos","tag-pirmokai","tag-rugsejo-1-oji","tag-vilkaviskio-rajono-savivaldybe","miestas-vilkaviskio-rajono-savivaldybe"],"acf":[],"_links":{"self":[{"href":"https:\/\/cp.snarskis.lt\/index.php\/wp-json\/wp\/v2\/posts\/50729","targetHints":{"allow":["GET"]}}],"collection":[{"href":"https:\/\/cp.snarskis.lt\/index.php\/wp-json\/wp\/v2\/posts"}],"about":[{"href":"https:\/\/cp.snarskis.lt\/index.php\/wp-json\/wp\/v2\/types\/post"}],"replies":[{"embeddable":true,"href":"https:\/\/cp.snarskis.lt\/index.php\/wp-json\/wp\/v2\/comments?post=50729"}],"version-history":[{"count":0,"href":"https:\/\/cp.snarskis.lt\/index.php\/wp-json\/wp\/v2\/posts\/50729\/revisions"}],"wp:attachment":[{"href":"https:\/\/cp.snarskis.lt\/index.php\/wp-json\/wp\/v2\/media?parent=50729"}],"wp:term":[{"taxonomy":"category","embeddable":true,"href":"https:\/\/cp.snarskis.lt\/index.php\/wp-json\/wp\/v2\/categories?post=50729"},{"taxonomy":"post_tag","embeddable":true,"href":"https:\/\/cp.snarskis.lt\/index.php\/wp-json\/wp\/v2\/tags?post=50729"},{"taxonomy":"miestas","embeddable":true,"href":"https:\/\/cp.snarskis.lt\/index.php\/wp-json\/wp\/v2\/miestas?post=50729"}],"curies":[{"name":"wp","href":"https:\/\/api.w.org\/{rel}","templated":true}]}}