{"id":50739,"date":"2026-09-01T11:49:40","date_gmt":"2026-09-01T11:49:40","guid":{"rendered":"https:\/\/cp.snarskis.lt\/index.php\/2026\/09\/01\/po-15-metu-apple-vaira-palieka-timas-cookas-nuo-rugsejo-vadovaus-johnas-ternusas\/"},"modified":"2026-09-01T11:49:40","modified_gmt":"2026-09-01T11:49:40","slug":"po-15-metu-apple-vaira-palieka-timas-cookas-nuo-rugsejo-vadovaus-johnas-ternusas","status":"publish","type":"post","link":"https:\/\/cp.snarskis.lt\/index.php\/2026\/09\/01\/po-15-metu-apple-vaira-palieka-timas-cookas-nuo-rugsejo-vadovaus-johnas-ternusas\/","title":{"rendered":"Po 15 met\u0173 \u201eApple\u201c vair\u0105 palieka Timas Cookas: nuo rugs\u0117jo vadovaus Johnas Ternusas"},"content":{"rendered":"<p>\u201eApple\u201c prane\u0161\u0117, kad baigiasi 15 met\u0173 trukusi Timo Cooko kadencija generalinio direktoriaus pareigose. Nuo rugs\u0117jo 1 dienos \u012fmon\u0117s vadovo post\u0105 perims ilgametis aparatin\u0117s \u012frangos padalinio vadovas Johnas Ternusas, o Timas Cookas liks bendrov\u0117je naujai sukurtoje vykdomojo pirmininko pozicijoje.<\/p>\n<p>\u0160i rokiruot\u0117 rei\u0161kia ne tik simbolin\u012f kart\u0173 pasikeitim\u0105, bet ir ai\u0161k\u0173 signal\u0105 rinkai: \u201eApple\u201c ketina perbrai\u017eyti prioritetus konkurencijoje d\u0117l paslaug\u0173 augimo, kainodaros ir DI strategijos. Investuotojai paprastai jautriai reaguoja \u012f vadov\u0173 pasikeitimus, nes nuo j\u0173 priklauso tiek produkt\u0173 kryptis, tiek kapitalo paskirstymas.<\/p>\n<h2>Ko tikimasi i\u0161 naujo vadovo?<\/h2>\n<p>Johnas Ternusas \u201eApple\u201c viduje siejamas su \u012frengini\u0173 k\u016brimo ir tiekimo grandin\u0117s sprendimais, tod\u0117l rinka tikisi pragmati\u0161ko po\u017ei\u016brio \u012f produkt\u0173 ciklus. Jo pirmasis didelis vie\u0161as testas numatomas rugs\u0117jo 9 dien\u0105, kai planuojamas naujo \u201eiPhone\u201c pristatymas ir galima u\u017euomina apie artimiausi\u0173 met\u0173 bendrov\u0117s kurs\u0105.<\/p>\n<p>Analitik\u0173 akiratyje bus keli klausimai: kaip spar\u010diai \u201eApple\u201c geb\u0117s pl\u0117sti DI sprendimus savo ekosistemoje, kaip toliau augs paslaug\u0173 segmentas ir ar keisis nauj\u0173 \u201eiPhone\u201c modeli\u0173 kainodara. Pastaraisiais metais b\u016btent paslaugos tapo svarbia pelno stabilumo atrama, tod\u0117l bet koks strategijos pos\u016bkis gali tur\u0117ti tiesiogin\u0119 \u012ftak\u0105 finansiniams rezultatams.<\/p>\n<h2>Tiekimo grandin\u0117s spaudimas ir geopolitika<\/h2>\n<p>Vadov\u0173 pasikeitimas vyksta tuo metu, kai technologij\u0173 gamintojai vis labiau priklausomi nuo geopolitini\u0173 sprendim\u0173 ir gamybos geografijos. \u201eApple\u201c tenka balansuoti tarp gamybos partneri\u0173 Azijoje, lust\u0173 tiekimo u\u017etikrinimo ir reguliacini\u0173 reikalavim\u0173 skirtingose rinkose, o bet kokie trikd\u017eiai gali atsiliepti produkt\u0173 prieinamumui bei mar\u017eoms.<\/p>\n<p>Ne ma\u017eiau svarbu ir tai, kaip bendrov\u0117 valdys santykius su partneriais Indijoje, Vietname ir Kinijoje, kur telkiasi reik\u0161minga gamybos dalis. \u201eApple\u201c pastangos diversifikuoti gamyb\u0105 vertinamos kaip ilgalaik\u0117s rizikos ma\u017einimas, ta\u010diau tokie poky\u010diai paprastai reikalauja laiko ir papildom\u0173 investicij\u0173.<\/p>\n<h2>15 met\u0173 skai\u010diais: kaip keit\u0117si \u201eApple\u201c<\/h2>\n<p>Per Timo Cooko vadovavimo laikotarp\u012f \u201eApple\u201c smarkiai i\u0161augo: 2011 metais \u012fmon\u0117s pajamos siek\u0117 108 mlrd. JAV doleri\u0173, o pernai \u2013 416 mlrd. JAV doleri\u0173. Konvertavus apytikriu 0,92 euro u\u017e doler\u012f kursu, tai b\u016bt\u0173 atitinkamai apie 99 mlrd. eur\u0173 ir apie 383 mlrd. eur\u0173.<\/p>\n<p>Bendrov\u0117 pabr\u0117\u017eia, kad Timas Cookas visi\u0161kai nepasitraukia: vykdomojo pirmininko pareigose jis tur\u0117t\u0173 koncentruotis \u012f ry\u0161ius su partneriais ir vald\u017eios institucijomis visame pasaulyje. Tokia schema leid\u017eia u\u017etikrinti t\u0119stinum\u0105, kai naujasis vadovas perima kasdien\u012f operacij\u0173 ir produkt\u0173 strategijos valdym\u0105.<\/p>\n<p>\u201eRinkos, bent jau pirmuoju laikotarpiu, atid\u017eiai steb\u0117s nauj\u0105 \u201eApple\u201c vadov\u0105 ir jo sprendimus d\u0117l DI program\u0173 mastelio, paslaug\u0173 strategijos ir \u201eiPhone\u201c kainodaros\u201c, \u2013 teigiama komentare apie vadovyb\u0117s poky\u010dius.<\/p>\n","protected":false},"excerpt":{"rendered":"<p>\u201eApple\u201c skelbia vadov\u0173 rokiruot\u0119: po 15 met\u0173 generalinio direktoriaus pareigas palieka Timas Cookas, o nuo rugs\u0117jo vadovaus Johnas Ternusas.<\/p>\n","protected":false},"author":0,"featured_media":0,"comment_status":"open","ping_status":"open","sticky":false,"template":"","format":"standard","meta":{"_acf_changed":false,"footnotes":""},"categories":[7],"tags":[1571,102,6153,33668,819,2778,6151],"miestas":[],"class_list":["post-50739","post","type-post","status-publish","format-standard","hentry","category-technologijos","tag-apple","tag-dirbtinis-intelektas","tag-iphone","tag-johnas-ternusas","tag-lustai","tag-tiekimo-grandine","tag-timas-cookas"],"acf":[],"_links":{"self":[{"href":"https:\/\/cp.snarskis.lt\/index.php\/wp-json\/wp\/v2\/posts\/50739","targetHints":{"allow":["GET"]}}],"collection":[{"href":"https:\/\/cp.snarskis.lt\/index.php\/wp-json\/wp\/v2\/posts"}],"about":[{"href":"https:\/\/cp.snarskis.lt\/index.php\/wp-json\/wp\/v2\/types\/post"}],"replies":[{"embeddable":true,"href":"https:\/\/cp.snarskis.lt\/index.php\/wp-json\/wp\/v2\/comments?post=50739"}],"version-history":[{"count":0,"href":"https:\/\/cp.snarskis.lt\/index.php\/wp-json\/wp\/v2\/posts\/50739\/revisions"}],"wp:attachment":[{"href":"https:\/\/cp.snarskis.lt\/index.php\/wp-json\/wp\/v2\/media?parent=50739"}],"wp:term":[{"taxonomy":"category","embeddable":true,"href":"https:\/\/cp.snarskis.lt\/index.php\/wp-json\/wp\/v2\/categories?post=50739"},{"taxonomy":"post_tag","embeddable":true,"href":"https:\/\/cp.snarskis.lt\/index.php\/wp-json\/wp\/v2\/tags?post=50739"},{"taxonomy":"miestas","embeddable":true,"href":"https:\/\/cp.snarskis.lt\/index.php\/wp-json\/wp\/v2\/miestas?post=50739"}],"curies":[{"name":"wp","href":"https:\/\/api.w.org\/{rel}","templated":true}]}}