{"id":50749,"date":"2026-09-01T12:43:28","date_gmt":"2026-09-01T12:43:28","guid":{"rendered":"https:\/\/cp.snarskis.lt\/index.php\/2026\/09\/01\/algis-kaseta-kreipesi-del-rugsejo-1-osios-primine-kuo-issiskiria-varenos-pedagogai\/"},"modified":"2026-09-01T12:43:28","modified_gmt":"2026-09-01T12:43:28","slug":"algis-kaseta-kreipesi-del-rugsejo-1-osios-primine-kuo-issiskiria-varenos-pedagogai","status":"publish","type":"post","link":"https:\/\/cp.snarskis.lt\/index.php\/2026\/09\/01\/algis-kaseta-kreipesi-del-rugsejo-1-osios-primine-kuo-issiskiria-varenos-pedagogai\/","title":{"rendered":"Algis Ka\u0161\u0117ta kreip\u0117si d\u0117l Rugs\u0117jo 1-osios: primin\u0117, kuo i\u0161siskiria Var\u0117nos pedagogai"},"content":{"rendered":"<p>Var\u0117nos rajono savivaldyb\u0117s meras Algis Ka\u0161\u0117ta, art\u0117jant Mokslo ir \u017eini\u0173 dienai, paskelb\u0117 sveikinim\u0105 mokiniams, mokytojams, t\u0117vams ir visai kra\u0161to \u0161vietimo bendruomenei. Anot mero, Rugs\u0117jo 1-oji kasmet simbolizuoja nauj\u0105 prad\u017ei\u0105 ir galimyb\u0119 dr\u0105siai atverti duris \u012f \u017eini\u0173 pasaul\u012f.<\/p>\n<p>Sveikinime pabr\u0117\u017eiama, kad mokslo met\u0173 startas svarbus ne tik d\u0117l nauj\u0173 dalyk\u0173 ar pa\u017eymi\u0173, bet ir d\u0117l patir\u010di\u0173, kurios ilgainiui virsta i\u0161mintimi. Meras primin\u0117 mint\u012f, siejam\u0105 su filosofu Platonu, jog prad\u017eia yra viena svarbiausi\u0173 bet kurio darbo dali\u0173.<\/p>\n<p>\u201e\u0160iandien tegul j\u016bs\u0173 prad\u017eia b\u016bna dr\u0105si, \u0161viesi ir sklidina noro pa\u017einti\u201c, \u2013 sak\u0117 Algis Ka\u0161\u0117ta.<\/p>\n<p>Mokiniams palink\u0117ta, kad mokykla b\u016bt\u0173 ne vien \u017eini\u0173 \u012fgijimo vieta, bet ir erdv\u0117 atradimams, draugystei bei asmeniniam augimui. Meras akcentavo, kad nat\u016bralu ne visk\u0105 \u017einoti i\u0161 karto, o smalsumas ir geb\u0117jimas klausti da\u017enai tampa geriausiu kelrod\u017eiu mokantis.<\/p>\n<p>Mokytojams sveikinime skirta pad\u0117ka u\u017e kasdien\u012f darb\u0105 ir palink\u0117ta k\u016brybin\u0117s dr\u0105sos, kantryb\u0117s bei prasming\u0173 akimirk\u0173, kurios primint\u0173 profesijos svarb\u0105. Taip pat i\u0161skirtas Var\u0117nos kra\u0161to \u0161vietimo darbuotoj\u0173 \u012fvertinimas, paminint, kad pasiekti rezultatai ir auk\u0161ta pozicija \u0161alies mastu yra reik\u0161mingas bendruomen\u0117s darbo \u017eenklas.<\/p>\n<p>T\u0117vams meras link\u0117jo pasitik\u0117jimo ir ramyb\u0117s lydint vaikus augimo keliu, pabr\u0117\u017edamas laiko, tarpusavio supratimo ir atvir\u0173 pokalbi\u0173 svarb\u0105. Sveikinimas u\u017ebaigtas kvietimu naujus mokslo metus pasitikti kaip prog\u0105 kiekvienam i\u0161 m\u016bs\u0173 mokytis, nes mokymuisi, anot mero, pabaigos n\u0117ra.<\/p>\n","protected":false},"excerpt":{"rendered":"<p>Var\u0117nos meras Algis Ka\u0161\u0117ta pasveikino su Rugs\u0117jo 1-\u0105ja ir pabr\u0117\u017e\u0117, kad nauj\u0173 mokslo met\u0173 prad\u017eia yra svarbiausia kelio \u012f \u017einias dalis.<\/p>\n","protected":false},"author":0,"featured_media":0,"comment_status":"open","ping_status":"open","sticky":false,"template":"","format":"standard","meta":{"_acf_changed":false,"footnotes":""},"categories":[15],"tags":[4010,4025,36288,1756,36287,539,5306],"miestas":[78],"class_list":["post-50749","post","type-post","status-publish","format-standard","hentry","category-regionai","tag-algis-kaseta","tag-mokiniai","tag-mokslo-ir-ziniu-diena","tag-mokytojai","tag-rugsejo-1-oji","tag-svietimas","tag-varenos-rajono-savivaldybe","miestas-varenos-rajono-savivaldybe"],"acf":[],"_links":{"self":[{"href":"https:\/\/cp.snarskis.lt\/index.php\/wp-json\/wp\/v2\/posts\/50749","targetHints":{"allow":["GET"]}}],"collection":[{"href":"https:\/\/cp.snarskis.lt\/index.php\/wp-json\/wp\/v2\/posts"}],"about":[{"href":"https:\/\/cp.snarskis.lt\/index.php\/wp-json\/wp\/v2\/types\/post"}],"replies":[{"embeddable":true,"href":"https:\/\/cp.snarskis.lt\/index.php\/wp-json\/wp\/v2\/comments?post=50749"}],"version-history":[{"count":0,"href":"https:\/\/cp.snarskis.lt\/index.php\/wp-json\/wp\/v2\/posts\/50749\/revisions"}],"wp:attachment":[{"href":"https:\/\/cp.snarskis.lt\/index.php\/wp-json\/wp\/v2\/media?parent=50749"}],"wp:term":[{"taxonomy":"category","embeddable":true,"href":"https:\/\/cp.snarskis.lt\/index.php\/wp-json\/wp\/v2\/categories?post=50749"},{"taxonomy":"post_tag","embeddable":true,"href":"https:\/\/cp.snarskis.lt\/index.php\/wp-json\/wp\/v2\/tags?post=50749"},{"taxonomy":"miestas","embeddable":true,"href":"https:\/\/cp.snarskis.lt\/index.php\/wp-json\/wp\/v2\/miestas?post=50749"}],"curies":[{"name":"wp","href":"https:\/\/api.w.org\/{rel}","templated":true}]}}