{"id":50751,"date":"2026-09-01T12:51:05","date_gmt":"2026-09-01T12:51:05","guid":{"rendered":"https:\/\/cp.snarskis.lt\/index.php\/2026\/09\/01\/ministre-skelbia-busto-plana-savivaldybiu-nuoma-naujos-paramos-ir-850-renovacijos-paraisku\/"},"modified":"2026-09-01T12:51:05","modified_gmt":"2026-09-01T12:51:05","slug":"ministre-skelbia-busto-plana-savivaldybiu-nuoma-naujos-paramos-ir-850-renovacijos-paraisku","status":"publish","type":"post","link":"https:\/\/cp.snarskis.lt\/index.php\/2026\/09\/01\/ministre-skelbia-busto-plana-savivaldybiu-nuoma-naujos-paramos-ir-850-renovacijos-paraisku\/","title":{"rendered":"Ministr\u0117 skelbia b\u016bsto plan\u0105: savivaldybi\u0173 nuoma, naujos paramos ir 850 renovacijos parai\u0161k\u0173"},"content":{"rendered":"<p>Aplinkos ministerija rengia ilgalaik\u0119 b\u016bsto prieinamumo strategij\u0105, kuri\u0105 siekiama pateikti iki kitos Seimo pavasario sesijos. Aplinkos ministr\u0117 Ieva Andriulaityt\u0117 sako, kad dokumente bus numatyti sprendimai d\u0117l b\u016bsto pasi\u016blos, \u012fperkamumo ir kokyb\u0117s, nes skirtingose savivaldyb\u0117se problemos nevienodos.<\/p>\n<p>Ministerijos vertinimu, prieinamo b\u016bsto tr\u016bkumas jau\u010diamas, ta\u010diau situacija \u0161iuo metu ne\u012fvardijama kaip krizin\u0117. Vis d\u0117lto akcentuojama, kad didmies\u010diuose ry\u0161kiausiai atsiskleid\u017eia \u012fperkamumo klausimas, o ma\u017eesn\u0117se savivaldyb\u0117se da\u017eniau tr\u016bksta pasi\u016blos arba esamas b\u016bstas b\u016bna prastesn\u0117s kokyb\u0117s.<\/p>\n<p>\u201eAtliktas B\u016bsto prieinamumo Lietuvoje didinimo galimybi\u0173 vertinimas parod\u0117, kad situacija Lietuvos savivaldyb\u0117se skiriasi. Jeigu didmies\u010diuose pagrindin\u0117 problema yra b\u016bsto \u012fperkamumas, tai ma\u017eose savivaldyb\u0117se n\u0117ra b\u016bsto pasi\u016blos arba jis yra nekokybi\u0161kas\u201c, \u2013 sak\u0117 I. Andriulaityt\u0117.<\/p>\n<p>Strategijoje numatomos trys pagrindin\u0117s grup\u0117s, kurioms b\u016bstas tampa sunkiai pasiekiamas. Tai vidutines ir ma\u017eas pajamas gaunantys gyventojai, kurie negauna socialin\u0117s paramos, pa\u017eeid\u017eiami nam\u0173 \u016bkiai, kuriems taikoma socialin\u0117 parama, ir \u017emon\u0117s, turintys nuosav\u0105, bet pasenus\u012f bei energeti\u0161kai neefektyv\u0173 b\u016bst\u0105.<\/p>\n<p>Aplinkos ministerija Vyriausybei pateik\u0117 nutarimo projekt\u0105 d\u0117l tarpinstitucin\u0117s darbo grup\u0117s sudarymo. \u0160i grup\u0117 vertins studijoje pateiktus si\u016blymus ir j\u0173 \u012fgyvendinimo galimybes, o iki \u0161i\u0173 met\u0173 pabaigos planuojama parengti strategijos projekt\u0105.<\/p>\n<p>Vienas i\u0161 akcent\u0173 \u2013 didesnis savivaldybi\u0173 vaidmuo ir municipalinio b\u016bsto segmento k\u016brimas. Ministerija siekia, kad atsirast\u0173 papildoma nuomos pasi\u016bla tarp socialinio b\u016bsto ir rinkos kainomis nuomojamo b\u016bsto, nes vien subsidijomis, anot ministr\u0117s, problemos i\u0161 esm\u0117s i\u0161spr\u0119sti nepavyks.<\/p>\n<p>\u201ePlanuojame pateikti kelet\u0105 strategijos modeli\u0173, kuriuos b\u016bt\u0173 galima taikyti skirtingose savivaldyb\u0117se. Matome, kad situacija savivaldyb\u0117se skiriasi ir vieno modelio taikymas neb\u016bt\u0173 tikslingas\u201c, \u2013 sak\u0117 I. Andriulaityt\u0117.<\/p>\n<p>Strategijos dalimi i\u0161lieka ir daugiabu\u010di\u0173 atnaujinimas, kuris tiesiogiai susij\u0119s su b\u016bsto kokybe, \u0161ildymo s\u0105naudomis ir energiniu efektyvumu. Ministerija atkreipia d\u0117mes\u012f, kad renovacija ma\u017eina energijos vartojim\u0105 ir gyventoj\u0173 i\u0161laidas, tod\u0117l ilgainiui stiprina b\u016bsto \u012fperkamum\u0105, ypa\u010d augant energijos kain\u0173 svyravim\u0173 rizikai.<\/p>\n<p>Pasak ministr\u0117s, 13-asis kvietimas daugiabu\u010di\u0173 renovacijai vir\u0161ijo l\u016bkes\u010dius \u2013 pateikta 850 parai\u0161k\u0173. \u0160i\u0173 met\u0173 spalio m\u0117nes\u012f planuojama skelbti 14-\u0105j\u012f kvietim\u0105, kuriame keisis finansavimo logika ir bus taikomas mi\u0161rus finansavimo modelis.<\/p>\n<p>\u201e\u0160iemet spalio m\u0117nes\u012f planuojama skelbti 14-\u0105j\u012f kvietim\u0105, \u012f kur\u012f taip pat dedame daug vil\u010di\u0173, nes keisis finansavimo tvarka \u2013 bus taikomas mi\u0161rus finansavimo modelis\u201c, \u2013 sak\u0117 I. Andriulaityt\u0117.<\/p>\n<p>Numatoma, kad pa\u017eeid\u017eiami nam\u0173 \u016bkiai bus finansuojami i\u0161 Socialinio klimato fondo. Jei daugiabutyje naudojamas i\u0161kastinis kuras, b\u016bt\u0173 taikoma 80 proc. parama, o jei i\u0161kastinis kuras nenaudojamas \u2013 50 proc. parama, taip skatinant pereiti prie \u0161varesni\u0173 \u0161ildymo sprendim\u0173.<\/p>\n<p>Gyventojams, kurie nepatenka \u012f socialin\u0117s paramos gav\u0117j\u0173 grupes, planuojamas savivaldybi\u0173 paramos renovacijai indeksas. Pagal j\u012f ekonomi\u0161kai stipriausiose savivaldyb\u0117se parama siekt\u0173 15 proc., vidutin\u0117se \u2013 20 proc., o savivaldyb\u0117se, kurioms paramos reikia labiausiai, \u2013 25 proc.<\/p>\n<p>Taip pat numatyti papildomi kriterijai, leid\u017eiantys didinti paramos dal\u012f, pavyzd\u017eiui, atnaujinant \u0161ilumos ir kar\u0161to vandens sistemas b\u016bt\u0173 galima gauti papildomus 5 proc. Ministerija nurodo, kad savivaldyb\u0117se, kurioms paramos reikia labiausiai, bendra parama tam tikrais atvejais gal\u0117t\u0173 siekti iki 40 proc.<\/p>\n<p>Atskirai planuojama ir dalin\u0117s renovacijos kryptis: 2027 met\u0173 pirm\u0105j\u012f ketvirt\u012f numatomas kvietimas projektams, kurie neapima viso pastato atnaujinimo. Tikimasi, kad tai pad\u0117s grei\u010diau pagerinti senesni\u0173 daugiabu\u010di\u0173 b\u016bkl\u0119 ten, kur pilna renovacija stringa d\u0117l finansini\u0173 ar organizacini\u0173 prie\u017eas\u010di\u0173.<\/p>\n<p>Ministerija tikisi, kad strategijos priemon\u0117s ir atnaujintos paramos schemos leis vienu metu spr\u0119sti kelias problemas: didinti b\u016bsto pasi\u016bl\u0105, gerinti nuomos alternatyvas ir spartinti energeti\u0161kai neefektyvaus b\u016bsto atnaujinim\u0105. Galutinis tikslas \u2013 kad daugiau gyventoj\u0173 gal\u0117t\u0173 gyventi kokybi\u0161kesniame ir ma\u017eiau i\u0161laid\u0173 reikalaujan\u010diame b\u016bste.<\/p>\n","protected":false},"excerpt":{"rendered":"<p>Aplinkos ministerija rengia b\u016bsto prieinamumo strategij\u0105: planuoja municipalin\u0119 nuom\u0105, nauj\u0105 renovacijos finansavim\u0105 ir skirtingus modelius savivaldyb\u0117ms.<\/p>\n","protected":false},"author":0,"featured_media":0,"comment_status":"open","ping_status":"open","sticky":false,"template":"","format":"standard","meta":{"_acf_changed":false,"footnotes":""},"categories":[15],"tags":[2135,17565,4181,39195,39196,443,20003],"miestas":[],"class_list":["post-50751","post","type-post","status-publish","format-standard","hentry","category-regionai","tag-aplinkos-ministerija","tag-busto-prieinamumas","tag-daugiabuciu-renovacija","tag-ieva-andriulaityte","tag-municipalinis-bustas","tag-savivaldybes","tag-socialinio-klimato-fondas"],"acf":[],"_links":{"self":[{"href":"https:\/\/cp.snarskis.lt\/index.php\/wp-json\/wp\/v2\/posts\/50751","targetHints":{"allow":["GET"]}}],"collection":[{"href":"https:\/\/cp.snarskis.lt\/index.php\/wp-json\/wp\/v2\/posts"}],"about":[{"href":"https:\/\/cp.snarskis.lt\/index.php\/wp-json\/wp\/v2\/types\/post"}],"replies":[{"embeddable":true,"href":"https:\/\/cp.snarskis.lt\/index.php\/wp-json\/wp\/v2\/comments?post=50751"}],"version-history":[{"count":0,"href":"https:\/\/cp.snarskis.lt\/index.php\/wp-json\/wp\/v2\/posts\/50751\/revisions"}],"wp:attachment":[{"href":"https:\/\/cp.snarskis.lt\/index.php\/wp-json\/wp\/v2\/media?parent=50751"}],"wp:term":[{"taxonomy":"category","embeddable":true,"href":"https:\/\/cp.snarskis.lt\/index.php\/wp-json\/wp\/v2\/categories?post=50751"},{"taxonomy":"post_tag","embeddable":true,"href":"https:\/\/cp.snarskis.lt\/index.php\/wp-json\/wp\/v2\/tags?post=50751"},{"taxonomy":"miestas","embeddable":true,"href":"https:\/\/cp.snarskis.lt\/index.php\/wp-json\/wp\/v2\/miestas?post=50751"}],"curies":[{"name":"wp","href":"https:\/\/api.w.org\/{rel}","templated":true}]}}