{"id":50752,"date":"2026-09-01T12:51:31","date_gmt":"2026-09-01T12:51:31","guid":{"rendered":"https:\/\/cp.snarskis.lt\/index.php\/2026\/09\/01\/aukstaitijoje-30-asis-vargonu-festivalis-11-koncertu-ir-panevezio-vyskupijos-simtmetis\/"},"modified":"2026-09-01T12:51:31","modified_gmt":"2026-09-01T12:51:31","slug":"aukstaitijoje-30-asis-vargonu-festivalis-11-koncertu-ir-panevezio-vyskupijos-simtmetis","status":"publish","type":"post","link":"https:\/\/cp.snarskis.lt\/index.php\/2026\/09\/01\/aukstaitijoje-30-asis-vargonu-festivalis-11-koncertu-ir-panevezio-vyskupijos-simtmetis\/","title":{"rendered":"Auk\u0161taitijoje \u2013 30-asis vargon\u0173 festivalis: 11 koncert\u0173 ir Panev\u0117\u017eio vyskupijos \u0161imtmetis"},"content":{"rendered":"<p>Nuo 1997 metais Auk\u0161taitijos ba\u017eny\u010diose rengiamas Auk\u0161taitijos vargon\u0173 muzikos festivalis \u0161iemet vyks jubiliejin\u012f, 30-\u0105j\u012f kart\u0105. Rugs\u0117jo 6\u2013spalio 11 dienomis klausytoj\u0173 laukia 11 koncert\u0173 \u012fvairiose regiono erdv\u0117se, o programa \u0161iemet siejama ir su Panev\u0117\u017eio vyskupijos 100-me\u010dio min\u0117jimu.<\/p>\n<p>Festivalis tradici\u0161kai remiasi sakraliosios muzikos ir kult\u016bros paveldo sinteze: vargonai pristatomi ne tik kaip instrumentas, bet ir kaip ba\u017eny\u010di\u0173 akustikos bei istorini\u0173 erdvi\u0173 dalis. Organizatoriai pabr\u0117\u017eia, kad koncertai skirti pagerbti i\u0161kilius dvasininkus ir asmenybes, taip pat pa\u017eym\u0117ti \u0161ventovi\u0173 jubiliejus.<\/p>\n<h2>Atidarymas Utenoje ir pirmieji koncertai<\/h2>\n<p>Rugs\u0117jo 6 dien\u0105 Utenos Kristaus \u017dengimo \u012f dang\u0173 ba\u017eny\u010dioje festival\u012f atidarys Lietuvos nacionalin\u0117s filharmonijos kamerin\u0117s muzikos ansamblis \u201eMusica Humana\u201c. Kartu pasirodys solistai: vargonininkas Gediminas Kviklys, smuikinink\u0117 Ramun\u0117 Grakauskait\u0117, klarnetininkai Anielius Luko\u0161i\u016bnas ir Rimvydas Savickas, o rengin\u012f papildys aktor\u0117s Virginijos Kochanskyt\u0117s poetinis \u017eodis.<\/p>\n<p>Rugs\u0117jo 12 dien\u0105 koncertas vyks Pakalni\u0173 \u0160v\u010d. Trejyb\u0117s ba\u017eny\u010dioje, kur skamb\u0117s kompozitoriaus Vitalijaus Neugasimovo k\u016bryba. J\u0105 atliks vyr\u0173 vokalinis kvartetas \u201eFratres\u201c, vadovaujamas paties kompozitoriaus, o rugs\u0117jo 13 dien\u0105 programa persikels \u012f Antazav\u0117s Dievo Apvaizdos ir Duset\u0173 \u0160v\u010d. Trejyb\u0117s ba\u017eny\u010dias Zaras\u0173 rajone.<\/p>\n<h2>Dedikacijos ir \u010ciurlionio min\u0117jimas<\/h2>\n<p>Rugs\u0117jo 19 dien\u0105 Vy\u017euon\u0173 \u0160v. Jurgio ba\u017eny\u010dioje koncertuos Kauno valstybinio muzikinio teatro solist\u0117 Raminta Vaicekauskait\u0117 ir vargonininkas Povilas Padleckis. Rugs\u0117jo 20 dien\u0105 Krekenavos \u0160v\u010d. Mergel\u0117s Marijos \u0116mimo \u012f dang\u0173 ba\u017eny\u010dioje numatytas specialus koncertas, skirtas vyskupo Juozo Preik\u0161o 100-me\u010diui.<\/p>\n<p>Rugs\u0117jo 27 dien\u0105 Sudeiki\u0173 \u0160v\u010d. Mergel\u0117s Marijos ba\u017eny\u010dioje skamb\u0117s programa \u201e\u010ciurlionio dain\u0173 banga\u201c, skirta M. K. \u010ciurlionio gimtadieniui pamin\u0117ti. Joje dalyvaus Nacionalin\u0117s M. K. \u010ciurlionio men\u0173 mokyklos kolektyvai, vargonininkas Vidas Pinkevi\u010dius ir aktorius Vladas Baranauskas.<\/p>\n<h2>Spalio koncertai ir u\u017edarymas<\/h2>\n<p>Spalio 3 dien\u0105 Leli\u016bn\u0173 \u0160v. Juozapo ba\u017eny\u010dioje gros vargonininkai Au\u0161ra ir Vidas Pinkevi\u010diai, o spalio 4 dien\u0105 Zaras\u0173 \u0160v\u010d. Mergel\u0117s Marijos \u0116mimo \u012f dang\u0173 ba\u017eny\u010dioje pasirodys daininink\u0117 ir aktor\u0117 Aust\u0117ja Lukait\u0117, jai pritars Gra\u017eina Zalatorien\u0117. Spalio 7 dien\u0105 Utenos dvaro r\u016bmuose solin\u012f koncert\u0105 surengs jaunasis smuikininkas Rokas Dir\u017eys, akompanuos pianistas Simas Minkevi\u010dius.<\/p>\n<p>Festivalio u\u017edarymas vyks Utenos Dievo Apvaizdos ba\u017eny\u010dioje: koncertuos vargoninink\u0117 Jurgita Kazakevi\u010di\u016bt\u0117, \u0160iauli\u0173 miesto simfoninio orkestro \u201eCamerata Solaris\u201c stygini\u0173 grup\u0117, vadovaujama Vilhelmo \u010cepinskio, taip pat aktoriai Virginija Kochanskyt\u0117 ir Vladas Baranauskas.<\/p>\n<p>Jubiliejin\u012f festival\u012f globoja Panev\u0117\u017eio vyskupas Linas Vodopjanovas OFM ir Utenos rajono meras Marijus Kauk\u0117nas. Rengin\u012f finansuoja Lietuvos kult\u016bros taryba ir Utenos rajono savivaldyb\u0117.<\/p>\n","protected":false},"excerpt":{"rendered":"<p>Auk\u0161taitijoje rugs\u0117jo 6\u2013spalio 11 dienomis vyks 30-asis vargon\u0173 muzikos festivalis: 11 koncert\u0173 ir dedikacijos Panev\u0117\u017eio vyskupijos \u0161imtme\u010diui.<\/p>\n","protected":false},"author":0,"featured_media":0,"comment_status":"open","ping_status":"open","sticky":false,"template":"","format":"standard","meta":{"_acf_changed":false,"footnotes":""},"categories":[15],"tags":[39198,172,39199,6469,4228,39197,1174],"miestas":[],"class_list":["post-50752","post","type-post","status-publish","format-standard","hentry","category-regionai","tag-aukstaitijos-vargonu-muzikos-festivalis","tag-lietuvos-kulturos-taryba","tag-musica-humana","tag-panevezio-vyskupija","tag-utena","tag-vargonu-muzika","tag-zarasu-rajonas"],"acf":[],"_links":{"self":[{"href":"https:\/\/cp.snarskis.lt\/index.php\/wp-json\/wp\/v2\/posts\/50752","targetHints":{"allow":["GET"]}}],"collection":[{"href":"https:\/\/cp.snarskis.lt\/index.php\/wp-json\/wp\/v2\/posts"}],"about":[{"href":"https:\/\/cp.snarskis.lt\/index.php\/wp-json\/wp\/v2\/types\/post"}],"replies":[{"embeddable":true,"href":"https:\/\/cp.snarskis.lt\/index.php\/wp-json\/wp\/v2\/comments?post=50752"}],"version-history":[{"count":0,"href":"https:\/\/cp.snarskis.lt\/index.php\/wp-json\/wp\/v2\/posts\/50752\/revisions"}],"wp:attachment":[{"href":"https:\/\/cp.snarskis.lt\/index.php\/wp-json\/wp\/v2\/media?parent=50752"}],"wp:term":[{"taxonomy":"category","embeddable":true,"href":"https:\/\/cp.snarskis.lt\/index.php\/wp-json\/wp\/v2\/categories?post=50752"},{"taxonomy":"post_tag","embeddable":true,"href":"https:\/\/cp.snarskis.lt\/index.php\/wp-json\/wp\/v2\/tags?post=50752"},{"taxonomy":"miestas","embeddable":true,"href":"https:\/\/cp.snarskis.lt\/index.php\/wp-json\/wp\/v2\/miestas?post=50752"}],"curies":[{"name":"wp","href":"https:\/\/api.w.org\/{rel}","templated":true}]}}