{"id":50753,"date":"2026-09-01T12:52:00","date_gmt":"2026-09-01T12:52:00","guid":{"rendered":"https:\/\/cp.snarskis.lt\/index.php\/2026\/09\/01\/palangos-vasaros-skaityklai-lemtingas-sprendimas-ekspertai-siulys-kaip-issaugoti-medini-modernizma\/"},"modified":"2026-09-01T12:52:00","modified_gmt":"2026-09-01T12:52:00","slug":"palangos-vasaros-skaityklai-lemtingas-sprendimas-ekspertai-siulys-kaip-issaugoti-medini-modernizma","status":"publish","type":"post","link":"https:\/\/cp.snarskis.lt\/index.php\/2026\/09\/01\/palangos-vasaros-skaityklai-lemtingas-sprendimas-ekspertai-siulys-kaip-issaugoti-medini-modernizma\/","title":{"rendered":"Palangos vasaros skaityklai \u2013 lemtingas sprendimas: ekspertai si\u016blys, kaip i\u0161saugoti medin\u012f modernizm\u0105"},"content":{"rendered":"<p>Palangoje rugs\u0117jo 10\u201311 dienomis vyks tarptautinis architekt\u016bros simpoziumas, kuriame bus ie\u0161koma sprendim\u0173, kaip i\u0161saugoti ir \u0161iuolaikinei kult\u016brai pritaikyti Palangos vasaros skaitykl\u0105. \u0160is pastatas laikomas vienu ry\u0161kiausi\u0173 Lietuvos medinio modernizmo pavyzd\u017ei\u0173 ir \u0161iemet mini 60 met\u0173 sukakt\u012f.<\/p>\n<p>Simpozium\u0105 rengia Lietuvos nacionalin\u0117 Martyno Ma\u017evydo biblioteka kartu su partneriais, o diskusijose dalyvaus architekt\u016bros, paveldosaugos ir kra\u0161tovaizd\u017eio architekt\u016bros ekspertai i\u0161 Lietuvos, Danijos ir Latvijos. Renginio pabaigoje \u017eadama pristatyti rekomendacijas, kaip sustiprinti objekto apsaug\u0105 ir u\u017etikrinti jo gyvybingum\u0105 ateityje.<\/p>\n<h2>Medinis modernizmas ir jo rizikos<\/h2>\n<p>Architekto Albino \u010cepio suprojektuota skaitykla duris atv\u0117r\u0117 1966 metais, o jos architekt\u016brin\u012f charakter\u012f formuoja medin\u0117 karkasin\u0117 konstrukcija, didel\u0117s stiklo plok\u0161tumos, atviras planas ir banguotas stogas. Pastatas \u012ftrauktas \u012f Kult\u016bros vertybi\u0173 registr\u0105, tod\u0117l sprendimai d\u0117l jo atnaujinimo privalo derinti funkcinius poreikius su paveldo apsauga.<\/p>\n<p>Medin\u0117s modernizmo architekt\u016bros i\u0161saugojimas da\u017enai susiduria su specifiniais i\u0161\u0161\u016bkiais: dr\u0117gm\u0117s re\u017eimu, konstrukcij\u0173 sen\u0117jimu, gaisrine sauga ir energiniu efektyvumu, taip pat intensyviu sezoni\u0161ku naudojimu paj\u016bryje. Pastaraisiais metais Europoje vis daugiau d\u0117mesio skiriama tvariam atnaujinimui, kai pirmenyb\u0117 teikiama remontui ir pritaikymui, o ne nugriovimui, ma\u017einant ir anglies dioksido p\u0117dsak\u0105.<\/p>\n<h2>K\u0105 svarstys tarptautin\u0117 komanda<\/h2>\n<p>Programoje numatytos visuomenei atviros paskaitos ir diskusijos, taip pat ekspert\u0173 sesijos, kuriose bus aptariamas istorini\u0173 viet\u0173 vaidmuo miest\u0173 tapatybei ir bendruomen\u0117s gyvenimui. Renginyje \u017eadama nagrin\u0117ti, kaip suderinti paveldosaugos principus su \u0161iandienos kult\u016bros veikl\u0173 poreikiais, kad pastatas likt\u0173 aktyvia miesto erdve, o ne vien eksponatu.<\/p>\n<p>Simpoziume dalyvaus VILNIUS TECH, Karali\u0161kosios Danijos akademijos, Rygos technikos universiteto ir kit\u0173 institucij\u0173 atstovai, tarp j\u0173 doc. dr. Liutauras Nekro\u0161ius, dan\u0173 architekt\u0117 ir tyr\u0117ja Sidsel Sander, architektas Magnusas S\u00f8lvh\u00f8jus K\u00fchnas, dr. arch. Antra Vi\u013cuma, dr. Indr\u0117 U\u017euotait\u0117 ir kra\u0161tovaizd\u017eio architekt\u0117 Dovil\u0117 Ivanauskien\u0117. Diskusijose taip pat bus aptariamas \u017eiedin\u0117s statybos princip\u0173 taikymas, kai renovacijoje ie\u0161koma galimybi\u0173 pakartotinai naudoti med\u017eiagas ir kuo ma\u017eiau keisti autenti\u0161kas konstrukcijas.<\/p>\n<p>\u201eMums svarbu ne tik i\u0161saugoti \u0161\u012f i\u0161skirtin\u012f architekt\u016bros objekt\u0105, bet ir ie\u0161koti sprendim\u0173, kaip jis ir toliau gal\u0117t\u0173 i\u0161likti gyvas, atviras ir bendruomen\u0119 telkiantis kult\u016bros centras\u201c, \u2013 sak\u0117 Lietuvos nacionalin\u0117s Martyno Ma\u017evydo bibliotekos generalin\u0117 direktor\u0117 Au\u0161rin\u0117 \u017dilinskien\u0117.<\/p>\n<h2>Atvira programa Palangoje<\/h2>\n<p>Organizatoriai pabr\u0117\u017eia, kad dalis rengini\u0173 bus atviri visuomenei ir suteiks prog\u0105 geriau pa\u017einti Palangos architekt\u016bros paveld\u0105 bei suprasti, kaip sprendimai d\u0117l istorini\u0173 pastat\u0173 lemia vie\u0161\u0173j\u0173 erdvi\u0173 ateit\u012f. Taip pat numatytos ekskursijos ir temin\u0117s sesijos, kuriose bus kalbama apie kult\u016brinio paveldo aplink\u0105 ir \u017eeldinius.<\/p>\n<p>Simpoziumas yra rengini\u0173 ciklo \u201eMetai su Danija\u201c dalis ir siejamas su Danijos sprendimo pripa\u017einti atkurt\u0105 Lietuvos nepriklausomyb\u0119 35-me\u010diu. Iniciatyv\u0105 \u012fgyvendina Lietuvos nacionalin\u0117 Martyno Ma\u017evydo biblioteka, Danijos Karalyst\u0117s ambasada Lietuvoje ir Danijos kult\u016bros institutas Baltijos \u0161alims, o tarp partneri\u0173 minimi VILNIUS TECH, \u201eDocomomo Lietuva\u201c, Vilniaus medin\u0117s architekt\u016bros centras, Rygos technikos universitetas ir \u201eVELUX\u201c.<\/p>\n","protected":false},"excerpt":{"rendered":"<p>Palangoje rugs\u0117jo 10\u201311 dienomis tarptautiniai ekspertai svarstys, kaip i\u0161saugoti ir pritaikyti 60-met\u0119 vasaros skaitykl\u0105 \u2013 medinio modernizmo ikon\u0105.<\/p>\n","protected":false},"author":0,"featured_media":0,"comment_status":"open","ping_status":"open","sticky":false,"template":"","format":"standard","meta":{"_acf_changed":false,"footnotes":""},"categories":[15],"tags":[12996,5510,455,25348,5488,22630,39200],"miestas":[],"class_list":["post-50753","post","type-post","status-publish","format-standard","hentry","category-regionai","tag-medine-architektura","tag-modernizmas","tag-palanga","tag-palangos-vasaros-skaitykla","tag-paveldo-apsauga","tag-vilnius-tech","tag-ziedine-statyba"],"acf":[],"_links":{"self":[{"href":"https:\/\/cp.snarskis.lt\/index.php\/wp-json\/wp\/v2\/posts\/50753","targetHints":{"allow":["GET"]}}],"collection":[{"href":"https:\/\/cp.snarskis.lt\/index.php\/wp-json\/wp\/v2\/posts"}],"about":[{"href":"https:\/\/cp.snarskis.lt\/index.php\/wp-json\/wp\/v2\/types\/post"}],"replies":[{"embeddable":true,"href":"https:\/\/cp.snarskis.lt\/index.php\/wp-json\/wp\/v2\/comments?post=50753"}],"version-history":[{"count":0,"href":"https:\/\/cp.snarskis.lt\/index.php\/wp-json\/wp\/v2\/posts\/50753\/revisions"}],"wp:attachment":[{"href":"https:\/\/cp.snarskis.lt\/index.php\/wp-json\/wp\/v2\/media?parent=50753"}],"wp:term":[{"taxonomy":"category","embeddable":true,"href":"https:\/\/cp.snarskis.lt\/index.php\/wp-json\/wp\/v2\/categories?post=50753"},{"taxonomy":"post_tag","embeddable":true,"href":"https:\/\/cp.snarskis.lt\/index.php\/wp-json\/wp\/v2\/tags?post=50753"},{"taxonomy":"miestas","embeddable":true,"href":"https:\/\/cp.snarskis.lt\/index.php\/wp-json\/wp\/v2\/miestas?post=50753"}],"curies":[{"name":"wp","href":"https:\/\/api.w.org\/{rel}","templated":true}]}}