{"id":50757,"date":"2026-09-01T13:30:56","date_gmt":"2026-09-01T13:30:56","guid":{"rendered":"https:\/\/cp.snarskis.lt\/index.php\/2026\/09\/01\/es-vel-pasirinko-tyla-islandija-referendume-pasake-ne-narystei-ir-skamba-brexit-aidas\/"},"modified":"2026-09-01T13:30:56","modified_gmt":"2026-09-01T13:30:56","slug":"es-vel-pasirinko-tyla-islandija-referendume-pasake-ne-narystei-ir-skamba-brexit-aidas","status":"publish","type":"post","link":"https:\/\/cp.snarskis.lt\/index.php\/2026\/09\/01\/es-vel-pasirinko-tyla-islandija-referendume-pasake-ne-narystei-ir-skamba-brexit-aidas\/","title":{"rendered":"ES v\u0117l pasirinko tyl\u0105: Islandija referendume pasak\u0117 ne narystei \u2013 ir skamba Brexit aidas"},"content":{"rendered":"<p>Europos S\u0105junga dar kart\u0105 pasirinko itin sant\u016br\u0173 ton\u0105, kai Islandijos rink\u0117jai referendume nusprend\u0117 neatnaujinti deryb\u0173 d\u0117l naryst\u0117s ES. Balsai pasiskirst\u0117 beveik perpus: 52,8 proc. pasisak\u0117 prie\u0161, 47,2 proc. \u2013 u\u017e, o kampanija \u0161alyje paliko ry\u0161k\u0173 susiskaldymo p\u0117dsak\u0105.<\/p>\n<p>Europos Komisijos pirminink\u0117 Ursula von der Leyen vie\u0161ai rezultato nekomentavo, o institucijos pozicij\u0105 i\u0161 esm\u0117s apsiribojo formuluote, kad Briuselis \u201eatsi\u017evelg\u0117\u201c \u012f balsavim\u0105. Tuo tarpu Europos Vadov\u0173 Tarybos pirmininko Ant\u00f3nio Costa atstovas pabr\u0117\u017e\u0117, jog ES gerbia demokratin\u012f island\u0173 pasirinkim\u0105 ir laiko Islandij\u0105 artima partnere.<\/p>\n<p>Tokia laikysena atgaivino sen\u0105 diskusij\u0105: ar institucinis neutralumas referendumuose, kurie tiesiogiai palie\u010dia pa\u010di\u0105 ES, n\u0117ra politi\u0161kai \u017ealingas. Kritikai teigia, kad tyla suteikia daugiau erdv\u0117s emociniams argumentams ir dezinformacijai, o \u0161alininkai primena, jog aktyvi Briuselio kampanija lengvai gali b\u016bti i\u0161naudota kaip spaudimo \u012frodymas.<\/p>\n<h2>Vyriausyb\u0117s pra\u0161ymas nesiki\u0161ti<\/h2>\n<p>Islandijos vald\u017eia Briuseliui ai\u0161kiai signalizavo, kad referendumas yra vidaus politikos klausimas. Premjer\u0117 Kristr\u00fan Frostad\u00f3ttir dar prie\u0161 balsavim\u0105 pabr\u0117\u017e\u0117, jog sprendimas prad\u0117ti derybas ar j\u0173 neprad\u0117ti priklauso tik islandams, tod\u0117l nereikalingas \u201eneprotingas ki\u0161imasis\u201c.<\/p>\n<p>Kartu ji pripa\u017eino, kad gyventojams kylant klausim\u0173 apie ES, nat\u016bralu tik\u0117tis atsakym\u0173 i\u0161 pa\u010di\u0173 europini\u0173 institucij\u0173. \u0160i taktika sutapo su proeuropieti\u0161kos stovyklos siekiu suma\u017einti \u012ftamp\u0105 ir akcentuoti, kad kalbama tik apie deryb\u0173 atnaujinim\u0105, o ne apie galutin\u0119 naryst\u0119.<\/p>\n<p>\u201eTai n\u0117ra balsavimas d\u0117l naryst\u0117s, nes jei derybos b\u016bt\u0173 atnaujintos ir pasiektas susitarimas, v\u0117liau vis tiek vykt\u0173 atskiras referendumas\u201c, \u2013 sak\u0117 Kristr\u00fan Frostad\u00f3ttir.<\/p>\n<h2>\u017dvejyba, ekonomika ir tapatyb\u0117<\/h2>\n<p>Did\u017eioji kampanijos dalis sukosi apie ekonomik\u0105. Deryb\u0173 \u0161alininkai argumentavo, kad naryst\u0117 gal\u0117t\u0173 suma\u017einti skolinimosi kain\u0105, stabilizuoti valiutos svyravimus ir priartinti \u0161al\u012f prie euro \u012fvedimo, kas, j\u0173 teigimu, sustiprint\u0173 finansin\u012f saugum\u0105.<\/p>\n<p>Prie\u0161ininkai labiausiai akcentavo suverenum\u0105 ir praktines pasekmes \u017evejybai bei \u017eem\u0117s \u016bkiui \u2013 sektoriams, kurie Islandijoje turi ne tik ekonomin\u0119, bet ir politin\u0119 reik\u0161m\u0119, ypa\u010d regionuose. Jie \u012fsp\u0117jo, kad ES taisykl\u0117s gal\u0117t\u0173 pakeisti kvot\u0173 ir i\u0161tekli\u0173 valdymo principus, o tai rink\u0117jams tapo vienu jautriausi\u0173 klausim\u0173.<\/p>\n<p>\u201eTai buvo ne vien apie ekonominius interesus. Argumentai prie\u0161 derybas daugeliui pasirod\u0117 artimesni Islandijos tapatybei\u201c, \u2013 sak\u0117 Huld\u0430 \u00de\u00f3risd\u00f3ttir.<\/p>\n<h2>Brexit \u0161e\u0161\u0117lis ir Briuselio pamokos<\/h2>\n<p>ES atsargumas Islandijoje da\u017enai lyginamas su 2016 met\u0173 Jungtin\u0117s Karalyst\u0117s referendumu d\u0117l pasitraukimo i\u0161 ES. Tuomet Londonas taip pat ragino Bendrijos institucijas nesiki\u0161ti, o Briuselis, vengdamas tiesiogin\u0117s politin\u0117s konfrontacijos, i\u0161 esm\u0117s laik\u0117si atokiau nuo kampanijos.<\/p>\n<p>Kritikai primena, kad po Brexit ne kart\u0105 buvo pripa\u017einta: melagingiems teiginiams ir manipuliacijoms vie\u0161ojoje erdv\u0117je da\u017enai nebuvo atsakyta laiku. Kita vertus, dalis ekspert\u0173 pabr\u0117\u017eia, kad bet kokia aktyvesn\u0117 ES pozicija gal\u0117jo sukelti prie\u0161ing\u0105 efekt\u0105 ir tapti papildomu argumentu euroskeptikams.<\/p>\n<p>Islandijos atvejis parod\u0117, kaip greitai klausimas d\u0117l deryb\u0173 formato gali virsti principiniu gin\u010du apie suverenum\u0105. \u0160alies nepriklausomyb\u0117, \u012ftvirtinta 1944 metais po atsiskyrimo nuo Danijos, ir \u0161iandien i\u0161lieka stiprus politinis motyvas, kur\u012f kampanijoje s\u0117kmingai i\u0161naudojo \u201ene\u201c stovykla.<\/p>\n","protected":false},"excerpt":{"rendered":"<p>Islandija referendume vos keli\u0173 procent\u0173 persvara atmet\u0117 deryb\u0173 d\u0117l naryst\u0117s ES atnaujinim\u0105, o Briuselio sant\u016bri reakcija v\u0117l primin\u0117 Brexit pamokas.<\/p>\n","protected":false},"author":0,"featured_media":50758,"comment_status":"open","ping_status":"open","sticky":false,"template":"","format":"standard","meta":{"_acf_changed":false,"footnotes":""},"categories":[94],"tags":[26003,8932,17521,442,3195,11531,700],"miestas":[],"class_list":["post-50757","post","type-post","status-publish","format-standard","has-post-thumbnail","hentry","category-finansai","tag-antonio-costa","tag-brexit","tag-es-pletra","tag-europos-sajunga","tag-islandija","tag-referendumas","tag-ursula-von-der-leyen"],"acf":[],"_links":{"self":[{"href":"https:\/\/cp.snarskis.lt\/index.php\/wp-json\/wp\/v2\/posts\/50757","targetHints":{"allow":["GET"]}}],"collection":[{"href":"https:\/\/cp.snarskis.lt\/index.php\/wp-json\/wp\/v2\/posts"}],"about":[{"href":"https:\/\/cp.snarskis.lt\/index.php\/wp-json\/wp\/v2\/types\/post"}],"replies":[{"embeddable":true,"href":"https:\/\/cp.snarskis.lt\/index.php\/wp-json\/wp\/v2\/comments?post=50757"}],"version-history":[{"count":0,"href":"https:\/\/cp.snarskis.lt\/index.php\/wp-json\/wp\/v2\/posts\/50757\/revisions"}],"wp:featuredmedia":[{"embeddable":true,"href":"https:\/\/cp.snarskis.lt\/index.php\/wp-json\/wp\/v2\/media\/50758"}],"wp:attachment":[{"href":"https:\/\/cp.snarskis.lt\/index.php\/wp-json\/wp\/v2\/media?parent=50757"}],"wp:term":[{"taxonomy":"category","embeddable":true,"href":"https:\/\/cp.snarskis.lt\/index.php\/wp-json\/wp\/v2\/categories?post=50757"},{"taxonomy":"post_tag","embeddable":true,"href":"https:\/\/cp.snarskis.lt\/index.php\/wp-json\/wp\/v2\/tags?post=50757"},{"taxonomy":"miestas","embeddable":true,"href":"https:\/\/cp.snarskis.lt\/index.php\/wp-json\/wp\/v2\/miestas?post=50757"}],"curies":[{"name":"wp","href":"https:\/\/api.w.org\/{rel}","templated":true}]}}