{"id":50800,"date":"2026-09-01T16:45:59","date_gmt":"2026-09-01T16:45:59","guid":{"rendered":"https:\/\/cp.snarskis.lt\/index.php\/2026\/09\/01\/von-der-leyen-po-incidento-vokietijoje-zada-atsaka-rusijos-hibridinems-atakoms-kas-bus-toliau\/"},"modified":"2026-09-01T16:45:59","modified_gmt":"2026-09-01T16:45:59","slug":"von-der-leyen-po-incidento-vokietijoje-zada-atsaka-rusijos-hibridinems-atakoms-kas-bus-toliau","status":"publish","type":"post","link":"https:\/\/cp.snarskis.lt\/index.php\/2026\/09\/01\/von-der-leyen-po-incidento-vokietijoje-zada-atsaka-rusijos-hibridinems-atakoms-kas-bus-toliau\/","title":{"rendered":"Von der Leyen po incidento Vokietijoje \u017eada atsak\u0105 Rusijos hibridin\u0117ms atakoms: kas bus toliau?"},"content":{"rendered":"<h2>Vokietija kaltina Rusij\u0105<\/h2>\n<p>Europos Komisijos pirminink\u0117 Ursula von der Leyen parei\u0161k\u0117 visi\u0161k\u0105 solidarum\u0105 su Vokietija po to, kai Berlynas oficialiai priskyr\u0117 Rusijai vadinam\u0105j\u012f hibridin\u012f i\u0161puol\u012f, susijus\u012f su dron\u0173 incidentu Leipcigo oro uoste.<\/p>\n<p>Pasak Vokietijos pareig\u016bn\u0173, rugpj\u016b\u010dio m\u0117nes\u012f oro uosto saugumo zonoje aptiktas dronas buvo netoli Ukrainos krovininio orlaivio, naudojamo karin\u0117ms siuntoms gabenti, o v\u0117liau dar vienas bepilotis aparatas susid\u016br\u0117 su l\u0117ktuvu ir sutrikd\u0117 skryd\u017ei\u0173 saug\u0105.<\/p>\n<p>\u201eI\u0161laikysime Europos S\u0105jungos vienyb\u0119 nepaisant \u0161i\u0173 rimt\u0173 ir eskaluojan\u010di\u0173 veiksm\u0173\u201c, \u2013 sak\u0117 Ursula von der Leyen.<\/p>\n<p>Europos Komisijos vadov\u0117 pabr\u0117\u017e\u0117, kad hibridin\u0117s atakos neliks be atsako, o Vokietija, jos vertinimu, jau \u0117m\u0117si grie\u017et\u0173 priemoni\u0173.<\/p>\n<p>\u0160is signalas ypa\u010d svarbus tuo metu, kai Europos valstyb\u0117s vis da\u017eniau fiksuoja ne tik informacines, bet ir kinetines provokacijas, kurios gali kelti gr\u0117sm\u0119 kritinei infrastrukt\u016brai ir civili\u0173 saugumui.<\/p>\n<h2>Susitikimas su NATO vadovu<\/h2>\n<p>Europos Komisija patvirtino, kad Ursula von der Leyen artimiausiomis dienomis susitiks su NATO generaliniu sekretoriumi Marku Rutte aptarti koordinuoto atsako \u012f hibridines gr\u0117smes.<\/p>\n<p>Pagal vie\u0161ai \u012fvardyt\u0105 krypt\u012f, d\u0117mesys bus sutelktas \u012f glaudesn\u012f ES ir NATO institucij\u0173 bei valstybi\u0173 nari\u0173 veiksm\u0173 derinim\u0105, ypa\u010d atgrasymo, \u017evalgybos ir greitos reakcijos srityse.<\/p>\n<p>\u201eNATO toliau stiprins m\u016bs\u0173 geb\u0117jim\u0105 atgrasyti ir ginti visus s\u0105jungininkus nuo bet kokios gr\u0117sm\u0117s, \u012fskaitant kenk\u0117ji\u0161kus veiksmus, kaip mat\u0117me Leipcige\u201c, \u2013 sak\u0117 Markas Rutte.<\/p>\n<p>Lygiagre\u010diai ES lygmeniu svarstomos papildomos ribojamosios priemon\u0117s, kurias, remiantis vie\u0161ais parei\u0161kimais, gal\u0117t\u0173 rengti u\u017esienio reikal\u0173 ministrai artimiausiuose pos\u0117d\u017eiuose.<\/p>\n<p>Tokie sprendimai paprastai apima tikslines sankcijas asmenims ir strukt\u016broms, susijusioms su \u017evalgyba, logistika ar operacij\u0173 vykdymu, taip pat priemones prie\u0161 dezinformacijos ir kibernetini\u0173 atak\u0173 infrastrukt\u016br\u0105.<\/p>\n<h2>Hibridin\u0117s gr\u0117sm\u0117s Europoje auga<\/h2>\n<p>Vokietijos vidaus reikal\u0173 ministras Alexanderis Dobrindtas teig\u0117, kad incidento vykdymo priemon\u0117s es\u0105 atitinka metodus, anks\u010diau matytus kitose Rusijai priskiriamose hibridin\u0117se operacijose, susijusiose ir su karu prie\u0161 Ukrain\u0105.<\/p>\n<p>Vokietija, reaguodama \u012f situacij\u0105, nurod\u0117 u\u017edaryti Rusijos konsulat\u0105 Bonoje, o Rusijos namus Berlyne taip pat planuojama u\u017everti.<\/p>\n<p>Europos S\u0105jungos u\u017esienio politikos vadov\u0117 Kaja Kallas yra persp\u0117jusi, kad Rusija didina kinetini\u0173 hibridini\u0173 incident\u0173 skai\u010di\u0173 Europoje, siekdama paveikti politinius sprendimus ir ma\u017einti param\u0105 Ukrainai.<\/p>\n<p>Jos vertinimu, \u0161i\u0173 atvej\u0173 rizika akivaizd\u017eiai auga, o vien tik pavien\u0117s nacionalin\u0117s priemon\u0117s ne visada leid\u017eia laiku atpa\u017einti veikimo modelius ir u\u017ekirsti keli\u0105 pasikartojimui.<\/p>\n<p>Pastarosiomis dienomis apie dron\u0173 \u012fsibrovimus ar incidentus taip pat prane\u0161\u0117 kelios NATO rytinio sparno valstyb\u0117s, o Vokietijoje policija tyr\u0117 \u012ftartinus atvejus prie energetikos objekt\u0173.<\/p>\n<p>Estijos gynybos ministras Hanno Pevkur akcentavo, kad Rusija nuolat tikrina rib\u0105, kur prasideda ai\u0161ki reakcija, tod\u0117l Europai svarbu i\u0161laikyti blaiv\u0173 vertinim\u0105 ir nuosekliai stiprinti atgrasym\u0105.<\/p>\n<p>Tuo metu Rusijos u\u017esienio reikal\u0173 ministerija anks\u010diau yra kritikavusi Europos \u0161ali\u0173 parei\u0161kimus, teigdama, kad kaltinimai skelbiami nepasibaigus tyrimams.<\/p>\n<p>Vis d\u0117lto Vokietijos sprendimas vie\u0161ai \u012fvardyti atsakomyb\u0119 ir imtis diplomatini\u0173 priemoni\u0173 rodo, kad Berlynas siekia perkelti \u0161iuos incidentus i\u0161 pavieni\u0173 \u012fvyki\u0173 \u012f sistemin\u012f saugumo darbotvark\u0117s klausim\u0105 ES ir NATO lygmeniu.<\/p>\n","protected":false},"excerpt":{"rendered":"<p>Vokietija oficialiai apkaltino Rusij\u0105 hibridine ataka Leipcige, o Ursula von der Leyen \u017eada koordinuot\u0105 ES ir NATO atsak\u0105 bei svarstomas sankcijas.<\/p>\n","protected":false},"author":0,"featured_media":50801,"comment_status":"open","ping_status":"open","sticky":false,"template":"","format":"standard","meta":{"_acf_changed":false,"footnotes":""},"categories":[13],"tags":[667,6223,7544,702,1556,700,466],"miestas":[],"class_list":["post-50800","post","type-post","status-publish","format-standard","has-post-thumbnail","hentry","category-kultura","tag-europos-komisija","tag-hibridines-gresmes","tag-markas-rutte","tag-nato","tag-rusija","tag-ursula-von-der-leyen","tag-vokietija"],"acf":[],"_links":{"self":[{"href":"https:\/\/cp.snarskis.lt\/index.php\/wp-json\/wp\/v2\/posts\/50800","targetHints":{"allow":["GET"]}}],"collection":[{"href":"https:\/\/cp.snarskis.lt\/index.php\/wp-json\/wp\/v2\/posts"}],"about":[{"href":"https:\/\/cp.snarskis.lt\/index.php\/wp-json\/wp\/v2\/types\/post"}],"replies":[{"embeddable":true,"href":"https:\/\/cp.snarskis.lt\/index.php\/wp-json\/wp\/v2\/comments?post=50800"}],"version-history":[{"count":0,"href":"https:\/\/cp.snarskis.lt\/index.php\/wp-json\/wp\/v2\/posts\/50800\/revisions"}],"wp:featuredmedia":[{"embeddable":true,"href":"https:\/\/cp.snarskis.lt\/index.php\/wp-json\/wp\/v2\/media\/50801"}],"wp:attachment":[{"href":"https:\/\/cp.snarskis.lt\/index.php\/wp-json\/wp\/v2\/media?parent=50800"}],"wp:term":[{"taxonomy":"category","embeddable":true,"href":"https:\/\/cp.snarskis.lt\/index.php\/wp-json\/wp\/v2\/categories?post=50800"},{"taxonomy":"post_tag","embeddable":true,"href":"https:\/\/cp.snarskis.lt\/index.php\/wp-json\/wp\/v2\/tags?post=50800"},{"taxonomy":"miestas","embeddable":true,"href":"https:\/\/cp.snarskis.lt\/index.php\/wp-json\/wp\/v2\/miestas?post=50800"}],"curies":[{"name":"wp","href":"https:\/\/api.w.org\/{rel}","templated":true}]}}