{"id":50821,"date":"2026-09-01T16:51:37","date_gmt":"2026-09-01T16:51:37","guid":{"rendered":"https:\/\/cp.snarskis.lt\/index.php\/2026\/09\/01\/portugalijoje-ikurta-kiala-leidykla-zada-daugiau-juodaodziu-autoriu-kodel-tai-svarbu-rinkai\/"},"modified":"2026-09-01T16:51:37","modified_gmt":"2026-09-01T16:51:37","slug":"portugalijoje-ikurta-kiala-leidykla-zada-daugiau-juodaodziu-autoriu-kodel-tai-svarbu-rinkai","status":"publish","type":"post","link":"https:\/\/cp.snarskis.lt\/index.php\/2026\/09\/01\/portugalijoje-ikurta-kiala-leidykla-zada-daugiau-juodaodziu-autoriu-kodel-tai-svarbu-rinkai\/","title":{"rendered":"Portugalijoje \u012fkurta \u201eKiala\u201c leidykla \u017eada daugiau juodaod\u017ei\u0173 autori\u0173: kod\u0117l tai svarbu rinkai"},"content":{"rendered":"<p>Portugalijos leidybos rinkoje veikl\u0105 prad\u0117jo naujas leidyklos \u017eenklas \u201eKiala\u201c, kurio tikslas \u2013 nuosekliai leisti knygas, para\u0161ytas juodaod\u017ei\u0173 autori\u0173, ir taip ma\u017einti j\u0173 nepakankam\u0105 matomum\u0105 knygynuose. Iniciatyvos autor\u0117 ir redaktor\u0117 Elga Fontes sako, kad tai n\u0117ra bandymas kurti atskir\u0105 literat\u016bros lentyn\u0105, o pastanga i\u0161pl\u0117sti \u201enorm\u0105\u201c \u2013 k\u0105 Portugalijoje \u012fprasta laikyti leidybai \u201etinkan\u010diu\u201c balsu.<\/p>\n<p>\u201eKiala\u201c oficialiai startavo 2026 met\u0173 gegu\u017e\u0119 kaip leidyklos \u201eV\u00edrgula d\u2019Interroga\u00e7\u00e3o\u201c \u017eenklas. Pavadinimas, pasak E. Fontes, kil\u0119s i\u0161 kimbundu kalbos ir rei\u0161kia ap\u0161viesti, atne\u0161ti \u0161vies\u0105 \u2013 tai tur\u0117t\u0173 atspind\u0117ti ir misij\u0105, ir krypt\u012f, kuria siekiama keisti vietin\u0119 kult\u016brin\u0119 ekosistem\u0105.<\/p>\n<h2>Kas stumia autorius \u012f para\u0161tes?<\/h2>\n<p>E. Fontes teigia, kad id\u0117ja kilo i\u0161 asmenin\u0117s patirties: studij\u0173 metu ji analizavo vienos Portugalijos leidyklos katalog\u0105 ir pasteb\u0117jo, kad tarp \u0161imt\u0173 per kelerius metus i\u0161leist\u0173 knyg\u0173 tik ma\u017edaug de\u0161imtadalis buvo ne balt\u0173j\u0173 autori\u0173 darbai. V\u0117liau, per\u017evelgusi ir kit\u0173 leidybos grupi\u0173 naujienas, ji padar\u0117 pana\u0161i\u0105 i\u0161vad\u0105 \u2013 erdv\u0117s juodaod\u017ei\u0173 autoriams tr\u016bksta ir \u0161iandien.<\/p>\n<p>Portugalijoje, pasak jos, n\u0117ra pla\u010diai \u017einomo, nuoseklaus tyrimo ar vie\u0161os steb\u0117senos, kuri sistemingai vertint\u0173 rasin\u0119 reprezentacij\u0105 leidyboje. D\u0117l to rinkos disproporcijos da\u017enai lieka \u201enematomos\u201c: jei ka\u017eko neskai\u010diuoji, sunku \u012frodyti mast\u0105 ir dar sunkiau \u012ftikinti, kad problema strukt\u016brin\u0117.<\/p>\n<p>Leid\u0117ja pabr\u0117\u017eia, kad vieno \u201ekaltininko\u201c n\u0117ra: sprendimus lemia redaktoriai, agentai, kritikai, knygyn\u0173 politika ir skaitytoj\u0173 \u012fpro\u010diai, o socialiniai tinklai da\u017eniau i\u0161ry\u0161kina tai, kas jau ir taip matoma. Ma\u017eoje rinkoje leid\u0117jai paprastai ie\u0161ko komercinio saugumo, tod\u0117l \u201enetipi\u0161ki\u201c vardai ar temos neretai laikomi rizika.<\/p>\n<h2>Ne tik apie rasizm\u0105 ir skausm\u0105<\/h2>\n<p>\u201eKiala\u201c siekia gin\u010dyti dar vien\u0105 \u012fsi\u0161aknijusi\u0105 nuostat\u0105 \u2013 kad juodaod\u017ei\u0173 autori\u0173 literat\u016bra privalo b\u016bti apie rasin\u0119 patirt\u012f, diskriminacij\u0105 ar kan\u010di\u0105. E. Fontes teigimu, toks po\u017ei\u016bris redukuoja autorius iki vienos tapatyb\u0117s dimensijos ir atima i\u0161 j\u0173 teis\u0119 b\u016bti vertinamiems kaip universal\u016bs k\u016br\u0117jai, galintys ra\u0161yti bet kokia tema.<\/p>\n<p>\u201eSu \u201eKiala\u201c nor\u0117jome sujudinti nuostat\u0105, kad juodaodis \u017emogus gali ra\u0161yti tik apie rasizm\u0105 ir kan\u010di\u0105\u201c, \u2013 sak\u0117 Elga Fontes.<\/p>\n<p>Pirmasis \u201eKiala\u201c leidinys \u2013 JAV autor\u0117s ir visuomeninink\u0117s Mikki Kendall negro\u017ein\u0117 knyga apie feminizm\u0105 ir socialin\u0119 nelygyb\u0119, kurioje aptariami klas\u0117s, skurdo, smurto ir etni\u0161kumo klausimai. Antrasis leidinys, planuojamas 2026 met\u0173 lapkrit\u012f, \u2013 Akwaeke Emezi romanas The Death of Vivek Oji, pasakojantis apie tapatyb\u0119, \u0161eim\u0105 ir brand\u0105 Nigerijos visuomen\u0117s kontekste.<\/p>\n<h2>\u201eKiala\u201c augimo planas ir rinka<\/h2>\n<p>Leidykla kol kas planuoja nedidel\u012f temp\u0105: 2026 metais \u2013 dvi knygos, 2027 metais \u2013 trys, o 2027 met\u0173 s\u0105ra\u0161as, pasak leid\u0117jos, jau suderintas ir bus orientuotas \u012f gro\u017ein\u0119 literat\u016br\u0105. Tolimesn\u0117je perspektyvoje, nuo 2028 met\u0173, ketinama prad\u0117ti leisti ir Portugalijos autorius.<\/p>\n<p>E. Fontes pripa\u017e\u012fsta, kad toks projektas nei\u0161vengiamai bus vadinamas ni\u0161iniu, o dalis auditorijos j\u012f gali vertinti prie\u0161i\u0161kai. Vis d\u0117lto ji akcentuoja praktin\u012f tiksl\u0105: b\u016bti tradicin\u0117s rinkos dalimi \u2013 ne kurti atskir\u0105 platinimo kanal\u0105, o u\u017etikrinti, kad juodaod\u017ei\u0173 autori\u0173 knygos atsirast\u0173 ten, kur j\u0173 tr\u016bksta, ir b\u016bt\u0173 randamos \u201enormaliai\u201c, be i\u0161skyrimo.<\/p>\n<p>Did\u017eiausi i\u0161\u0161\u016bkiai, b\u016bdingi daugeliui nepriklausom\u0173 leid\u0117j\u0173, i\u0161lieka tie patys: platinimas, gamybos s\u0105naudos, popieriaus kainos ir ribota vietin\u0117 paklausa. \u0160iuos veiksnius dar labiau sustiprina pragyvenimo ka\u0161tai ir bendri skaitymo \u012fpro\u010diai, d\u0117l kuri\u0173 knyg\u0173 kainos ma\u017eoje rinkoje da\u017enai kyla, o rizikos tolerancija ma\u017e\u0117ja.<\/p>\n<p>Ilgalaikis \u201eKiala\u201c tikslas, anot \u012fk\u016br\u0117jos, paradoksalus: pasiekti ta\u0161k\u0105, kai tokios leidyklos apskritai nebereik\u0117s, nes platesn\u0117 rinka pati nat\u016braliai ir nuosekliai investuos \u012f \u012fvairi\u0173 \u0161ali\u0173, \u017eanr\u0173 ir patir\u010di\u0173 juodaod\u017ei\u0173 autorius. Kol kas \u201eKiala\u201c siekia, kad juodaod\u017ei\u0173 ra\u0161ytojai Portugalijos knygynuose nustot\u0173 b\u016bti i\u0161imtimi ir tapt\u0173 kasdienybe.<\/p>\n","protected":false},"excerpt":{"rendered":"<p>Portugalijoje startavusi \u201eKiala\u201c leidykla \u017eada daugiau juodaod\u017ei\u0173 autori\u0173 knygynuose ir siekia keisti po\u017ei\u016br\u012f, kad j\u0173 k\u016bryba b\u016btinai apie rasizm\u0105.<\/p>\n","protected":false},"author":0,"featured_media":50823,"comment_status":"open","ping_status":"open","sticky":false,"template":"","format":"standard","meta":{"_acf_changed":false,"footnotes":""},"categories":[13],"tags":[39262,39263,39261,16639,39264,11466,1785],"miestas":[],"class_list":["post-50821","post","type-post","status-publish","format-standard","has-post-thumbnail","hentry","category-kultura","tag-elga-fontes","tag-juodaodziai-autoriai","tag-kiala","tag-knygu-leidyba","tag-knygu-rinka","tag-literatura","tag-portugalija"],"acf":[],"_links":{"self":[{"href":"https:\/\/cp.snarskis.lt\/index.php\/wp-json\/wp\/v2\/posts\/50821","targetHints":{"allow":["GET"]}}],"collection":[{"href":"https:\/\/cp.snarskis.lt\/index.php\/wp-json\/wp\/v2\/posts"}],"about":[{"href":"https:\/\/cp.snarskis.lt\/index.php\/wp-json\/wp\/v2\/types\/post"}],"replies":[{"embeddable":true,"href":"https:\/\/cp.snarskis.lt\/index.php\/wp-json\/wp\/v2\/comments?post=50821"}],"version-history":[{"count":0,"href":"https:\/\/cp.snarskis.lt\/index.php\/wp-json\/wp\/v2\/posts\/50821\/revisions"}],"wp:featuredmedia":[{"embeddable":true,"href":"https:\/\/cp.snarskis.lt\/index.php\/wp-json\/wp\/v2\/media\/50823"}],"wp:attachment":[{"href":"https:\/\/cp.snarskis.lt\/index.php\/wp-json\/wp\/v2\/media?parent=50821"}],"wp:term":[{"taxonomy":"category","embeddable":true,"href":"https:\/\/cp.snarskis.lt\/index.php\/wp-json\/wp\/v2\/categories?post=50821"},{"taxonomy":"post_tag","embeddable":true,"href":"https:\/\/cp.snarskis.lt\/index.php\/wp-json\/wp\/v2\/tags?post=50821"},{"taxonomy":"miestas","embeddable":true,"href":"https:\/\/cp.snarskis.lt\/index.php\/wp-json\/wp\/v2\/miestas?post=50821"}],"curies":[{"name":"wp","href":"https:\/\/api.w.org\/{rel}","templated":true}]}}