{"id":50943,"date":"2026-09-02T01:01:52","date_gmt":"2026-09-02T01:01:52","guid":{"rendered":"https:\/\/cp.snarskis.lt\/index.php\/2026\/09\/02\/vilniaus-dienos-sukaustys-centra-uzdaromas-gedimino-prospektas-viesasis-transportas-dazneja\/"},"modified":"2026-09-02T01:01:52","modified_gmt":"2026-09-02T01:01:52","slug":"vilniaus-dienos-sukaustys-centra-uzdaromas-gedimino-prospektas-viesasis-transportas-dazneja","status":"publish","type":"post","link":"https:\/\/cp.snarskis.lt\/index.php\/2026\/09\/02\/vilniaus-dienos-sukaustys-centra-uzdaromas-gedimino-prospektas-viesasis-transportas-dazneja\/","title":{"rendered":"\u201eVilniaus dienos\u201c sukaustys centr\u0105: u\u017edaromas Gedimino prospektas, vie\u0161asis transportas da\u017en\u0117ja"},"content":{"rendered":"<p>Jau \u0161\u012f savaitgal\u012f Vilniuje vyks festivalis \u201eVilniaus dienos\u201c \u2013 trij\u0173 dien\u0173 miesto renginys, kviesiantis \u012f koncertus, sporto veiklas, k\u016brybines dirbtuves, dizaino ir literat\u016bros iniciatyvas bei gastronomijos erdves. D\u0117l programos masto dalyje centro numatomi laikini eismo ribojimai ir vie\u0161ojo transporto tvarkara\u0161\u010di\u0173 korekcijos.<\/p>\n<h2>Eismo ribojimai festivalio metu<\/h2>\n<p>Did\u017eiausi poky\u010diai planuojami Gedimino prospekte: nuo rugs\u0117jo 3 dienos 9 valandos iki rugs\u0117jo 7 dienos 7 valandos bus draud\u017eiamas transporto priemoni\u0173 eismas atkarpoje nuo \u0160ventaragio gatv\u0117s iki J. Tumo-Vai\u017eganto gatv\u0117s. \u012e \u0161i\u0105 prospekto dal\u012f taip pat nebus galima \u012fva\u017eiuoti i\u0161 \u0161alutini\u0173 gatvi\u0173.<\/p>\n<p>Koncert\u0173 Katedros aik\u0161t\u0117je metu rugs\u0117jo 4 ir 5 dienomis nuo 19 iki 24 valandos bus stabdomas eismas Barboros Radvilait\u0117s, \u0160ventaragio ir T. Vrublevskio gatv\u0117se. Planuojant keliones verta \u012fsivertinti, kad ribojimai apims ir vie\u0161\u0105j\u012f transport\u0105, tod\u0117l galimi nukreipimai ir trumpalaikiai v\u0117lavimai.<\/p>\n<p>Rugs\u0117jo 3 dienos 9 valandos iki rugs\u0117jo 6 dienos 22 valandos laikotarpiu bus draud\u017eiamas automobili\u0173 statymas ir stov\u0117jimas Totori\u0173 gatv\u0117s dalyje nuo Gedimino prospekto iki pastato Totori\u0173 g. 8. Nuo rugs\u0117jo 4 dienos 9 valandos iki rugs\u0117jo 6 dienos 22 valandos taip pat bus u\u017edaroma Vasario 16-osios gatv\u0117s dalis nuo \u0160ermuk\u0161ni\u0173 gatv\u0117s iki Gedimino prospekto.<\/p>\n<p>Dar vienas ribojim\u0173 etapas numatytas v\u0117lyv\u0105 vakar\u0105: rugs\u0117jo 4 ir 5 dienomis nuo 21.30 valandos iki kitos dienos 0.30 valandos bus ribojamas eismas A. Go\u0161tauto gatv\u0117s dalyje nuo Vasario 16-osios gatv\u0117s iki Me\u010det\u0117s gatv\u0117s, taip pat J. Tumo-Vai\u017eganto gatv\u0117s dalyje nuo Luki\u0161ki\u0173 iki A. Go\u0161tauto gatv\u0117s. Nurodytu laiku prioritetas bus teikiamas vie\u0161ajam transportui.<\/p>\n<p>Gyventojams ir \u012fmon\u0117ms i\u0161duoti leidimai statyti automobilius mokamose stov\u0117jimo vietose m\u0117lynojoje ir raudonojoje zonose \u201eVilniaus dienos 2026\u201c laikotarpiu, rugs\u0117jo 3\u20137 dienomis, galios ir kitose miesto stov\u0117jimo zonose. Tai aktualu tiems, kurie \u012fprastai automobil\u012f palieka ar\u010diausiai Gedimino prospekto ir aplinkini\u0173 aik\u0161\u010di\u0173.<\/p>\n<h2>Vie\u0161asis transportas kursuos da\u017eniau<\/h2>\n<p>Festivalio dienomis vie\u0161asis transportas Vilniuje bus stiprinamas, kad gyventojai ir miesto sve\u010diai patogiau pasiekt\u0173 pagrindines rengini\u0173 vietas: Katedros, Vinco Kudirkos ir Luki\u0161ki\u0173 aik\u0161tes, Gedimino prospekt\u0105 bei erdves prie Baltojo tilto. Organizatoriai ir miesto paslaug\u0173 operatoriai \u012fprastai tokiais savaitgaliais skatina rinktis vie\u0161\u0105j\u012f transport\u0105, nes centro gatv\u0117se susidaro did\u017eiausios sp\u016bstys.<\/p>\n<p>Da\u017eniau kursuos 1G, 3G, 3G-A, 4G ir 53 mar\u0161rut\u0173 autobusai, taip pat 2, 3, 7 ir 17 mar\u0161rut\u0173 troleibusai. Renginio dalyvi\u0173 srautams suvaldyti numatomi ir talpesni naktiniai autobusai, tod\u0117l v\u0117lyv\u0105 vakar\u0105 gr\u012f\u017eti i\u0161 koncert\u0173 tur\u0117t\u0173 b\u016bti papras\u010diau.<\/p>\n<p>Miestas primena, kad realiuoju laiku sekant transporto jud\u0117jim\u0105 ir galimus nukrypimus galima grei\u010diau prisitaikyti prie pasikeitim\u0173. Planuojantiems kelion\u0119 \u012f centr\u0105 rekomenduojama skirti daugiau laiko, o automobil\u012f palikti toliau nuo rengini\u0173 zonos ir dal\u012f mar\u0161ruto \u012fveikti p\u0117s\u010diomis.<\/p>\n","protected":false},"excerpt":{"rendered":"<p>Savaitgal\u012f vykstan\u010dios \u201eVilniaus dienos\u201c atne\u0161a eismo ribojimus centre: u\u017edaromas Gedimino prospektas, o autobusai ir troleibusai kursuos da\u017eniau.<\/p>\n","protected":false},"author":0,"featured_media":50944,"comment_status":"open","ping_status":"open","sticky":false,"template":"","format":"standard","meta":{"_acf_changed":false,"footnotes":""},"categories":[15],"tags":[2889,2951,7595,5822,617,6526],"miestas":[72],"class_list":["post-50943","post","type-post","status-publish","format-standard","has-post-thumbnail","hentry","category-regionai","tag-eismo-ribojimai","tag-gedimino-prospektas","tag-judu","tag-katedros-aikste","tag-viesasis-transportas","tag-vilniaus-dienos","miestas-vilniaus-miesto-savivaldybe"],"acf":[],"_links":{"self":[{"href":"https:\/\/cp.snarskis.lt\/index.php\/wp-json\/wp\/v2\/posts\/50943","targetHints":{"allow":["GET"]}}],"collection":[{"href":"https:\/\/cp.snarskis.lt\/index.php\/wp-json\/wp\/v2\/posts"}],"about":[{"href":"https:\/\/cp.snarskis.lt\/index.php\/wp-json\/wp\/v2\/types\/post"}],"replies":[{"embeddable":true,"href":"https:\/\/cp.snarskis.lt\/index.php\/wp-json\/wp\/v2\/comments?post=50943"}],"version-history":[{"count":0,"href":"https:\/\/cp.snarskis.lt\/index.php\/wp-json\/wp\/v2\/posts\/50943\/revisions"}],"wp:featuredmedia":[{"embeddable":true,"href":"https:\/\/cp.snarskis.lt\/index.php\/wp-json\/wp\/v2\/media\/50944"}],"wp:attachment":[{"href":"https:\/\/cp.snarskis.lt\/index.php\/wp-json\/wp\/v2\/media?parent=50943"}],"wp:term":[{"taxonomy":"category","embeddable":true,"href":"https:\/\/cp.snarskis.lt\/index.php\/wp-json\/wp\/v2\/categories?post=50943"},{"taxonomy":"post_tag","embeddable":true,"href":"https:\/\/cp.snarskis.lt\/index.php\/wp-json\/wp\/v2\/tags?post=50943"},{"taxonomy":"miestas","embeddable":true,"href":"https:\/\/cp.snarskis.lt\/index.php\/wp-json\/wp\/v2\/miestas?post=50943"}],"curies":[{"name":"wp","href":"https:\/\/api.w.org\/{rel}","templated":true}]}}