{"id":50947,"date":"2026-09-02T01:02:45","date_gmt":"2026-09-02T01:02:45","guid":{"rendered":"https:\/\/cp.snarskis.lt\/index.php\/2026\/09\/02\/vilniuje-savaitgali-uzvers-vingio-parka-del-begimo-the-color-run-griezti-eismo-ribojimai\/"},"modified":"2026-09-02T01:02:45","modified_gmt":"2026-09-02T01:02:45","slug":"vilniuje-savaitgali-uzvers-vingio-parka-del-begimo-the-color-run-griezti-eismo-ribojimai","status":"publish","type":"post","link":"https:\/\/cp.snarskis.lt\/index.php\/2026\/09\/02\/vilniuje-savaitgali-uzvers-vingio-parka-del-begimo-the-color-run-griezti-eismo-ribojimai\/","title":{"rendered":"Vilniuje savaitgal\u012f u\u017evers Vingio park\u0105: d\u0117l b\u0117gimo \u201eThe color run\u201c \u2013 grie\u017eti eismo ribojimai"},"content":{"rendered":"<p>Vilniuje art\u0117jant \u0161ventiniam b\u0117gimui \u201eThe color run\u201c vairuotojams ir parko lankytojams teks planuoti mar\u0161rutus i\u0161 anksto. D\u0117l renginio pasiruo\u0161imo ir jo metu numatomi laikini eismo ribojimai Vingio parko prieigose.<\/p>\n<p>Organizatori\u0173 ir miesto tarnyb\u0173 teigimu, nuo rugs\u0117jo 5 dien\u0105 22 valand\u0105 iki rugs\u0117jo 6 dien\u0105 19 valandos bus draud\u017eiamas transporto eismas Vingio parke. Apribojimai apims atkarp\u0105 nuo \u012fva\u017eiuojamojo kelio i\u0161 Gele\u017einio Vilko gatv\u0117s pus\u0117s iki Vingio parko estrados.<\/p>\n<p>Tokie ribojimai da\u017eniausiai taikomi ne tik d\u0117l dalyvi\u0173 saugumo, bet ir d\u0117l renginio infrastrukt\u016bros \u012frengimo, techninio transporto bei trasos paruo\u0161imo. Did\u017eiausi srautai paprastai susidaro prie\u0161 start\u0105 ir pasibaigus b\u0117gimui, tod\u0117l piko metu verta rinktis alternatyvius mar\u0161rutus.<\/p>\n<p>Gyventojams patariama \u012fvertinti, kad prie parko gali b\u016bti sud\u0117tingesnis priva\u017eiavimas, o kai kuriose vietose laikinai gali keistis \u012fprasta eismo organizavimo tvarka. Vingio park\u0105 pasiekti p\u0117s\u010diomis ar dvira\u010diu \u0161iuo laikotarpiu da\u017eniausiai i\u0161lieka papras\u010diau nei automobiliu.<\/p>\n<p>Renginio organizatoriai atsipra\u0161o u\u017e laikinus nepatogumus ir ragina vairuotojus b\u016bti atidesnius, laikytis kelio \u017eenkl\u0173 bei pareig\u016bn\u0173 ar organizatori\u0173 nurodym\u0173. Planuojant kelion\u0119 naudinga pasitikrinti naujausi\u0105 informacij\u0105 apie ribojimus prie\u0161 vykstant \u012f renginio viet\u0105.<\/p>\n","protected":false},"excerpt":{"rendered":"<p>Vilniuje d\u0117l b\u0117gimo \u201eThe color run\u201c nuo rugs\u0117jo 5 dienos vakaro iki rugs\u0117jo 6 dienos vakaro bus ribojamas eismas Vingio parke.<\/p>\n","protected":false},"author":0,"featured_media":0,"comment_status":"open","ping_status":"open","sticky":false,"template":"","format":"standard","meta":{"_acf_changed":false,"footnotes":""},"categories":[15],"tags":[2350,2889,8179,14155,1157,12792],"miestas":[72],"class_list":["post-50947","post","type-post","status-publish","format-standard","hentry","category-regionai","tag-begimas","tag-eismo-ribojimai","tag-masiniai-renginiai","tag-the-color-run","tag-vilnius","tag-vingio-parkas","miestas-vilniaus-miesto-savivaldybe"],"acf":[],"_links":{"self":[{"href":"https:\/\/cp.snarskis.lt\/index.php\/wp-json\/wp\/v2\/posts\/50947","targetHints":{"allow":["GET"]}}],"collection":[{"href":"https:\/\/cp.snarskis.lt\/index.php\/wp-json\/wp\/v2\/posts"}],"about":[{"href":"https:\/\/cp.snarskis.lt\/index.php\/wp-json\/wp\/v2\/types\/post"}],"replies":[{"embeddable":true,"href":"https:\/\/cp.snarskis.lt\/index.php\/wp-json\/wp\/v2\/comments?post=50947"}],"version-history":[{"count":0,"href":"https:\/\/cp.snarskis.lt\/index.php\/wp-json\/wp\/v2\/posts\/50947\/revisions"}],"wp:attachment":[{"href":"https:\/\/cp.snarskis.lt\/index.php\/wp-json\/wp\/v2\/media?parent=50947"}],"wp:term":[{"taxonomy":"category","embeddable":true,"href":"https:\/\/cp.snarskis.lt\/index.php\/wp-json\/wp\/v2\/categories?post=50947"},{"taxonomy":"post_tag","embeddable":true,"href":"https:\/\/cp.snarskis.lt\/index.php\/wp-json\/wp\/v2\/tags?post=50947"},{"taxonomy":"miestas","embeddable":true,"href":"https:\/\/cp.snarskis.lt\/index.php\/wp-json\/wp\/v2\/miestas?post=50947"}],"curies":[{"name":"wp","href":"https:\/\/api.w.org\/{rel}","templated":true}]}}