{"id":50951,"date":"2026-09-02T01:20:34","date_gmt":"2026-09-02T01:20:34","guid":{"rendered":"https:\/\/cp.snarskis.lt\/index.php\/2026\/09\/02\/rugsejo-1-oji-vilniaus-rajone-116-tukst-mokiniu-nauji-darzeliai-ir-prezidento-vizitas\/"},"modified":"2026-09-02T01:20:34","modified_gmt":"2026-09-02T01:20:34","slug":"rugsejo-1-oji-vilniaus-rajone-116-tukst-mokiniu-nauji-darzeliai-ir-prezidento-vizitas","status":"publish","type":"post","link":"https:\/\/cp.snarskis.lt\/index.php\/2026\/09\/02\/rugsejo-1-oji-vilniaus-rajone-116-tukst-mokiniu-nauji-darzeliai-ir-prezidento-vizitas\/","title":{"rendered":"Rugs\u0117jo 1-oji Vilniaus rajone: 11,6 t\u016bkst. mokini\u0173, nauji dar\u017eeliai ir Prezidento vizitas"},"content":{"rendered":"<p>Rugs\u0117jo 1 dien\u0105 Vilniaus rajono ugdymo \u012fstaigos prad\u0117jo 2026\u20132027 mokslo metus: savivaldyb\u0117s duomenimis, ikimokyklinio, prie\u0161mokyklinio ir bendrojo ugdymo programose mokysis apie 11,6 t\u016bkst. vaik\u0173 ir jaunuoli\u0173. Tarp j\u0173 daugiau kaip 660 pirmok\u0173 ir apie 550 dvyliktok\u0173, tod\u0117l daliai mokykl\u0173 ir dar\u017eeli\u0173 aktualiausias i\u0161lieka viet\u0173 bei patalp\u0173 tr\u016bkumas.<\/p>\n<p>Mokslo ir \u017eini\u0173 dienos renginiuose dalyvavo Vilniaus rajono savivaldyb\u0117s vadovai ir sve\u010diai i\u0161 nacionalin\u0117s vald\u017eios. \u0160vent\u0117se akcentuota, kad spart\u0117jant priemies\u010di\u0173 pl\u0117trai did\u017eiausias i\u0161\u0161\u016bkis tampa infrastrukt\u016bros pl\u0117tra, o sprendim\u0173 ie\u0161koma tiek statant naujus pastatus, tiek diegiant laikinus modulinius sprendimus.<\/p>\n<h2>Naujas skyrius Buki\u0161kyje<\/h2>\n<p>Buki\u0161kyje rugs\u0117jo 1 dien\u0105 atidarytas Did\u017eiosios Rie\u0161\u0117s vaik\u0173 lop\u0161elio-dar\u017eelio ikimokyklinio ugdymo skyrius. \u012ekurtos 5 grup\u0117s, i\u0161 j\u0173 4 ikimokyklinio ir 1 prie\u0161mokyklinio ugdymo, o bendrai sukurta 90 nauj\u0173 viet\u0173 vaikams.<\/p>\n<p>Atidaryme dalyvav\u0119s Vilniaus rajono meras Robert Duchnevi\u010d pabr\u0117\u017e\u0117, kad augan\u010diame rajone \u0161eimoms reikia ne tik b\u016bsto, bet ir pasiekiam\u0173, saugi\u0173 ugdymo \u012fstaig\u0173. Pasak savivaldyb\u0117s, tokie sprendimai padeda ma\u017einti eiles ir sudaryti s\u0105lygas vaikams ugdym\u0105 prad\u0117ti ar\u010diau nam\u0173.<\/p>\n<h2>Poky\u010diai mokyklose ir vadovyb\u0117je<\/h2>\n<p>Nemen\u010din\u0117s Konstanto Par\u010devskio gimnazijoje pristatyta laikinai direktor\u0117s pareigas einanti Renata Krasovska. Iki \u0161iol \u0161ias pareigas \u0117jo Nemen\u010din\u0117s Gedimino gimnazijos direktor\u0117 Daiva Losinskien\u0117, tad bendruomen\u0117 mokslo metus pasitiko su administraciniais poky\u010diais.<\/p>\n<p>\u201eMokykla yra daug daugiau nei pastatas \u2013 tai \u017emon\u0117s, kurie padeda mums atrasti save ir patik\u0117ti savo j\u0117gomis\u201c, \u2013 sak\u0117 Robert Duchnevi\u010d.<\/p>\n<h2>Prezidento ir premjero vizitai<\/h2>\n<p>Rugs\u0117jo 1 dien\u0105 Lietuvos Did\u017eiojo Kunigaik\u0161\u010dio Algirdo gimnazijoje lank\u0117si Prezidentas Gitanas Naus\u0117da. Jis ragino moksleivius ne tik ie\u0161koti atsakym\u0173, bet ir mokytis abejoti, tikrinti faktus bei m\u0105styti savaranki\u0161kai, ypa\u010d informacijos gausos ir DI pl\u0117tros laikotarpiu.<\/p>\n<p>Po i\u0161kilmingos dalies Prezidentas su gimnazistais dalyvavo pilieti\u0161kumo pamokoje, kur aptarta, kaip \u0161iandien girdimas jaunimo balsas valstyb\u0117je. T\u0105 pa\u010di\u0105 dien\u0105 Mai\u0161iagalos kunigo Juzefo Obrembskio gimnazijoje apsilank\u0117 Ministras Pirmininkas Mindaugas Sinkevi\u010dius, kalb\u0117j\u0119s apie pasitik\u0117jimu gr\u012fst\u0105 ugdym\u0105 ir mokyklos bendruomen\u0117s svarb\u0105.<\/p>\n<p>\u201eM\u016bs\u0173 vis\u0173 tikslas \u2013 u\u017eauginti ne tik akademi\u0161kai stipr\u0173 mokin\u012f, bet ir ger\u0105 \u017emog\u0173, gebant\u012f u\u017ejausti, suprasti ir i\u0161klausyti\u201c, \u2013 sak\u0117 administracijos direktorius Vytautas Vansavi\u010dius.<\/p>\n<h2>Moduliniai sprendimai ir naujos vietos<\/h2>\n<p>Savivaldyb\u0117 skelbia, kad \u0161vietimo infrastrukt\u016bra ple\u010diama modulini\u0173 pastat\u0173 sprendimais, kurie leid\u017eia grei\u010diau reaguoti \u012f augant\u012f vaik\u0173 skai\u010di\u0173. \u0160\u012f ruden\u012f Galgiuose atidarytas modulinis dar\u017eelis su 3 naujomis grup\u0117mis, o \u0161alia Egli\u0161ki\u0173 \u0161v. Jono Bosko gimnazijos duris atv\u0117r\u0117 modulinis pastatas dar 3 grup\u0117ms.<\/p>\n<p>Dar 3 grup\u0117s prad\u0117jo veikl\u0105 moduliniame dar\u017eelyje prie Skaidi\u0161ki\u0173 mokyklos-dar\u017eelio, o prie Rie\u0161\u0117s \u0161v. Faustinos Kovalskos pagrindin\u0117s mokyklos pastatyti moduliniai pastatai 5 klas\u0117ms, sporto salei ir mokytoj\u0173 kambariui. Savivaldyb\u0117 taip pat nurodo, kad prie Juod\u0161ili\u0173 \u0161v. Ur\u0161ul\u0117s Leduchovskos gimnazijos planuojamas modulinis pastatas 3 ikimokyklinio ugdymo grup\u0117ms.<\/p>\n<p>Per metus, savivaldyb\u0117s skai\u010diavimu, papildomai sukurta 160 nauj\u0173 ikimokyklinio ir prie\u0161mokyklinio ugdymo viet\u0173. Vilniaus rajono savivaldyb\u0117 teigia, kad viet\u0173 didinimas bus t\u0119siamas, nes demografinis augimas ir priemies\u010di\u0173 pl\u0117tra i\u0161lieka vienu pagrindini\u0173 \u0161vietimo sistemos planavimo veiksni\u0173.<\/p>\n","protected":false},"excerpt":{"rendered":"<p>Vilniaus rajone mokslo metus prad\u0117jo apie 11,6 t\u016bkst. mokini\u0173, atidaryti nauji dar\u017eeli\u0173 ir modulini\u0173 pastat\u0173 sprendimai, apsilank\u0117 Prezidentas ir premjeras.<\/p>\n","protected":false},"author":0,"featured_media":50952,"comment_status":"open","ping_status":"open","sticky":false,"template":"","format":"standard","meta":{"_acf_changed":false,"footnotes":""},"categories":[15],"tags":[5572,1389,8253,39362,2942,39361,1368],"miestas":[71],"class_list":["post-50951","post","type-post","status-publish","format-standard","has-post-thumbnail","hentry","category-regionai","tag-gitanas-nauseda","tag-ikimokyklinis-ugdymas","tag-mindaugas-sinkevicius","tag-moduliniai-pastatai","tag-robert-duchnevic","tag-rugsejo-1","tag-vilniaus-rajono-savivaldybe","miestas-vilniaus-rajono-savivaldybe"],"acf":[],"_links":{"self":[{"href":"https:\/\/cp.snarskis.lt\/index.php\/wp-json\/wp\/v2\/posts\/50951","targetHints":{"allow":["GET"]}}],"collection":[{"href":"https:\/\/cp.snarskis.lt\/index.php\/wp-json\/wp\/v2\/posts"}],"about":[{"href":"https:\/\/cp.snarskis.lt\/index.php\/wp-json\/wp\/v2\/types\/post"}],"replies":[{"embeddable":true,"href":"https:\/\/cp.snarskis.lt\/index.php\/wp-json\/wp\/v2\/comments?post=50951"}],"version-history":[{"count":0,"href":"https:\/\/cp.snarskis.lt\/index.php\/wp-json\/wp\/v2\/posts\/50951\/revisions"}],"wp:featuredmedia":[{"embeddable":true,"href":"https:\/\/cp.snarskis.lt\/index.php\/wp-json\/wp\/v2\/media\/50952"}],"wp:attachment":[{"href":"https:\/\/cp.snarskis.lt\/index.php\/wp-json\/wp\/v2\/media?parent=50951"}],"wp:term":[{"taxonomy":"category","embeddable":true,"href":"https:\/\/cp.snarskis.lt\/index.php\/wp-json\/wp\/v2\/categories?post=50951"},{"taxonomy":"post_tag","embeddable":true,"href":"https:\/\/cp.snarskis.lt\/index.php\/wp-json\/wp\/v2\/tags?post=50951"},{"taxonomy":"miestas","embeddable":true,"href":"https:\/\/cp.snarskis.lt\/index.php\/wp-json\/wp\/v2\/miestas?post=50951"}],"curies":[{"name":"wp","href":"https:\/\/api.w.org\/{rel}","templated":true}]}}