{"id":50953,"date":"2026-09-02T01:20:57","date_gmt":"2026-09-02T01:20:57","guid":{"rendered":"https:\/\/cp.snarskis.lt\/index.php\/2026\/09\/02\/rugsejo-1-oji-jau-cia-meras-robertas-duchnevicius-siuncia-zinute-kuria-verta-isgirsti-visiems\/"},"modified":"2026-09-02T01:20:57","modified_gmt":"2026-09-02T01:20:57","slug":"rugsejo-1-oji-jau-cia-meras-robertas-duchnevicius-siuncia-zinute-kuria-verta-isgirsti-visiems","status":"publish","type":"post","link":"https:\/\/cp.snarskis.lt\/index.php\/2026\/09\/02\/rugsejo-1-oji-jau-cia-meras-robertas-duchnevicius-siuncia-zinute-kuria-verta-isgirsti-visiems\/","title":{"rendered":"Rugs\u0117jo 1-oji jau \u010dia: meras Robertas Duchnevi\u010dius siun\u010dia \u017einut\u0119, kuri\u0105 verta i\u0161girsti visiems"},"content":{"rendered":"<p>Prasid\u0117jus naujiems mokslo metams, savivaldyb\u0117s meras Robertas Duchnevi\u010dius kreip\u0117si \u012f mokinius, j\u0173 t\u0117vus ir \u0161vietimo bendruomen\u0119, pasveikindamas su Rugs\u0117jo 1-\u0105ja. Tai diena, kuri daugeliui \u0161eim\u0173 rei\u0161kia nauj\u0105 start\u0105, o ugdymo \u012fstaigoms \u2013 intensyvaus darbo prad\u017ei\u0105.<\/p>\n<p>Sveikinime akcentuojama, kad mokykla yra ne tik \u017eini\u0173, bet ir vertybi\u0173, atsakomyb\u0117s bei bendryst\u0117s erdv\u0117. Pasak mero, kiekviena nauja klas\u0117 ir kiekvienas naujas mokslo met\u0173 etapas yra proga i\u0161sikelti ai\u0161kius tikslus, o svarbiausia \u2013 j\u0173 siekti nuosekliai, kartu su mokytojais ir artimaisiais.<\/p>\n<p>\u201eLinkiu, kad \u0161ie mokslo metai b\u016bt\u0173 kupini smalsumo, prasming\u0173 atradim\u0173 ir pasitik\u0117jimo savimi, o kiekviena diena mokykloje vest\u0173 ar\u010diau j\u016bs\u0173 svajoni\u0173\u201c, \u2013 sak\u0117 Robertas Duchnevi\u010dius.<\/p>\n<p>Pastaraisiais metais Lietuvos \u0161vietimo sistemoje ry\u0161k\u0117ja kelios tendencijos, kurios kei\u010dia kasdienyb\u0119 mokyklose: didesnis d\u0117mesys mokini\u0173 emocinei gerovei, \u012ftraukusis ugdymas ir skaitmenini\u0173 \u012fg\u016bd\u017ei\u0173 svarba. Vis daugiau mokykl\u0173 stiprina pagalbos mokiniui tinkl\u0105, o t\u0117v\u0173 ir mokytoj\u0173 bendradarbiavimas tampa vienu svarbiausi\u0173 veiksni\u0173, lemian\u010di\u0173 vaiko pa\u017eang\u0105.<\/p>\n<p>Nauj\u0173 mokslo met\u0173 prad\u017eia taip pat primena praktinius r\u016bpes\u010dius: saug\u0173 keli\u0105 \u012f mokykl\u0105, tvarking\u0105 dienos re\u017eim\u0105 ir atsaking\u0105 technologij\u0173 naudojim\u0105. Specialistai pabr\u0117\u017eia, kad ai\u0161kios taisykl\u0117s namuose, stabilus miego grafikas ir nuoseklus pasiruo\u0161imas pamokoms da\u017enai duoda greitesn\u012f rezultat\u0105 nei vienkartin\u0117s pastangos semestro pabaigoje.<\/p>\n<p>Mero sveikinimas simboli\u0161kai pa\u017eymi bendr\u0105 start\u0105 visai bendruomenei, o jo pagrindin\u0117 \u017einut\u0117 paprasta: s\u0117kmingi mokslo metai prasideda nuo tarpusavio pagarbos, kantryb\u0117s ir tik\u0117jimo, kad kiekvienas mokinys gali augti. \u0160iandien tai svarbu ir pirmokams, ir abiturientams, ir visiems, kurie kasdien kuria mokyklos gyvenim\u0105.<\/p>\n","protected":false},"excerpt":{"rendered":"<p>Meras Robertas Duchnevi\u010dius pasveikino su Rugs\u0117jo 1-\u0105ja ir primin\u0117, kod\u0117l \u0161i\u0173 mokslo met\u0173 s\u0117km\u0119 lems bendryst\u0117, saugumas ir emocin\u0117 gerov\u0117.<\/p>\n","protected":false},"author":0,"featured_media":50954,"comment_status":"open","ping_status":"open","sticky":false,"template":"","format":"standard","meta":{"_acf_changed":false,"footnotes":""},"categories":[15],"tags":[25494,4303,20383,36287,2848,539],"miestas":[71],"class_list":["post-50953","post","type-post","status-publish","format-standard","has-post-thumbnail","hentry","category-regionai","tag-mokslo-metai","tag-mokyklos","tag-robertas-duchnevicius","tag-rugsejo-1-oji","tag-savivaldybe","tag-svietimas","miestas-vilniaus-rajono-savivaldybe"],"acf":[],"_links":{"self":[{"href":"https:\/\/cp.snarskis.lt\/index.php\/wp-json\/wp\/v2\/posts\/50953","targetHints":{"allow":["GET"]}}],"collection":[{"href":"https:\/\/cp.snarskis.lt\/index.php\/wp-json\/wp\/v2\/posts"}],"about":[{"href":"https:\/\/cp.snarskis.lt\/index.php\/wp-json\/wp\/v2\/types\/post"}],"replies":[{"embeddable":true,"href":"https:\/\/cp.snarskis.lt\/index.php\/wp-json\/wp\/v2\/comments?post=50953"}],"version-history":[{"count":0,"href":"https:\/\/cp.snarskis.lt\/index.php\/wp-json\/wp\/v2\/posts\/50953\/revisions"}],"wp:featuredmedia":[{"embeddable":true,"href":"https:\/\/cp.snarskis.lt\/index.php\/wp-json\/wp\/v2\/media\/50954"}],"wp:attachment":[{"href":"https:\/\/cp.snarskis.lt\/index.php\/wp-json\/wp\/v2\/media?parent=50953"}],"wp:term":[{"taxonomy":"category","embeddable":true,"href":"https:\/\/cp.snarskis.lt\/index.php\/wp-json\/wp\/v2\/categories?post=50953"},{"taxonomy":"post_tag","embeddable":true,"href":"https:\/\/cp.snarskis.lt\/index.php\/wp-json\/wp\/v2\/tags?post=50953"},{"taxonomy":"miestas","embeddable":true,"href":"https:\/\/cp.snarskis.lt\/index.php\/wp-json\/wp\/v2\/miestas?post=50953"}],"curies":[{"name":"wp","href":"https:\/\/api.w.org\/{rel}","templated":true}]}}