{"id":50965,"date":"2026-09-02T01:40:33","date_gmt":"2026-09-02T01:40:33","guid":{"rendered":"https:\/\/cp.snarskis.lt\/index.php\/2026\/09\/02\/visagino-mokyklos-vel-pilnos-surmulio-valdzios-zinute-mokiniams-ir-tevams-nustebino\/"},"modified":"2026-09-02T01:40:33","modified_gmt":"2026-09-02T01:40:33","slug":"visagino-mokyklos-vel-pilnos-surmulio-valdzios-zinute-mokiniams-ir-tevams-nustebino","status":"publish","type":"post","link":"https:\/\/cp.snarskis.lt\/index.php\/2026\/09\/02\/visagino-mokyklos-vel-pilnos-surmulio-valdzios-zinute-mokiniams-ir-tevams-nustebino\/","title":{"rendered":"Visagino mokyklos v\u0117l pilnos \u0161urmulio: vald\u017eios \u017einut\u0117 mokiniams ir t\u0117vams nustebino"},"content":{"rendered":"<p>Rugs\u0117jo 1-oji Visagine pa\u017eym\u0117ta sugr\u012f\u017eusiu mokini\u0173 \u0161urmuliu ir nauj\u0173 mokslo met\u0173 prad\u017eios jauduliu. Mokslo ir \u017eini\u0173 diena \u0161vietimo bendruomenei primin\u0117, kad kiekvieni metai mokykloje yra ne tik pamok\u0173 tvarkara\u0161tis, bet ir asmeninis augimas, atradimai bei naujos galimyb\u0117s.<\/p>\n<p>Miesto ugdymo \u012fstaig\u0173 bendruomenes \u0161vent\u0117s proga sveikino Visagino savivaldyb\u0117s vadovai ir administracijos atstovai. Renginiuose dalyvavo meras Erlandas Galaguz, vicemer\u0117 Aleksandra Grigien\u0117, administracijos direktorius Virginijus Andrius Bukauskas ir kiti savivaldyb\u0117s komandos nariai.<\/p>\n<p>Daug d\u0117mesio skirta mokini\u0173 motyvacijai ir emocinei gerovei: akcentuota smalsumo svarba, atkaklumas siekiant tiksl\u0173 ir dr\u0105sa mokytis i\u0161 klaid\u0173. T\u0117vams priminta, kad nuoseklus palaikymas ir pasitik\u0117jimas vaikais da\u017enai tampa lemiamu veiksniu, padedan\u010diu \u012fveikti mokslo met\u0173 i\u0161\u0161\u016bkius.<\/p>\n<p>\u0160vietimo bendruomenei tai ypa\u010d aktualu ir d\u0117l pastar\u0173j\u0173 met\u0173 tendencij\u0173, kai mokyklos visoje Lietuvoje vis daugiau d\u0117mesio skiria ne vien akademiniams rezultatams, bet ir saugiai aplinkai, \u012ftraukiam ugdymui, skaitmeniniams \u012fg\u016bd\u017eiams bei karjeros kompetencijoms. \u0160ios kryptys ry\u0161k\u0117ja ir mokytoj\u0173 kasdienyb\u0117je, kurioje auga poreikis diferencijuoti u\u017eduotis ir pad\u0117ti skirting\u0173 poreiki\u0173 mokiniams.<\/p>\n<p>\u201eKiekvieni nauji mokslo metai \u2013 tai nauja prad\u017eia, kupina galimybi\u0173 augti, pa\u017einti ir atrasti. Linkiu, kad mokyklos b\u016bt\u0173 gausios smalsumo, pagarbos, draugyst\u0117s ir tik\u0117jimo savo j\u0117gomis. Tegul \u010dia kiekvienas mokinys jau\u010diasi svarbus, pasteb\u0117tas ir dr\u0105siai \u017eengia pirmyn\u201c, \u2013 sak\u0117 Erlandas Galaguz.<\/p>\n<p>Nauj\u0173 mokslo met\u0173 proga mokytojams link\u0117ta profesinio \u012fkv\u0117pimo, kantryb\u0117s ir k\u016brybi\u0161kumo, o mokiniams \u2013 ry\u017eto i\u0161bandyti naujas veiklas, klausti ir ie\u0161koti atsakym\u0173. Visagino mokyklos \u012f nauj\u0105 etap\u0105 \u017eengia su ai\u0161kia \u017einute: svarbiausia, kad kiekvienas vaikas jaust\u0173si priimtas ir tur\u0117t\u0173 s\u0105lygas augti.<\/p>\n","protected":false},"excerpt":{"rendered":"<p>Rugs\u0117jo 1-oji Visagine sugr\u0105\u017eino mokini\u0173 \u0161urmul\u012f: savivaldyb\u0117s vadovai pasveikino bendruomenes ir i\u0161skyr\u0117 smalsumo bei dr\u0105sos svarb\u0105.<\/p>\n","protected":false},"author":0,"featured_media":50967,"comment_status":"open","ping_status":"open","sticky":false,"template":"","format":"standard","meta":{"_acf_changed":false,"footnotes":""},"categories":[15],"tags":[1416,25494,4303,1756,36287,539,1125],"miestas":[73],"class_list":["post-50965","post","type-post","status-publish","format-standard","has-post-thumbnail","hentry","category-regionai","tag-erlandas-galaguz","tag-mokslo-metai","tag-mokyklos","tag-mokytojai","tag-rugsejo-1-oji","tag-svietimas","tag-visaginas","miestas-visagino-savivaldybe"],"acf":[],"_links":{"self":[{"href":"https:\/\/cp.snarskis.lt\/index.php\/wp-json\/wp\/v2\/posts\/50965","targetHints":{"allow":["GET"]}}],"collection":[{"href":"https:\/\/cp.snarskis.lt\/index.php\/wp-json\/wp\/v2\/posts"}],"about":[{"href":"https:\/\/cp.snarskis.lt\/index.php\/wp-json\/wp\/v2\/types\/post"}],"replies":[{"embeddable":true,"href":"https:\/\/cp.snarskis.lt\/index.php\/wp-json\/wp\/v2\/comments?post=50965"}],"version-history":[{"count":0,"href":"https:\/\/cp.snarskis.lt\/index.php\/wp-json\/wp\/v2\/posts\/50965\/revisions"}],"wp:featuredmedia":[{"embeddable":true,"href":"https:\/\/cp.snarskis.lt\/index.php\/wp-json\/wp\/v2\/media\/50967"}],"wp:attachment":[{"href":"https:\/\/cp.snarskis.lt\/index.php\/wp-json\/wp\/v2\/media?parent=50965"}],"wp:term":[{"taxonomy":"category","embeddable":true,"href":"https:\/\/cp.snarskis.lt\/index.php\/wp-json\/wp\/v2\/categories?post=50965"},{"taxonomy":"post_tag","embeddable":true,"href":"https:\/\/cp.snarskis.lt\/index.php\/wp-json\/wp\/v2\/tags?post=50965"},{"taxonomy":"miestas","embeddable":true,"href":"https:\/\/cp.snarskis.lt\/index.php\/wp-json\/wp\/v2\/miestas?post=50965"}],"curies":[{"name":"wp","href":"https:\/\/api.w.org\/{rel}","templated":true}]}}