{"id":50969,"date":"2026-09-02T01:40:49","date_gmt":"2026-09-02T01:40:49","guid":{"rendered":"https:\/\/cp.snarskis.lt\/index.php\/2026\/09\/02\/meras-erlandas-galaguz-prabilo-apie-rugsejo-1-aja-palinkejimas-ir-netiketas-skaicius\/"},"modified":"2026-09-02T01:40:49","modified_gmt":"2026-09-02T01:40:49","slug":"meras-erlandas-galaguz-prabilo-apie-rugsejo-1-aja-palinkejimas-ir-netiketas-skaicius","status":"publish","type":"post","link":"https:\/\/cp.snarskis.lt\/index.php\/2026\/09\/02\/meras-erlandas-galaguz-prabilo-apie-rugsejo-1-aja-palinkejimas-ir-netiketas-skaicius\/","title":{"rendered":"Meras Erlandas Galaguz prabilo apie Rugs\u0117jo 1-\u0105j\u0105: palink\u0117jimas ir netik\u0117tas skai\u010dius"},"content":{"rendered":"<p>Visagino savivaldyb\u0117s meras Erlandas Galaguz Mokslo ir \u017eini\u0173 dienos proga kreip\u0117si \u012f mokinius, t\u0117vus, mokytojus ir vis\u0105 \u0161vietimo bendruomen\u0119. Jis pabr\u0117\u017e\u0117, kad Rugs\u0117jo 1-oji daugeliui rei\u0161kia nauj\u0105 prad\u017ei\u0105, lydim\u0105 atradim\u0173, emocij\u0173 ir pa\u017ein\u010di\u0173.<\/p>\n<p>Anot mero, \u0161i diena ypatinga ne tik pirmokams, kuriuos t\u0117vai palydi \u012f pirm\u0105j\u0105 klas\u0119, bet ir vyresniems mokiniams bei studentams, pradedantiems nauj\u0105 etap\u0105. Jis taip pat i\u0161skyr\u0117 glob\u0117j\u0173, seneli\u0173 ir mokytoj\u0173 vaidmen\u012f, kai po vasaros v\u0117l gr\u012f\u017etama \u012f kasdien\u0119 mokymosi rutin\u0105.<\/p>\n<p>\u201eLinkiu, kad Jus visus lyd\u0117t\u0173 s\u0117km\u0117, dr\u0105sa, sveikata ir pozityvios mintys\u201c, \u2013 sak\u0117 Erlandas Galaguz.<\/p>\n<p>Sveikinime meras ragino nebijoti poky\u010di\u0173 ir nuosekliai siekti tiksl\u0173, o kiekvien\u0105 nauj\u0105 prad\u017ei\u0105 paversti galimybe kurti ir augti. Pasak jo, svarbu ne tik rezultatai, bet ir pats kelias, kuriame mokomasi bendradarbiauti, prisiimti atsakomyb\u0119 ir atrasti savo stiprybes.<\/p>\n<p>Jis palink\u0117jo k\u016brybi\u0161k\u0173, lengv\u0173 ir d\u017eiaugsmo kupin\u0173 mokslo met\u0173, primindamas, kad s\u0117kmingi pasiekimai prasideda nuo kasdieni\u0173 \u012fpro\u010di\u0173. Tarp j\u0173 jis akcentavo nuolatin\u012f smalsum\u0105, pagarb\u0105 \u0161alia esan\u010diam ir dr\u0105s\u0105 klausti, kai kyla neai\u0161kum\u0173.<\/p>\n<p>Kreipimosi pabaigoje meras pasidalijo ir simboline detale: iki vasaros, jo skai\u010diavimu, liko 273 dienos. Tai, anot jo, priminimas, kad laikas b\u0117ga greitai, tod\u0117l verta j\u012f i\u0161naudoti prasmingai.<\/p>\n","protected":false},"excerpt":{"rendered":"<p>Visagino meras Erlandas Galaguz pasveikino su Mokslo ir \u017eini\u0173 diena, palink\u0117jo dr\u0105sos ir s\u0117km\u0117s, o pabaigoje primin\u0117 netik\u0117t\u0105 skai\u010di\u0173.<\/p>\n","protected":false},"author":0,"featured_media":50970,"comment_status":"open","ping_status":"open","sticky":false,"template":"","format":"standard","meta":{"_acf_changed":false,"footnotes":""},"categories":[15],"tags":[1416,36288,4303,1756,39361,1409],"miestas":[73],"class_list":["post-50969","post","type-post","status-publish","format-standard","has-post-thumbnail","hentry","category-regionai","tag-erlandas-galaguz","tag-mokslo-ir-ziniu-diena","tag-mokyklos","tag-mokytojai","tag-rugsejo-1","tag-visagino-savivaldybe","miestas-visagino-savivaldybe"],"acf":[],"_links":{"self":[{"href":"https:\/\/cp.snarskis.lt\/index.php\/wp-json\/wp\/v2\/posts\/50969","targetHints":{"allow":["GET"]}}],"collection":[{"href":"https:\/\/cp.snarskis.lt\/index.php\/wp-json\/wp\/v2\/posts"}],"about":[{"href":"https:\/\/cp.snarskis.lt\/index.php\/wp-json\/wp\/v2\/types\/post"}],"replies":[{"embeddable":true,"href":"https:\/\/cp.snarskis.lt\/index.php\/wp-json\/wp\/v2\/comments?post=50969"}],"version-history":[{"count":0,"href":"https:\/\/cp.snarskis.lt\/index.php\/wp-json\/wp\/v2\/posts\/50969\/revisions"}],"wp:featuredmedia":[{"embeddable":true,"href":"https:\/\/cp.snarskis.lt\/index.php\/wp-json\/wp\/v2\/media\/50970"}],"wp:attachment":[{"href":"https:\/\/cp.snarskis.lt\/index.php\/wp-json\/wp\/v2\/media?parent=50969"}],"wp:term":[{"taxonomy":"category","embeddable":true,"href":"https:\/\/cp.snarskis.lt\/index.php\/wp-json\/wp\/v2\/categories?post=50969"},{"taxonomy":"post_tag","embeddable":true,"href":"https:\/\/cp.snarskis.lt\/index.php\/wp-json\/wp\/v2\/tags?post=50969"},{"taxonomy":"miestas","embeddable":true,"href":"https:\/\/cp.snarskis.lt\/index.php\/wp-json\/wp\/v2\/miestas?post=50969"}],"curies":[{"name":"wp","href":"https:\/\/api.w.org\/{rel}","templated":true}]}}