{"id":50973,"date":"2026-09-02T01:41:12","date_gmt":"2026-09-02T01:41:12","guid":{"rendered":"https:\/\/cp.snarskis.lt\/index.php\/2026\/09\/02\/lietuvoje-startuoja-pratybos-perkuno-griausmas-2026-kur-ir-kada-bus-ribojimu-gyventojams\/"},"modified":"2026-09-02T01:41:12","modified_gmt":"2026-09-02T01:41:12","slug":"lietuvoje-startuoja-pratybos-perkuno-griausmas-2026-kur-ir-kada-bus-ribojimu-gyventojams","status":"publish","type":"post","link":"https:\/\/cp.snarskis.lt\/index.php\/2026\/09\/02\/lietuvoje-startuoja-pratybos-perkuno-griausmas-2026-kur-ir-kada-bus-ribojimu-gyventojams\/","title":{"rendered":"Lietuvoje startuoja pratybos Perk\u016bno griausmas 2026: kur ir kada bus ribojim\u0173 gyventojams"},"content":{"rendered":"<p>Lietuvos kariuomen\u0117 2026 metais rugs\u0117jo 17 dien\u0105\u2013spalio 15 dien\u0105 visoje Lietuvos Respublikos teritorijoje rengs pratybas \u201ePerk\u016bno griausmas 2026\u201c. J\u0173 metu kariuomen\u0117s vienetai treniruosis planuoti ir vykdyti pasirengim\u0105 valstyb\u0117s ginkluotai gynybai.<\/p>\n<p>Kaip pratyb\u0173 dalis 2026 metais rugs\u0117jo 25 dien\u0105\u2013spalio 1 dien\u0105 Ignalinos rajono ir Visagino savivaldybi\u0173 teritorijose vyks atskira treniruot\u0117. Joje bus integruojamos Taikos meto u\u017eduo\u010di\u0173 ir Greitojo reagavimo paj\u0117g\u0173 veiklos, koordinuojant veiksmus su civilin\u0117mis institucijomis.<\/p>\n<p>Numatyta, kad treniruot\u0117s metu bus tikrinamas bendradarbiavimas su Vidaus reikal\u0173 ministerijos pavald\u017eiomis tarnybomis, vietos savivalda ir kitomis civilin\u0117mis strukt\u016bromis nustatytoje pratyb\u0173 karin\u0117je teritorijoje. Tokie scenarijai paprastai apima reagavim\u0105 \u012f \u012fvairias krizes, ry\u0161io ir sprendim\u0173 pri\u0117mimo grandines bei logistik\u0105.<\/p>\n<p>Pratyb\u0173 laikotarpiu gyventojai gali pasteb\u0117ti intensyvesn\u012f karinio transporto jud\u0117jim\u0105, taip pat gali b\u016bti naudojami imitaciniai \u0161audmenys ir pirotechnin\u0117s priemon\u0117s. Kariuomen\u0117 nurodo, kad bus laikomasi vie\u0161osios tvarkos, prie\u0161gaisrin\u0117s saugos ir aplinkosaugos reikalavim\u0173.<\/p>\n<p>Tokio masto mokymai yra skirti ne tik kari\u0173 pasirengimui, bet ir visos valstyb\u0117s atsparumo patikrinimui, kai vienu metu veikia karin\u0117s ir civilin\u0117s institucijos. Pastaraisiais metais NATO valstyb\u0117s vis da\u017eniau rengia kompleksines pratybas, orientuotas \u012f greit\u0105 reagavim\u0105 ir s\u0105veik\u0105 su civilin\u0117mis tarnybomis, tod\u0117l didelis d\u0117mesys skiriamas ir praktiniam koordinavimui vietoje.<\/p>\n<p>Gyventojams, ypa\u010d gyvenantiems Ignalinos rajone ir Visagino savivaldyb\u0117je, rekomenduojama sekti oficiali\u0105 kariuomen\u0117s ir savivaldybi\u0173 informacij\u0105 apie galimus laikinuosius eismo ar veikl\u0173 ribojimus konkre\u010diose vietov\u0117se. Esant poreikiui, papildomi prane\u0161imai paprastai skelbiami ir apie triuk\u0161mo ar jud\u0117jimo intensyvumo pikus atskiromis pratyb\u0173 dienomis.<\/p>\n<p>Informacij\u0105 apie pratybas pateik\u0117 Lietuvos kariuomen\u0117s Gynybos \u0161tabas.<\/p>\n","protected":false},"excerpt":{"rendered":"<p>Lietuvos kariuomen\u0117 rugs\u0117jo 17 dien\u0105\u2013spalio 15 dien\u0105 rengs pratybas \u201ePerk\u016bno griausmas 2026\u201c, o Ignalinos ir Visagino savivaldyb\u0117se numatytas intensyvesnis&#8230;<\/p>\n","protected":false},"author":0,"featured_media":50974,"comment_status":"open","ping_status":"open","sticky":false,"template":"","format":"standard","meta":{"_acf_changed":false,"footnotes":""},"categories":[15],"tags":[19620,1142,561,556,39378,2847,1409],"miestas":[73],"class_list":["post-50973","post","type-post","status-publish","format-standard","has-post-thumbnail","hentry","category-regionai","tag-gynybos-stabas","tag-ignalinos-rajonas","tag-karines-pratybos","tag-lietuvos-kariuomene","tag-perkuno-griausmas-2026","tag-vidaus-reikalu-ministerija","tag-visagino-savivaldybe","miestas-visagino-savivaldybe"],"acf":[],"_links":{"self":[{"href":"https:\/\/cp.snarskis.lt\/index.php\/wp-json\/wp\/v2\/posts\/50973","targetHints":{"allow":["GET"]}}],"collection":[{"href":"https:\/\/cp.snarskis.lt\/index.php\/wp-json\/wp\/v2\/posts"}],"about":[{"href":"https:\/\/cp.snarskis.lt\/index.php\/wp-json\/wp\/v2\/types\/post"}],"replies":[{"embeddable":true,"href":"https:\/\/cp.snarskis.lt\/index.php\/wp-json\/wp\/v2\/comments?post=50973"}],"version-history":[{"count":0,"href":"https:\/\/cp.snarskis.lt\/index.php\/wp-json\/wp\/v2\/posts\/50973\/revisions"}],"wp:featuredmedia":[{"embeddable":true,"href":"https:\/\/cp.snarskis.lt\/index.php\/wp-json\/wp\/v2\/media\/50974"}],"wp:attachment":[{"href":"https:\/\/cp.snarskis.lt\/index.php\/wp-json\/wp\/v2\/media?parent=50973"}],"wp:term":[{"taxonomy":"category","embeddable":true,"href":"https:\/\/cp.snarskis.lt\/index.php\/wp-json\/wp\/v2\/categories?post=50973"},{"taxonomy":"post_tag","embeddable":true,"href":"https:\/\/cp.snarskis.lt\/index.php\/wp-json\/wp\/v2\/tags?post=50973"},{"taxonomy":"miestas","embeddable":true,"href":"https:\/\/cp.snarskis.lt\/index.php\/wp-json\/wp\/v2\/miestas?post=50973"}],"curies":[{"name":"wp","href":"https:\/\/api.w.org\/{rel}","templated":true}]}}