{"id":50975,"date":"2026-09-02T01:41:25","date_gmt":"2026-09-02T01:41:25","guid":{"rendered":"https:\/\/cp.snarskis.lt\/index.php\/2026\/09\/02\/mokslo-metu-startas-zarasu-rajone-kur-ir-kada-vyks-sventes-pamaldos-ir-renginiai\/"},"modified":"2026-09-02T01:41:25","modified_gmt":"2026-09-02T01:41:25","slug":"mokslo-metu-startas-zarasu-rajone-kur-ir-kada-vyks-sventes-pamaldos-ir-renginiai","status":"publish","type":"post","link":"https:\/\/cp.snarskis.lt\/index.php\/2026\/09\/02\/mokslo-metu-startas-zarasu-rajone-kur-ir-kada-vyks-sventes-pamaldos-ir-renginiai\/","title":{"rendered":"Mokslo met\u0173 startas Zaras\u0173 rajone: kur ir kada vyks \u0161vent\u0117s, pamaldos ir renginiai"},"content":{"rendered":"<p>Zaras\u0173 rajone paskelbti mokslo met\u0173 prad\u017eios rengini\u0173 laikai ir vietos \u2013 nuo tradicini\u0173 min\u0117jim\u0173 mokyklose iki pamald\u0173 bei bendruomenini\u0173 \u0161ven\u010di\u0173. Dalis ugdymo \u012fstaig\u0173 pasirinktoje dienoje kvie\u010dia rinktis skirtingais laikais, atsi\u017evelgiant \u012f klases ar padalinius.<\/p>\n<p>\u0160ventin\u0117 diena prasid\u0117s Zaras\u0173 \u0160v\u010d. Mergel\u0117s Marijos \u0116mimo \u012f dang\u0173 parapijoje, kur 08:00 valand\u0105 numatytas \u017dini\u0173 ir mokslo dienos min\u0117jimas. Tokia praktika da\u017ena daugelyje Lietuvos savivaldybi\u0173, nes pamaldos ir bendruomen\u0117s susib\u016brimas daugeliui \u0161eim\u0173 tampa simboline mokslo met\u0173 prad\u017eios dalimi.<\/p>\n<p>Zaras\u0173 \u201e\u0104\u017euolo\u201c gimnazijoje mokiniai ir t\u0117vai kvie\u010diami rinktis dviem laikais: 09:00 valand\u0105 P. \u0160irvio gatv\u0117je 7 (5\u20138 klas\u0117s) ir 10:00 valand\u0105 Savanori\u0173 gatv\u0117je 1 (gimnazijos I\u2013IV klas\u0117s). Tokiu skirstymu siekiama i\u0161vengti dideli\u0173 sraut\u0173 vienu metu ir u\u017etikrinti sklandesn\u0119 renginio eig\u0105.<\/p>\n<p>Zaras\u0173 \u201eSantarv\u0117s\u201c pradin\u0117je mokykloje mokslo met\u0173 prad\u017eios renginys numatytas 10:00 valand\u0105. Tuo pa\u010diu metu kai kuriose \u012fstaigose planuojami ir papildomi susitikimai su bendruomene, kuri\u0173 metu pristatomi mokymosi organizavimo poky\u010diai, ugdymo prioritetai ar praktin\u0117 informacija t\u0117vams.<\/p>\n<p>Zaras\u0173 \u201eLak\u0161tingalos\u201c mokykla \u0161ventes rengs dviem etapais: 09:30 valand\u0105 Magu\u010di\u0173 ugdymo skyriuje ir 11:00 valand\u0105, kai numatytas nauj\u0173 grupi\u0173 atidarymas Zaras\u0173 \u201e\u0104\u017euolo\u201c gimnazijos pastate. Tokie atidarymai da\u017enai siejami su ugdymo paslaug\u0173 pl\u0117tra ar patalp\u0173 pritaikymu, kad daugiau vaik\u0173 gal\u0117t\u0173 ugdytis ar\u010diau nam\u0173.<\/p>\n<p>Duset\u0173 Kazimiero B\u016bgos gimnazijoje \u0161vent\u0117 vyks 10:00 valand\u0105 Duset\u0173 \u0160v\u010d. Trejyb\u0117s ba\u017eny\u010dioje, o gimnazijos ugdymo skyriuje \u201eSartukas\u201c \u2013 11:30 valand\u0105. Renginiai ba\u017eny\u010dioje tradici\u0161kai sutelkia ne tik mokyklos bendruomen\u0119, bet ir miestelio gyventojus.<\/p>\n<p>Sporto ir meno ugdymo \u012fstaigos taip pat paskelb\u0117 laikus: Zaras\u0173 sporto centras kvie\u010dia 16:00 valand\u0105 \u012f \u0161vent\u0119 sporto aik\u0161tyne, o Zaras\u0173 Fausto Lat\u0117no meno mokykla rengin\u012f planuoja 12:00 valand\u0105. Duset\u0173 meno skyriuje \u0161vent\u0117 numatyta 13:00 valand\u0105, o Zaras\u0173 profesin\u0117je mokykloje \u2013 12:00 valand\u0105.<\/p>\n<p>Gyventojams rekomenduojama atvykti \u0161iek tiek anks\u010diau ir pasitikslinti, ar n\u0117ra papildom\u0173 organizacini\u0173 prane\u0161im\u0173 konkre\u010dioje ugdymo \u012fstaigoje, ypa\u010d jei numatyti skirtingi laikai pagal klases ar padalinius. Taip pat verta \u012fvertinti automobili\u0173 parkavimo galimybes prie mokykl\u0173 ir ba\u017eny\u010di\u0173, kad mokslo met\u0173 prad\u017eia prasid\u0117t\u0173 be skubos.<\/p>\n","protected":false},"excerpt":{"rendered":"<p>Zaras\u0173 rajone paskelbti mokslo met\u0173 prad\u017eios rengini\u0173 laikai: kada vyks \u0161vent\u0117s mokyklose, pamaldos parapijose ir susib\u016brimai Dusetose.<\/p>\n","protected":false},"author":0,"featured_media":50976,"comment_status":"open","ping_status":"open","sticky":false,"template":"","format":"standard","meta":{"_acf_changed":false,"footnotes":""},"categories":[15],"tags":[39380,25564,15710,1174,5479,39379],"miestas":[62],"class_list":["post-50975","post","type-post","status-publish","format-standard","has-post-thumbnail","hentry","category-regionai","tag-dusetu-kazimiero-bugos-gimnazija","tag-mokslo-metu-pradzia","tag-zarasu-azuolo-gimnazija","tag-zarasu-rajonas","tag-zarasu-sporto-centras","tag-ziniu-ir-mokslo-diena","miestas-zarasu-rajono-savivaldybe"],"acf":[],"_links":{"self":[{"href":"https:\/\/cp.snarskis.lt\/index.php\/wp-json\/wp\/v2\/posts\/50975","targetHints":{"allow":["GET"]}}],"collection":[{"href":"https:\/\/cp.snarskis.lt\/index.php\/wp-json\/wp\/v2\/posts"}],"about":[{"href":"https:\/\/cp.snarskis.lt\/index.php\/wp-json\/wp\/v2\/types\/post"}],"replies":[{"embeddable":true,"href":"https:\/\/cp.snarskis.lt\/index.php\/wp-json\/wp\/v2\/comments?post=50975"}],"version-history":[{"count":0,"href":"https:\/\/cp.snarskis.lt\/index.php\/wp-json\/wp\/v2\/posts\/50975\/revisions"}],"wp:featuredmedia":[{"embeddable":true,"href":"https:\/\/cp.snarskis.lt\/index.php\/wp-json\/wp\/v2\/media\/50976"}],"wp:attachment":[{"href":"https:\/\/cp.snarskis.lt\/index.php\/wp-json\/wp\/v2\/media?parent=50975"}],"wp:term":[{"taxonomy":"category","embeddable":true,"href":"https:\/\/cp.snarskis.lt\/index.php\/wp-json\/wp\/v2\/categories?post=50975"},{"taxonomy":"post_tag","embeddable":true,"href":"https:\/\/cp.snarskis.lt\/index.php\/wp-json\/wp\/v2\/tags?post=50975"},{"taxonomy":"miestas","embeddable":true,"href":"https:\/\/cp.snarskis.lt\/index.php\/wp-json\/wp\/v2\/miestas?post=50975"}],"curies":[{"name":"wp","href":"https:\/\/api.w.org\/{rel}","templated":true}]}}