{"id":51038,"date":"2026-09-02T11:22:13","date_gmt":"2026-09-02T11:22:13","guid":{"rendered":"https:\/\/cp.snarskis.lt\/index.php\/2026\/09\/02\/klimatologas-perspeja-europoje-karstis-ir-sausros-gali-kartotis-beveik-kasmet\/"},"modified":"2026-09-02T11:22:13","modified_gmt":"2026-09-02T11:22:13","slug":"klimatologas-perspeja-europoje-karstis-ir-sausros-gali-kartotis-beveik-kasmet","status":"publish","type":"post","link":"https:\/\/cp.snarskis.lt\/index.php\/2026\/09\/02\/klimatologas-perspeja-europoje-karstis-ir-sausros-gali-kartotis-beveik-kasmet\/","title":{"rendered":"Klimatologas persp\u0117ja: Europoje kar\u0161tis ir sausros gali kartotis beveik kasmet"},"content":{"rendered":"<p>Vakar\u0173 Europoje 2026 met\u0173 vasara pa\u017eym\u0117ta rekordini\u0173 kar\u0161\u010dio bang\u0173 ir ilg\u0173 laikotarpi\u0173 be lietaus virtine. Kai kur fiksuoti transporto sutrikimai, i\u0161aug\u0119s gaisr\u0173 pavojus ir kritusi \u017eem\u0117s \u016bkio produkcija, o \u016bkininkai vis da\u017eniau kalba apie rizikas kit\u0173 met\u0173 derliui.<\/p>\n<p>Tokius epizodus mokslininkai sieja su klimato kaita, ta\u010diau dalis ekspert\u0173 pabr\u0117\u017eia, kad vien \u201e\u0161iltesni\u0173 vasar\u0173\u201c paai\u0161kinimo gali nepakakti. Klimatologas Timas Palmeris atkreipia d\u0117mes\u012f, jog prie\u017eastys gali slyp\u0117ti ne tik did\u0117jan\u010dioje temperat\u016broje, bet ir galimuose atmosferos cirkuliacijos poky\u010diuose.<\/p>\n<h2>Kas kei\u010diasi: ne tik temperat\u016bra<\/h2>\n<p>Vienas ai\u0161kinimas remiasi termodinamikos logika: \u0161ylanti atmosfera gali sukaupti daugiau vandens gar\u0173, tod\u0117l krituli\u0173 re\u017eimas darosi ekstremalesnis, o kar\u0161\u010dio epizodai ilg\u0117ja. Tuo pat metu kai kuriuose regionuose did\u0117ja i\u0161garavimas, dirvo\u017eemis grei\u010diau i\u0161d\u017ei\u016bsta, o sausros poveikis stipr\u0117ja.<\/p>\n<p>Vis d\u0117lto 2026 metais didel\u0119 dal\u012f vasaros or\u0173 nul\u0117m\u0117 itin stabilus anticiklonas, kuris ilgai laik\u0117si vir\u0161 Vakar\u0173 Europos ir nukreip\u0117 liet\u0173 atne\u0161an\u010dias sistemas \u012f \u0161on\u0105. Tokia \u201eu\u017estrigusi\u201c situacija paprastai rei\u0161kia daugiau saul\u0117t\u0173 dien\u0173, ma\u017eiau krituli\u0173 ir nuosekliai kylan\u010di\u0105 dirvos bei augalijos sausros rizik\u0105.<\/p>\n<p>\u201eJeigu atmosferos dinamika priart\u0117t\u0173 prie l\u016b\u017eio ta\u0161ko, stabil\u016bs anticiklonai gal\u0117t\u0173 formuotis beveik kiekvien\u0105 vasar\u0105, ir tuomet prisitaikymui nebetur\u0117tume vieno ar dviej\u0173 de\u0161imtme\u010di\u0173\u201c, \u2013 sak\u0117 Timas Palmeris.<\/p>\n<h2>Modeliai ne visk\u0105 pagauna<\/h2>\n<p>Palmeris pripa\u017e\u012fsta, kad dalis dabartini\u0173 klimato modeli\u0173 tokio scenarijaus ai\u0161kiai nerodo. Ta\u010diau jis pabr\u0117\u017eia ir kit\u0105 problem\u0105: tie patys modeliai ne visuomet tiksliai atkuria itin patvarius anticiklonus, nes tam gali tr\u016bkti erdvin\u0117s ir laikin\u0117s rai\u0161kos, reikalingos sud\u0117tingoms atmosferos s\u0105veikoms apra\u0161yti.<\/p>\n<p>D\u0117l to, pasak mokslininko, svarbu stiprinti steb\u0117sen\u0105 ir investuoti \u012f didesn\u0117s rai\u0161kos skai\u010diavimus, kurie geriau atspind\u0117t\u0173 srovi\u0173, anticiklon\u0173 ir turbulencijos s\u0105veik\u0105. Tokios investicijos reikalingos ne vien prognozi\u0173 tikslumui, bet ir praktiniam planavimui, pavyzd\u017eiui, vandens i\u0161tekli\u0173 ar energetikos sistem\u0173 valdymui.<\/p>\n<h2>K\u0105 rei\u0161kia El Ninjo ir vandens tr\u016bkumas<\/h2>\n<p>Papildom\u0105 neapibr\u0117\u017etum\u0105 kelia El Ninjo rei\u0161kinys, galintis paveikti sezoni\u0161kum\u0105, ypa\u010d \u017eiemos laikotarpiu. Nors Europoje jo poveikis da\u017eniau aptariamas per \u017eiemos krituli\u0173 ir temperat\u016bros nukrypimus, vandens balansas gali b\u016bti svarbus ir tam, kaip regionas pasiruo\u0161 kitai vasarai.<\/p>\n<p>Jeigu \u017eiem\u0105 krituli\u0173 b\u016bt\u0173 ma\u017eiau nei \u012fprasta, vandens saugyklos ir gruntiniai i\u0161tekliai gali neatsistatyti iki \u0161iltojo sezono. Tai didint\u0173 tikimyb\u0119, kad vasaros sausra smogs anks\u010diau, o jos pasekm\u0117s bus gilesn\u0117s: nuo ribojim\u0173 vandeniui iki didesnio spaudimo maisto gamybos grandin\u0117ms.<\/p>\n<p>Ekspertai pabr\u0117\u017eia, kad prisitaikymo priemon\u0117s turi apimti ir \u201ekiet\u0105j\u0105\u201c infrastrukt\u016br\u0105, ir kasdien\u0119 praktik\u0105, pradedant efektyvesniu vandens vartojimu, baigiant sprendimais d\u0117l papildom\u0173 vandens \u0161altini\u0173. Kai kuriose valstyb\u0117se jau svarstomos ir brangios alternatyvos, tokios kaip j\u016bros vandens g\u0117linimas, ta\u010diau tai paprastai reikalauja daug energijos ir ilgalaikio planavimo.<\/p>\n<p>Kar\u0161\u010dio bangos, sausros ir mi\u0161k\u0173 gaisrai pastaraisiais metais vis da\u017eniau tampa vienu metu vykstan\u010di\u0173 krizi\u0173 dalimi, kuri veikia sveikat\u0105, infrastrukt\u016br\u0105 ir ekonomik\u0105. Tod\u0117l mokslinink\u0173 raginimai gerinti prognozes ir spartinti prisitaikym\u0105 tampa nebe teorija, o praktiniu pasirengimu scenarijui, kuriame ekstremal\u016bs vasaros orai gali tapti beveik kasmetine norma.<\/p>\n","protected":false},"excerpt":{"rendered":"<p>Klimatologai \u012fsp\u0117ja, kad Europoje stabil\u016bs anticiklonai gali da\u017en\u0117ti, o kar\u0161\u010dio bangos ir sausros kartotis beveik kasmet.<\/p>\n","protected":false},"author":0,"featured_media":0,"comment_status":"open","ping_status":"open","sticky":false,"template":"","format":"standard","meta":{"_acf_changed":false,"footnotes":""},"categories":[7],"tags":[13008,101,4652,671,673,4896,39425],"miestas":[],"class_list":["post-51038","post","type-post","status-publish","format-standard","hentry","category-technologijos","tag-anticiklonas","tag-ekologija","tag-el-ninjo","tag-karscio-bangos","tag-klimato-kaita","tag-sausra","tag-timas-palmeris"],"acf":[],"_links":{"self":[{"href":"https:\/\/cp.snarskis.lt\/index.php\/wp-json\/wp\/v2\/posts\/51038","targetHints":{"allow":["GET"]}}],"collection":[{"href":"https:\/\/cp.snarskis.lt\/index.php\/wp-json\/wp\/v2\/posts"}],"about":[{"href":"https:\/\/cp.snarskis.lt\/index.php\/wp-json\/wp\/v2\/types\/post"}],"replies":[{"embeddable":true,"href":"https:\/\/cp.snarskis.lt\/index.php\/wp-json\/wp\/v2\/comments?post=51038"}],"version-history":[{"count":0,"href":"https:\/\/cp.snarskis.lt\/index.php\/wp-json\/wp\/v2\/posts\/51038\/revisions"}],"wp:attachment":[{"href":"https:\/\/cp.snarskis.lt\/index.php\/wp-json\/wp\/v2\/media?parent=51038"}],"wp:term":[{"taxonomy":"category","embeddable":true,"href":"https:\/\/cp.snarskis.lt\/index.php\/wp-json\/wp\/v2\/categories?post=51038"},{"taxonomy":"post_tag","embeddable":true,"href":"https:\/\/cp.snarskis.lt\/index.php\/wp-json\/wp\/v2\/tags?post=51038"},{"taxonomy":"miestas","embeddable":true,"href":"https:\/\/cp.snarskis.lt\/index.php\/wp-json\/wp\/v2\/miestas?post=51038"}],"curies":[{"name":"wp","href":"https:\/\/api.w.org\/{rel}","templated":true}]}}