{"id":51039,"date":"2026-09-02T11:22:48","date_gmt":"2026-09-02T11:22:48","guid":{"rendered":"https:\/\/cp.snarskis.lt\/index.php\/2026\/09\/02\/odesos-srityje-uzfiksuoti-reti-pelikanai-kai-kuriu-sparnu-mostas-siekia-beveik-3-metrus\/"},"modified":"2026-09-02T11:22:48","modified_gmt":"2026-09-02T11:22:48","slug":"odesos-srityje-uzfiksuoti-reti-pelikanai-kai-kuriu-sparnu-mostas-siekia-beveik-3-metrus","status":"publish","type":"post","link":"https:\/\/cp.snarskis.lt\/index.php\/2026\/09\/02\/odesos-srityje-uzfiksuoti-reti-pelikanai-kai-kuriu-sparnu-mostas-siekia-beveik-3-metrus\/","title":{"rendered":"Odesos srityje u\u017efiksuoti reti pelikanai: kai kuri\u0173 sparn\u0173 mostas siekia beveik 3 metrus"},"content":{"rendered":"<p>Odesos srityje, nacionaliniame gamtos parke Tuzl\u0173 limanai, pasteb\u0117tos retos did\u017eiosios vandens pauk\u0161\u010di\u0173 r\u016b\u0161ys \u2013 ro\u017einiai ir garbanotieji pelikanai. Apie steb\u0117jim\u0105 socialiniuose tinkluose prane\u0161\u0117 parko mokslini\u0173 tyrim\u0173 padalinio vadovas, biologijos moksl\u0173 daktaras Ivanas Rusevas.<\/p>\n<p>Paskelbtame vaizdo \u012fra\u0161e matyti keli stamb\u016bs pauk\u0161\u010diai, stovintys seklumoje ir besiilsintys po med\u017eiokl\u0117s. Pasak I. Rusevo, ro\u017einiai pelikanai ils\u0117josi \u0160agan\u0173 limane, o kadre taip pat sukin\u0117josi \u012fprastos \u017euv\u0117dros ir vaik\u0161\u010diojo pilkieji garniai.<\/p>\n<p>\u201eGarbanotasis pelikanas yra priekyje, o ro\u017einiai pelikanai ilsisi po med\u017eiokl\u0117s \u0160agan\u0173 limane. Gamtoje dabar dar komforti\u0161kas metas pauk\u0161\u010diams, kai aplink nesigirdi karo triuk\u0161mo&#8230;\u201c, \u2013 sak\u0117 Ivanas Rusevas.<\/p>\n<p class=\"article__like-h2\">Kuo i\u0161siskiria garbanotieji ir ro\u017einiai pelikanai?<\/p>\n<p>Garbanotasis pelikanas atpa\u017e\u012fstamas i\u0161 pakau\u0161io plunksn\u0173 \u201ekar\u016bnos\u201c, d\u0117l kurios ir kilo jo pavadinimas. \u0160i r\u016b\u0161is laikoma viena did\u017eiausi\u0173 skraidan\u010di\u0173 pauk\u0161\u010di\u0173 Europoje: k\u016bno mas\u0117 gali siekti iki 12 kilogram\u0173, ilgis \u2013 iki 180 centimetr\u0173, o sparn\u0173 mostas \u2013 beveik 3 metrus.<\/p>\n<p>Gamtosaugininkai pabr\u0117\u017eia, kad garbanotasis pelikanas priskiriamas pa\u017eeid\u017eiamoms r\u016b\u0161ims, tod\u0117l jo steb\u0117jimai svarb\u016bs vertinant populiacijos b\u016bkl\u0119 ir migracijos mar\u0161rutus. R\u016b\u0161is \u012ftraukta \u012f tarptautinius apsaugos mechanizmus, susijusius su nykstan\u010di\u0173 r\u016b\u0161i\u0173 apsauga ir migracini\u0173 pauk\u0161\u010di\u0173 i\u0161saugojimu.<\/p>\n<p>Ro\u017einis pelikanas yra kiek ma\u017eesnis, ta\u010diau taip pat \u012fsp\u016bdingo dyd\u017eio. Nurodoma, kad jo k\u016bno mas\u0117 da\u017eniausiai siekia 10\u201312 kilogram\u0173, o sparn\u0173 mostas \u2013 apie 1,7\u20132 metrus; suaugusi\u0173 pauk\u0161\u010di\u0173 plunksnos baltos su rausvu atspalviu, o aplink akis matomas neplunksnuotas gelsvas arba pilk\u0161vas \u017eiedas.<\/p>\n<p class=\"article__like-h2\">Kod\u0117l tokie steb\u0117jimai svarb\u016bs?<\/p>\n<p>Tokios didel\u0117s ir saugomos r\u016b\u0161ys jautriai reaguoja \u012f buveini\u0173 poky\u010dius, trikdym\u0105 ir maisto i\u0161tekli\u0173 svyravimus, tod\u0117l j\u0173 pasirodymas konkre\u010diose vietose da\u017enai tampa reik\u0161mingu signalu tyr\u0117jams. Tuzl\u0173 limanai yra viena svarbiausi\u0173 \u0161lapyni\u0173 teritorij\u0173 Juodosios j\u016bros regione, kur susitelkia migruojantys ir perintys pauk\u0161\u010diai.<\/p>\n<p>Pastaraisiais metais \u0161iame parke fiksuojama ir daugiau ret\u0173 r\u016b\u0161i\u0173, o specialistai atkreipia d\u0117mes\u012f, kad per\u0117jimo s\u0117km\u0119 gali lemti tiek nat\u016bral\u016bs veiksniai, tiek \u017emogaus veikla. Karo triuk\u0161mas ir bendras trikdymas, pasak tyr\u0117j\u0173, kai kuriais sezonais apsunkino ramesni\u0173 viet\u0173 pasirinkim\u0105 per\u0117jimui, tod\u0117l kiekvienas naujas steb\u0117jimas padeda tikslinti situacij\u0105 vietoje.<\/p>\n","protected":false},"excerpt":{"rendered":"<p>Odesos srityje Tuzl\u0173 limanuose pasteb\u0117ti ro\u017einiai ir garbanotieji pelikanai, kuri\u0173 sparn\u0173 mostas gali siekti beveik 3 metrus.<\/p>\n","protected":false},"author":0,"featured_media":0,"comment_status":"open","ping_status":"open","sticky":false,"template":"","format":"standard","meta":{"_acf_changed":false,"footnotes":""},"categories":[7],"tags":[101,31989,147,2888,3702,3703,6199],"miestas":[],"class_list":["post-51039","post","type-post","status-publish","format-standard","hentry","category-technologijos","tag-ekologija","tag-garbanotasis-pelikanas","tag-odesos-sritis","tag-pauksciu-migracija","tag-pelikanai","tag-rozinis-pelikanas","tag-tuzlu-limanai"],"acf":[],"_links":{"self":[{"href":"https:\/\/cp.snarskis.lt\/index.php\/wp-json\/wp\/v2\/posts\/51039","targetHints":{"allow":["GET"]}}],"collection":[{"href":"https:\/\/cp.snarskis.lt\/index.php\/wp-json\/wp\/v2\/posts"}],"about":[{"href":"https:\/\/cp.snarskis.lt\/index.php\/wp-json\/wp\/v2\/types\/post"}],"replies":[{"embeddable":true,"href":"https:\/\/cp.snarskis.lt\/index.php\/wp-json\/wp\/v2\/comments?post=51039"}],"version-history":[{"count":0,"href":"https:\/\/cp.snarskis.lt\/index.php\/wp-json\/wp\/v2\/posts\/51039\/revisions"}],"wp:attachment":[{"href":"https:\/\/cp.snarskis.lt\/index.php\/wp-json\/wp\/v2\/media?parent=51039"}],"wp:term":[{"taxonomy":"category","embeddable":true,"href":"https:\/\/cp.snarskis.lt\/index.php\/wp-json\/wp\/v2\/categories?post=51039"},{"taxonomy":"post_tag","embeddable":true,"href":"https:\/\/cp.snarskis.lt\/index.php\/wp-json\/wp\/v2\/tags?post=51039"},{"taxonomy":"miestas","embeddable":true,"href":"https:\/\/cp.snarskis.lt\/index.php\/wp-json\/wp\/v2\/miestas?post=51039"}],"curies":[{"name":"wp","href":"https:\/\/api.w.org\/{rel}","templated":true}]}}