{"id":51048,"date":"2026-09-02T11:52:26","date_gmt":"2026-09-02T11:52:26","guid":{"rendered":"https:\/\/cp.snarskis.lt\/index.php\/2026\/09\/02\/pelletui-gresia-deficitas-ir-kainu-suolis-uokik-ivardijo-priezastis-pries-sildymo-sezona\/"},"modified":"2026-09-02T11:52:26","modified_gmt":"2026-09-02T11:52:26","slug":"pelletui-gresia-deficitas-ir-kainu-suolis-uokik-ivardijo-priezastis-pries-sildymo-sezona","status":"publish","type":"post","link":"https:\/\/cp.snarskis.lt\/index.php\/2026\/09\/02\/pelletui-gresia-deficitas-ir-kainu-suolis-uokik-ivardijo-priezastis-pries-sildymo-sezona\/","title":{"rendered":"Pelletui gresia deficitas ir kain\u0173 \u0161uolis: UOKiK \u012fvardijo prie\u017eastis prie\u0161 \u0161ildymo sezon\u0105"},"content":{"rendered":"<h2>Pelletui augant paklausai, pasi\u016bla nesp\u0117ja<\/h2>\n<p>Lenkijos Konkurencijos ir vartotoj\u0173 apsaugos tarnyba UOKiK \u012fvertino smarkiai augan\u010dias pellet\u0173 kainas ir rinkos signalus d\u0117l galimo tr\u016bkumo. Tarnyba nenustat\u0117 draud\u017eiam\u0173 prekybinink\u0173 susitarim\u0173, ta\u010diau i\u0161skyr\u0117 sistemin\u0119 problem\u0105: pasi\u016bla \u0161alyje nebeatitinka realaus paklausos tempo.<\/p>\n<p>UOKiK vertinimu, augantis pelletini\u0173 katil\u0173 populiarumas pastaraisiais metais tapo greitesnis nei vietos gamyba. Tai rei\u0161kia, kad net ir be piktnaud\u017eiavimo rinkoje kainas gali kelti paprastas disbalansas tarp to, kiek kuro reikia nam\u0173 \u016bkiams, ir to, kiek jo pagaminama bei atve\u017eama.<\/p>\n<h2>Kas labiausiai stumia kainas \u012f vir\u0161\u0173<\/h2>\n<p>Viena pagrindini\u0173 prie\u017eas\u010di\u0173 \u2013 spar\u010diai did\u0117jantis nam\u0173 \u016bki\u0173 per\u0117jimas prie pelletinio \u0161ildymo, kur\u012f stiprino subsidijos ir programos, skatinan\u010dios keisti senus \u0161ilumos \u0161altinius. UOKiK cituojami duomenys rodo, kad 2025 metais apie 77 proc. parai\u0161k\u0173 paramai pagal program\u0105 \u201eCzyste Powietrze\u201c buvo susijusios su katilais, k\u016brenamais pelletais ir mediena.<\/p>\n<p>\u0160iuo metu pelletinius \u012frenginius naudoja apie 450 000 nam\u0173 \u016bki\u0173, o vien per laikotarp\u012f nuo 2023 met\u0173 j\u0173 padaug\u0117jo daugiau kaip 90 000. Tuo pat metu rinkos atstovai pabr\u0117\u017eia, kad gamyba ir \u017ealiavos srautas nesp\u0117ja paskui tok\u012f augim\u0105.<\/p>\n<p>\u201ePaklausa i\u0161 ties\u0173 i\u0161augo. Ta\u010diau i\u0161 anksto nebuvo u\u017etikrinta, ar rinkoje u\u017eteks kuro visiems naujiems \u012frenginiams\u201c, \u2013 teigiama Lenkijos anglies pardav\u0117j\u0173 prekybos r\u016bm\u0173 pozicijoje.<\/p>\n<h2>\u017daliava \u2013 pjuvenos, kuri\u0173 gali pritr\u016bkti<\/h2>\n<p>Auk\u0161tesn\u0117s kokyb\u0117s, A1 klas\u0117s pelletai da\u017eniausiai gaminami i\u0161 pjuven\u0173 ir kit\u0173 medienos apdirbimo liku\u010di\u0173, kuri\u0173 pagrindinis \u0161altinis yra lentpj\u016bv\u0117s. UOKiK atkreipia d\u0117mes\u012f, kad \u017ealiavos prieinamum\u0105 veikia ir medienos rinkos poky\u010diai, tarp j\u0173 \u2013 ma\u017e\u0117j\u0119 medienos pardavimai i\u0161 Valstybini\u0173 mi\u0161k\u0173.<\/p>\n<p>Rizika, kad spaudimas kainoms nesl\u016bgs, siejama ir su ateinan\u010diais reguliaciniais poky\u010diais. UOKiK vertinime minimas ES Mi\u0161k\u0173 naikinimo prevencijos reglamentas EUDR, kuris etapais \u012fsigalios 2026 met\u0173 pabaigoje ir 2027 met\u0173 viduryje, o tai, rinkos dalyvi\u0173 manymu, gali riboti dalies \u017ealiavos pasi\u016bl\u0105 ir didinti ka\u0161tus.<\/p>\n<h2>K\u0105 si\u016blo institucijos ir ko tik\u0117tis sezono metu<\/h2>\n<p>UOKiK vadovas Tomasz Chr\u00f3stny \u012fsp\u0117jo, kad su didele tikimybe i\u0161\u0161\u016bkiai gali kartotis ir artimiausi\u0105 \u0161ildymo sezon\u0105. Tarnyba i\u0161skiria, kad priemoni\u0173 su\u0161velninti situacij\u0105 turi valstyb\u0117s administracija, pirmiausia energijos ir aplinkosaugos politik\u0105 formuojan\u010dios ministerijos.<\/p>\n<p>Kaip viena kryp\u010di\u0173 minima galimyb\u0117 riboti pellet\u0173 vartojim\u0105 energetikos ir centralizuoto \u0161ilumos tiekimo \u012fmon\u0117se tam, kad prioritetas b\u016bt\u0173 suteiktas individualiems vartotojams. Kita kryptis \u2013 didinti vietin\u0117s \u017ealiavos pasi\u016bl\u0105, nes institucijos, pri\u017ei\u016brin\u010dios Valstybinius mi\u0161kus, daro \u012ftak\u0105 medienos tiekimui, nuo kurio priklauso ir pellet\u0173 gamyba.<\/p>\n<p>\u201ePelletai tur\u0117jo b\u016bti viena pla\u010diai skatinam\u0173 alternatyv\u0173 tradiciniam kietajam kurui. Ta\u010diau jau dabar valstyb\u0117s institucija kalba apie sistemin\u012f pasi\u016blos neatitikim\u0105 paklausai ir persp\u0117ja, kad problema gali sugr\u012f\u017eti art\u0117jant sezonui\u201c, \u2013 nurodo sektoriaus atstovai.<\/p>\n<p>UOKiK analiz\u0117 akcentuoja, kad \u0161ildymo transformacija turi b\u016bti planuojama ne vien per dotacijas ir draudimus. Nam\u0173 \u016bki\u0173 energetinis saugumas, rinkos dalyvi\u0173 teigimu, reikalauja keli\u0173 technologij\u0173 ir kuro r\u016b\u0161i\u0173 derinio, kad vartotojai nelikt\u0173 priklausomi nuo vieno deficitu galin\u010dio tapti sprendimo.<\/p>\n","protected":false},"excerpt":{"rendered":"<p>UOKiK \u012fsp\u0117ja: pellet\u0173 pasi\u016bla nesp\u0117ja paskui augan\u010di\u0105 paklaus\u0105, tod\u0117l art\u0117jant \u0161ildymo sezonui gali kartotis tr\u016bkumas ir kain\u0173 kilimas.<\/p>\n","protected":false},"author":0,"featured_media":0,"comment_status":"open","ping_status":"open","sticky":false,"template":"","format":"standard","meta":{"_acf_changed":false,"footnotes":""},"categories":[7],"tags":[5296,31506,102,39433,39432,2449,14127],"miestas":[],"class_list":["post-51048","post","type-post","status-publish","format-standard","hentry","category-technologijos","tag-biokuras","tag-czyste-powietrze","tag-dirbtinis-intelektas","tag-eudr","tag-pelletai","tag-sildymo-sezonas","tag-uokik"],"acf":[],"_links":{"self":[{"href":"https:\/\/cp.snarskis.lt\/index.php\/wp-json\/wp\/v2\/posts\/51048","targetHints":{"allow":["GET"]}}],"collection":[{"href":"https:\/\/cp.snarskis.lt\/index.php\/wp-json\/wp\/v2\/posts"}],"about":[{"href":"https:\/\/cp.snarskis.lt\/index.php\/wp-json\/wp\/v2\/types\/post"}],"replies":[{"embeddable":true,"href":"https:\/\/cp.snarskis.lt\/index.php\/wp-json\/wp\/v2\/comments?post=51048"}],"version-history":[{"count":0,"href":"https:\/\/cp.snarskis.lt\/index.php\/wp-json\/wp\/v2\/posts\/51048\/revisions"}],"wp:attachment":[{"href":"https:\/\/cp.snarskis.lt\/index.php\/wp-json\/wp\/v2\/media?parent=51048"}],"wp:term":[{"taxonomy":"category","embeddable":true,"href":"https:\/\/cp.snarskis.lt\/index.php\/wp-json\/wp\/v2\/categories?post=51048"},{"taxonomy":"post_tag","embeddable":true,"href":"https:\/\/cp.snarskis.lt\/index.php\/wp-json\/wp\/v2\/tags?post=51048"},{"taxonomy":"miestas","embeddable":true,"href":"https:\/\/cp.snarskis.lt\/index.php\/wp-json\/wp\/v2\/miestas?post=51048"}],"curies":[{"name":"wp","href":"https:\/\/api.w.org\/{rel}","templated":true}]}}