{"id":51049,"date":"2026-09-02T11:53:09","date_gmt":"2026-09-02T11:53:09","guid":{"rendered":"https:\/\/cp.snarskis.lt\/index.php\/2026\/09\/02\/gaisras-lenkijos-dronu-gamykloje-prokuratura-itaria-tycini-padegima-sureagavo-ir-nato\/"},"modified":"2026-09-02T11:53:09","modified_gmt":"2026-09-02T11:53:09","slug":"gaisras-lenkijos-dronu-gamykloje-prokuratura-itaria-tycini-padegima-sureagavo-ir-nato","status":"publish","type":"post","link":"https:\/\/cp.snarskis.lt\/index.php\/2026\/09\/02\/gaisras-lenkijos-dronu-gamykloje-prokuratura-itaria-tycini-padegima-sureagavo-ir-nato\/","title":{"rendered":"Gaisras Lenkijos dron\u0173 gamykloje: prokurat\u016bra \u012ftaria ty\u010din\u012f padegim\u0105, sureagavo ir NATO"},"content":{"rendered":"<p>Lenkijoje kil\u0119s gaisras dron\u0173 komponentus gaminan\u010diame \u201eGrupa WB\u201c padalinyje Skar\u017eysko-Kamienoje, prokurat\u016bros teigimu, grei\u010diausiai buvo sukeltas ty\u010dia. Tyr\u0117jai nurodo, kad po \u012fvykio surinkti duomenys leid\u017eia \u012ftarti s\u0105moning\u0105 padegim\u0105, o incidentas vertinamas kaip galimas sabota\u017eas.<\/p>\n<p>Apie gaisr\u0105 vie\u0161ai kalb\u0117j\u0119 \u0161alies vadovai pabr\u0117\u017e\u0117, kad per pastar\u0105sias dienas fiksuoti bent du pana\u0161\u016bs incidentai skirtinguose objektuose. Vienas j\u0173 \u2013 Skar\u017eysko-Kamienos gamykloje, kitas \u2013 Liubline esan\u010dioje gamybin\u0117je ir sand\u0117liavimo hal\u0117je, kur gaminami elementai skraidantiems objektams.<\/p>\n<p>\u201eKalbant apie gaisrus dviejuose objektuose \u2013 Liubline ir Skar\u017eysko-Kamienoje \u2013 Skar\u017eysko-Kamienos atveju nekyla joki\u0173 abejoni\u0173, kad tai buvo ty\u010dinis padegimas, tai yra sabota\u017eo aktas\u201c, \u2013 sak\u0117 Lenkijos premjeras.<\/p>\n<p>\u201eGrupa WB\u201c yra vienas svarbiausi\u0173 priva\u010di\u0173 Lenkijos gynybos pramon\u0117s \u017eaid\u0117j\u0173, siejamas su bepilot\u0117mis sistemomis ir j\u0173 komponentais. Bendrov\u0117 prane\u0161\u0117, kad gaisras buvo nedidelis, o j\u012f pavyko greitai u\u017egesinti, tod\u0117l didesn\u0117s \u017ealos gamybai es\u0105 i\u0161vengta.<\/p>\n<p>Pasak bendrov\u0117s atstov\u0173, gaisr\u0105 nakt\u012f u\u017efiksavo steb\u0117jimo sistema. Dar iki atvykstant ugniagesiams, vienas darbuotoj\u0173 prad\u0117jo gesinimo darbus, o atvykus tarnyboms situacija buvo galutinai suvaldyta.<\/p>\n<p>Prokurat\u016bros atstovas Przemys\u0142awas Nowakas vie\u0161ai patvirtino, kad surinkti \u012frodymai rodo ty\u010din\u012f padegim\u0105. Tuo pat metu teis\u0117sauga t\u0119sia tyrim\u0105 ir tikslina, kaip gal\u0117jo b\u016bti sukeltas gaisras, ar buvo naudotos padegimo priemon\u0117s ir ar egzistuoja ry\u0161ys su kitais pastarojo meto incidentais.<\/p>\n<p>Lenkijos vidaus reikal\u0173 ir administravimo ministras Marcinas Kierwi\u0144skis teig\u0117, kad padegimo versija yra itin reali. Jo vertinimu, tyr\u0117jai jau turi duomen\u0173, kurie gali reik\u0161mingai pakeisti \u012fvykio vertinim\u0105 ir pad\u0117ti nustatyti atsakingus asmenis.<\/p>\n<p>\u201eSu labai didele tikimybe galime pasakyti, kad taip \u2013 susid\u016br\u0117me su padegimu\u201c, \u2013 sak\u0117 Marcinas Kierwi\u0144skis.<\/p>\n<p>\u012e situacij\u0105 sureagavo ir NATO, platesniame kontekste primindama apie i\u0161augus\u012f hibridini\u0173 veiksm\u0173 mast\u0105 Europoje. Aljanso pozicija \u2013 steb\u0117ti rizikas ir stiprinti atsparum\u0105, nors \u0161iuo metu tiesiogin\u0117s karin\u0117s atakos gr\u0117sm\u0117, NATO vertinimu, n\u0117ra fiksuojama.<\/p>\n<p>\u201eNATO i\u0161lieka budri ir pasirengusi \u012fvairioms gr\u0117sm\u0117ms. \u0160iuo metu nematome tiesiogin\u0117s atakos gr\u0117sm\u0117s\u201c, \u2013 teigiama NATO komentare.<\/p>\n<p>Pastaraisiais metais Europos \u0161alys vis da\u017eniau kalba apie kritin\u0117s infrastrukt\u016bros ir su gynyba susijusi\u0173 \u012fmoni\u0173 saugumo stiprinim\u0105, ypa\u010d did\u0117jant bepilotes sistemas kurian\u010dio sektoriaus reik\u0161mei. Tyrimas Lenkijoje tur\u0117t\u0173 atsakyti, ar \u0161is atvejis t\u0117ra pavienis nusikaltimas, ar platesni\u0173 hibridini\u0173 veiksm\u0173 dalis.<\/p>\n","protected":false},"excerpt":{"rendered":"<p>Lenkijoje kil\u0119s gaisras \u201eGrupa WB\u201c dron\u0173 komponent\u0173 gamykloje tiriamas kaip galimas ty\u010dinis padegimas, \u012f incident\u0105 sureagavo ir NATO.<\/p>\n","protected":false},"author":0,"featured_media":0,"comment_status":"open","ping_status":"open","sticky":false,"template":"","format":"standard","meta":{"_acf_changed":false,"footnotes":""},"categories":[7],"tags":[102,301,7828,1121,465,702,36389],"miestas":[],"class_list":["post-51049","post","type-post","status-publish","format-standard","hentry","category-technologijos","tag-dirbtinis-intelektas","tag-dronai","tag-gaisrai","tag-gynybos-pramone","tag-lenkija","tag-nato","tag-sabotazas"],"acf":[],"_links":{"self":[{"href":"https:\/\/cp.snarskis.lt\/index.php\/wp-json\/wp\/v2\/posts\/51049","targetHints":{"allow":["GET"]}}],"collection":[{"href":"https:\/\/cp.snarskis.lt\/index.php\/wp-json\/wp\/v2\/posts"}],"about":[{"href":"https:\/\/cp.snarskis.lt\/index.php\/wp-json\/wp\/v2\/types\/post"}],"replies":[{"embeddable":true,"href":"https:\/\/cp.snarskis.lt\/index.php\/wp-json\/wp\/v2\/comments?post=51049"}],"version-history":[{"count":0,"href":"https:\/\/cp.snarskis.lt\/index.php\/wp-json\/wp\/v2\/posts\/51049\/revisions"}],"wp:attachment":[{"href":"https:\/\/cp.snarskis.lt\/index.php\/wp-json\/wp\/v2\/media?parent=51049"}],"wp:term":[{"taxonomy":"category","embeddable":true,"href":"https:\/\/cp.snarskis.lt\/index.php\/wp-json\/wp\/v2\/categories?post=51049"},{"taxonomy":"post_tag","embeddable":true,"href":"https:\/\/cp.snarskis.lt\/index.php\/wp-json\/wp\/v2\/tags?post=51049"},{"taxonomy":"miestas","embeddable":true,"href":"https:\/\/cp.snarskis.lt\/index.php\/wp-json\/wp\/v2\/miestas?post=51049"}],"curies":[{"name":"wp","href":"https:\/\/api.w.org\/{rel}","templated":true}]}}