{"id":51052,"date":"2026-09-02T12:50:33","date_gmt":"2026-09-02T12:50:33","guid":{"rendered":"https:\/\/cp.snarskis.lt\/index.php\/2026\/09\/02\/aleksote-suolis-vaiku-ugdyme-po-rekonstrukcijos-medeina-atvere-dvi-atnaujintas-erdves\/"},"modified":"2026-09-02T12:50:33","modified_gmt":"2026-09-02T12:50:33","slug":"aleksote-suolis-vaiku-ugdyme-po-rekonstrukcijos-medeina-atvere-dvi-atnaujintas-erdves","status":"publish","type":"post","link":"https:\/\/cp.snarskis.lt\/index.php\/2026\/09\/02\/aleksote-suolis-vaiku-ugdyme-po-rekonstrukcijos-medeina-atvere-dvi-atnaujintas-erdves\/","title":{"rendered":"Aleksote \u2013 \u0161uolis vaik\u0173 ugdyme: po rekonstrukcijos \u201eMedeina\u201c atv\u0117r\u0117 dvi atnaujintas erdves"},"content":{"rendered":"<p>Aleksote nauji mokslo metai prasid\u0117jo su ry\u0161kiais poky\u010diais \u2013 po rekonstrukcijos duris atv\u0117r\u0117 du mokyklos-dar\u017eelio \u201eMedeina\u201c padaliniai M. Y\u010do ir Dvar\u0173 gatv\u0117se. Viename padalinyje \u012fsik\u016br\u0117 pradin\u0117 mokykla, kitame \u2013 gerokai i\u0161pl\u0117stas lop\u0161elis-dar\u017eelis, galintis priimti kelis kartus daugiau vaik\u0173.<\/p>\n<p>Atnaujintos erdv\u0117s atvertos simboli\u0161kai \u2013 kartu su mokslo met\u0173 prad\u017eia. Pirm\u0105j\u0105 dien\u0105 bendruomen\u0119 pasitiko \u0161ventin\u0117 programa, o vaikai su t\u0117vais tur\u0117jo prog\u0105 susipa\u017einti su pasikeitusia aplinka ir naujomis ugdymo galimyb\u0117mis.<\/p>\n<h2>Nauja aplinka pradinukams<\/h2>\n<p>M. Y\u010do gatv\u0117s padalinyje mokslo metus prad\u0117jo 12 pradini\u0173 klasi\u0173. \u012erengtos \u0161iuolaiki\u0161kos mokymosi erdv\u0117s, numatyti specialist\u0173 kabinetai, sporto ir poilsio zonos, taip pat sprendimai, skirti didesniam saugumui ir patogumui kasdien\u0117je veikloje.<\/p>\n<p>Pastatas pritaikytas \u017emon\u0117ms su negalia, atnaujintos bendrosios erdv\u0117s, valgykla ir infrastrukt\u016bra. Ugdymo aplinka papildyta prakti\u0161kais sprendimais, padedan\u010diais u\u017etikrinti komfort\u0105 skirtingo am\u017eiaus mokiniams.<\/p>\n<p>\u201eNorime, kad vaikai kokybi\u0161kas s\u0105lygas mokytis ir augti tur\u0117t\u0173 kuo ar\u010diau nam\u0173. Tod\u0117l nuosekliai atnaujiname esamas \u012fstaigas ir kuriame naujas ten, kur j\u0173 labiausiai reikia\u201c, \u2013 sak\u0117 Kauno meras Visvaldas Matijo\u0161aitis.<\/p>\n<h2>Dar\u017eelis i\u0161sipl\u0117t\u0117 kelis kartus<\/h2>\n<p>Dvar\u0173 gatv\u0117s padalinyje pokytis dar akivaizdesnis: anks\u010diau 365 kv. metr\u0173 ploto dar\u017eelyje veik\u0117 trys grup\u0117s ir j\u012f lank\u0117 apie 60 vaik\u0173. Po rekonstrukcijos pastato plotas i\u0161augo iki beveik 1 850 kv. metr\u0173, o grupi\u0173 skai\u010dius padid\u0117jo iki vienuolikos.<\/p>\n<p>Naujajame dar\u017eelyje numatytos keturios lop\u0161elio, \u0161e\u0161ios ikimokyklinio ir viena prie\u0161mokyklinio ugdymo grup\u0117. Tai tur\u0117t\u0173 pad\u0117ti ma\u017einti viet\u0173 tr\u016bkum\u0105 augan\u010diame rajone ir suteikti \u0161eimoms daugiau galimybi\u0173 rinktis ugdymo \u012fstaig\u0105 ar\u010diau nam\u0173.<\/p>\n<p>Viduje \u012frengtos erdv\u0117s veikloms, \u017eaidimams ir poilsiui, sensorinis kambarys bei universali sal\u0117 sportui ir renginiams. Atnaujintas ir kiemas: \u012frengtos \u017eaidim\u0173 aik\u0161tel\u0117s, pav\u0117sin\u0117s, atskiros zonos grup\u0117ms bei kupolas \u012fvairioms veikloms.<\/p>\n<p>\u201ePrad\u0117dami nauj\u0105 m\u016bs\u0173 \u012fstaigos istorijos etap\u0105, norime, kad kiekvienas \u010dia at\u0117j\u0119s vaikas jaust\u0173si laukiamas, saugus, pasteb\u0117tas ir svarbus\u201c, \u2013 sak\u0117 \u201eMedeina\u201c mokyklos-dar\u017eelio direktor\u0117 Larisa Bukinien\u0117.<\/p>\n<h2>K\u0105 tai rei\u0161kia bendruomenei<\/h2>\n<p>\u0160vietimo infrastrukt\u016bros pl\u0117tra Kaune vis da\u017eniau siejama ne tik su pastat\u0173 atnaujinimu, bet ir su ugdymo kokybe: patogesn\u0117mis erdv\u0117mis, specialist\u0173 paslaug\u0173 prieinamumu bei \u012ftraukties sprendimais. Tokie projektai ypa\u010d svarb\u016bs rajonams, kuriuose daug\u0117ja jaun\u0173 \u0161eim\u0173 ir did\u0117ja vaik\u0173 skai\u010dius.<\/p>\n<p>Kauno savivaldyb\u0117 pabr\u0117\u017eia, kad investicijos \u012f dar\u017eelius ir pradines mokyklas padeda trumpinti kasdienes keliones, ma\u017eina grupi\u0173 perpildymo rizik\u0105 ir sudaro geresnes s\u0105lygas ugdymo \u012fstaigoms planuoti darb\u0105. Atnaujinta \u201eMedeina\u201c Aleksote tampa dar vienu pavyzd\u017eiu, kaip infrastrukt\u016bros poky\u010diai tiesiogiai kei\u010dia \u0161eim\u0173 kasdienyb\u0119.<\/p>\n","protected":false},"excerpt":{"rendered":"<p>Po rekonstrukcijos Aleksote duris atv\u0117r\u0117 du \u201eMedeinos\u201c padaliniai: pradin\u0117 mokykla ir kelis kartus i\u0161pl\u0117stas dar\u017eelis su 11 grupi\u0173.<\/p>\n","protected":false},"author":0,"featured_media":0,"comment_status":"open","ping_status":"open","sticky":false,"template":"","format":"standard","meta":{"_acf_changed":false,"footnotes":""},"categories":[15],"tags":[36600,6664,2899,39439,39438,3678,4360],"miestas":[],"class_list":["post-51052","post","type-post","status-publish","format-standard","hentry","category-regionai","tag-aleksotas","tag-darzeliai","tag-kaunas","tag-medeina","tag-pradines-mokyklos","tag-svietimo-infrastruktura","tag-visvaldas-matijosaitis"],"acf":[],"_links":{"self":[{"href":"https:\/\/cp.snarskis.lt\/index.php\/wp-json\/wp\/v2\/posts\/51052","targetHints":{"allow":["GET"]}}],"collection":[{"href":"https:\/\/cp.snarskis.lt\/index.php\/wp-json\/wp\/v2\/posts"}],"about":[{"href":"https:\/\/cp.snarskis.lt\/index.php\/wp-json\/wp\/v2\/types\/post"}],"replies":[{"embeddable":true,"href":"https:\/\/cp.snarskis.lt\/index.php\/wp-json\/wp\/v2\/comments?post=51052"}],"version-history":[{"count":0,"href":"https:\/\/cp.snarskis.lt\/index.php\/wp-json\/wp\/v2\/posts\/51052\/revisions"}],"wp:attachment":[{"href":"https:\/\/cp.snarskis.lt\/index.php\/wp-json\/wp\/v2\/media?parent=51052"}],"wp:term":[{"taxonomy":"category","embeddable":true,"href":"https:\/\/cp.snarskis.lt\/index.php\/wp-json\/wp\/v2\/categories?post=51052"},{"taxonomy":"post_tag","embeddable":true,"href":"https:\/\/cp.snarskis.lt\/index.php\/wp-json\/wp\/v2\/tags?post=51052"},{"taxonomy":"miestas","embeddable":true,"href":"https:\/\/cp.snarskis.lt\/index.php\/wp-json\/wp\/v2\/miestas?post=51052"}],"curies":[{"name":"wp","href":"https:\/\/api.w.org\/{rel}","templated":true}]}}