{"id":51055,"date":"2026-09-02T12:51:44","date_gmt":"2026-09-02T12:51:44","guid":{"rendered":"https:\/\/cp.snarskis.lt\/index.php\/2026\/09\/02\/885-mln-euru-planas-lietuvai-kaip-socialinio-klimato-fondo-pinigai-pasieks-zmones-ir-regionus\/"},"modified":"2026-09-02T12:51:44","modified_gmt":"2026-09-02T12:51:44","slug":"885-mln-euru-planas-lietuvai-kaip-socialinio-klimato-fondo-pinigai-pasieks-zmones-ir-regionus","status":"publish","type":"post","link":"https:\/\/cp.snarskis.lt\/index.php\/2026\/09\/02\/885-mln-euru-planas-lietuvai-kaip-socialinio-klimato-fondo-pinigai-pasieks-zmones-ir-regionus\/","title":{"rendered":"885 mln. eur\u0173 planas Lietuvai: kaip Socialinio klimato fondo pinigai pasieks \u017emones ir regionus?"},"content":{"rendered":"<p>Lietuvoje pristatomas Socialinio klimato planas, kuriame numatyta, kaip bus panaudotos Europos S\u0105jungos Socialinio klimato fondo l\u0117\u0161os. Kartu su nacionaliniu prisid\u0117jimu bendra planuojam\u0173 investicij\u0173 suma siekia apie 885 mln. eur\u0173.<\/p>\n<p>Socialinio klimato fondo tikslas \u2013 su\u0161velninti poveik\u012f gyventojams, kur\u012f gali sukelti klimato politikos priemon\u0117s, ypa\u010d susijusios su transportu ir pastatais. Daugiausia d\u0117mesio planuose paprastai skiriama ma\u017eesnes pajamas gaunantiems nam\u0173 \u016bkiams ir pa\u017eeid\u017eiamesn\u0117ms grup\u0117ms, kad parama b\u016bt\u0173 pasiekiama ir regionuose.<\/p>\n<p>Renginyje planuojama aptarti, kaip priemon\u0117s veiks praktikoje ir kaip bus u\u017etikrinta, kad parama b\u016bt\u0173 tikslin\u0117. Pristatyme dalyvaus Europos Komisijos atstovai ir aplinkos ministr\u0117 Ieva Andriulaityt\u0117.<\/p>\n<p>Numatyta, kad plane bus ap\u017evelgiamos priemon\u0117s pastat\u0173 sektoriuje, socialinio b\u016bsto fondo pl\u0117tra ir susisiekimo srityje planuojamos veiklos. Taip pat pristatoma id\u0117ja steigti energijos taupymo konsultacij\u0173 centrus, kurie pad\u0117t\u0173 gyventojams orientuotis renovacijos, efektyvaus \u0161ildymo ir energijos vartojimo ma\u017einimo sprendimuose.<\/p>\n<p>Diskusijoje apie tai, kaip investicijos pasieks \u017emones ir savivaldybes, dalyvaus aplinkos viceministr\u0117 Aira Paliuk\u0117nait\u0117, Europos Komisijos atstov\u0117 Andriana Sukova, Taurag\u0117s rajono savivaldyb\u0117s meras Dovydas Kaminskas, V\u0161\u012e \u201eAtnaujinkime miest\u0105\u201c direktorius Laurynas \u0160e\u0161kevi\u010dius ir kiti socialin\u0117s, klimato bei transporto politikos dalyviai.<\/p>\n<p>Socialinio klimato planai ES valstyb\u0117se laikomi svarbia grandimi siekiant suderinti klimato tikslus su socialiniu teisingumu. Praktikoje tai rei\u0161kia didesn\u012f d\u0117mes\u012f energijos skurdui ma\u017einti, b\u016bsto prieinamumui gerinti ir tvaresniam judumui u\u017etikrinti, kad per\u0117jimas prie ma\u017eiau tar\u0161ios ekonomikos nepadidint\u0173 nelygyb\u0117s.<\/p>\n","protected":false},"excerpt":{"rendered":"<p>Lietuva pristato Socialinio klimato plan\u0105: apie 885 mln. eur\u0173 investicij\u0173, kurios tur\u0117t\u0173 ma\u017einti energijos skurd\u0105 ir pasiekti regionus.<\/p>\n","protected":false},"author":0,"featured_media":0,"comment_status":"open","ping_status":"open","sticky":false,"template":"","format":"standard","meta":{"_acf_changed":false,"footnotes":""},"categories":[15],"tags":[9036,667,39195,2544,20003,39440,5492],"miestas":[],"class_list":["post-51055","post","type-post","status-publish","format-standard","hentry","category-regionai","tag-energijos-skurdas","tag-europos-komisija","tag-ieva-andriulaityte","tag-pastatu-renovacija","tag-socialinio-klimato-fondas","tag-socialinio-klimato-planas","tag-socialinis-bustas"],"acf":[],"_links":{"self":[{"href":"https:\/\/cp.snarskis.lt\/index.php\/wp-json\/wp\/v2\/posts\/51055","targetHints":{"allow":["GET"]}}],"collection":[{"href":"https:\/\/cp.snarskis.lt\/index.php\/wp-json\/wp\/v2\/posts"}],"about":[{"href":"https:\/\/cp.snarskis.lt\/index.php\/wp-json\/wp\/v2\/types\/post"}],"replies":[{"embeddable":true,"href":"https:\/\/cp.snarskis.lt\/index.php\/wp-json\/wp\/v2\/comments?post=51055"}],"version-history":[{"count":0,"href":"https:\/\/cp.snarskis.lt\/index.php\/wp-json\/wp\/v2\/posts\/51055\/revisions"}],"wp:attachment":[{"href":"https:\/\/cp.snarskis.lt\/index.php\/wp-json\/wp\/v2\/media?parent=51055"}],"wp:term":[{"taxonomy":"category","embeddable":true,"href":"https:\/\/cp.snarskis.lt\/index.php\/wp-json\/wp\/v2\/categories?post=51055"},{"taxonomy":"post_tag","embeddable":true,"href":"https:\/\/cp.snarskis.lt\/index.php\/wp-json\/wp\/v2\/tags?post=51055"},{"taxonomy":"miestas","embeddable":true,"href":"https:\/\/cp.snarskis.lt\/index.php\/wp-json\/wp\/v2\/miestas?post=51055"}],"curies":[{"name":"wp","href":"https:\/\/api.w.org\/{rel}","templated":true}]}}