{"id":51059,"date":"2026-09-02T12:53:27","date_gmt":"2026-09-02T12:53:27","guid":{"rendered":"https:\/\/cp.snarskis.lt\/index.php\/2026\/09\/02\/duris-atvere-mazuriskiu-darzelis-vietu-150-investicijos-beveik-9-mln-euru\/"},"modified":"2026-09-02T12:53:27","modified_gmt":"2026-09-02T12:53:27","slug":"duris-atvere-mazuriskiu-darzelis-vietu-150-investicijos-beveik-9-mln-euru","status":"publish","type":"post","link":"https:\/\/cp.snarskis.lt\/index.php\/2026\/09\/02\/duris-atvere-mazuriskiu-darzelis-vietu-150-investicijos-beveik-9-mln-euru\/","title":{"rendered":"Duris atv\u0117r\u0117 Maz\u016bri\u0161ki\u0173 dar\u017eelis: viet\u0173 150, investicijos \u2013 beveik 9 mln. eur\u0173"},"content":{"rendered":"<p>Maz\u016bri\u0161kiuose, Sendvario seni\u016bnijoje, rugs\u0117jo 1 dien\u0105 oficialiai atidarytas naujas vaik\u0173 dar\u017eelis, kuriame ugdym\u0105 gal\u0117s prad\u0117ti iki 150 vaik\u0173. Savivaldyb\u0117 tikisi, kad \u012fstaiga suma\u017eins eil\u0117se laukian\u010di\u0173 \u0161eim\u0173 skai\u010di\u0173 spar\u010diai augan\u010dioje Klaip\u0117dos rajono dalyje.<\/p>\n<p>\u201eMatome, kaip laukta id\u0117ja tapo realybe \u2013 Maz\u016bri\u0161kiuose duris atv\u0117r\u0117 dar\u017eelis, kurio labai lauk\u0117 Sendvario seni\u016bnijos \u0161eimos. Tai konkretus atsakas \u012f gyventoj\u0173 poreikius\u201c, \u2013 sak\u0117 Klaip\u0117dos rajono meras Bronius Markauskas.<\/p>\n<p>Naujajame pastate \u012frengtos a\u0161tuonios grup\u0117s, suplanuotos pagal \u0161iuolaikinius ankstyvojo ugdymo principus ir vaik\u0173 kasdienius poreikius. Dar\u017eelyje veikia akt\u0173 sal\u0117, sporto patalpos, erdv\u0117s papildomoms veikloms ir specialist\u0173 darbui.<\/p>\n<p>Didelis d\u0117mesys skirtas emocinei savijautai: \u012frengtas sensorinis kambarys, kuriame vaikai gali nusiraminti, susikaupti ir lavinti poj\u016b\u010dius. Tokios erdv\u0117s vis da\u017eniau diegiamos Lietuvos ugdymo \u012fstaigose, siekiant anks\u010diau pasteb\u0117ti emocinius sunkumus ir pad\u0117ti vaikams saugiai prisitaikyti prie dienos ritmo.<\/p>\n<p>\u201eYpa\u010d d\u017eiugu, kad \u010dia sukurtos ne tik gra\u017eios, bet ir vaik\u0173 poreikiams pritaikytos erdv\u0117s \u2013 nuo sensorinio kambario iki sporto ir k\u016brybin\u0117ms veikloms skirt\u0173 patalp\u0173\u201c, \u2013 teig\u0117 Klaip\u0117dos rajono vicemer\u0117 Violeta Riaukien\u0117.<\/p>\n<p>Dar\u017eelio lauko erdv\u0117 pritaikyta aktyviam jud\u0117jimui: \u012frengta moderni \u017eaidim\u0173 aik\u0161tel\u0117, p\u0117s\u010di\u0173j\u0173 takai ir pav\u0117sin\u0117s. Savivaldyb\u0117 pa\u017eymi, kad kartu sprend\u017eiami ir susisiekimo klausimai, kad t\u0117vams b\u016bt\u0173 patogiau atvykti bei saugiai i\u0161leisti vaikus.<\/p>\n<p>Greta \u012fstaigos numatyti keli\u0173 ir gatvi\u0173 tvarkymo darbai: planuojami poky\u010diai Juod\u017eemi\u0173 ir Agilos gatv\u0117se, taip pat Jurgai\u010di\u0173 bei \u0160ileli\u0173 gatv\u0117se. Tokie infrastrukt\u016bros sprendimai da\u017eniausiai tampa b\u016btini, kai nauji \u0161vietimo objektai atveriami kvartaluose, kur eismo srautai i\u0161auga per trump\u0105 laik\u0105.<\/p>\n<p>Projektas finansuotas Europos S\u0105jungos ir savivaldyb\u0117s l\u0117\u0161omis. Bendra projekto vert\u0117 siekia 8 911 093 eurus, i\u0161 j\u0173 7 574 428 eurai skirti i\u0161 Europos S\u0105jungos fond\u0173, o 1 336 665 eurai \u2013 i\u0161 savivaldyb\u0117s biud\u017eeto.<\/p>\n","protected":false},"excerpt":{"rendered":"<p>Maz\u016bri\u0161kiuose atidarytas naujas dar\u017eelis 150 vaik\u0173: a\u0161tuonios grup\u0117s, sensorinis kambarys ir beveik 9 mln. eur\u0173 investicijos.<\/p>\n","protected":false},"author":0,"featured_media":0,"comment_status":"open","ping_status":"open","sticky":false,"template":"","format":"standard","meta":{"_acf_changed":false,"footnotes":""},"categories":[15],"tags":[2306,1389,1441,36087,5686,9211],"miestas":[],"class_list":["post-51059","post","type-post","status-publish","format-standard","hentry","category-regionai","tag-europos-sajungos-fondai","tag-ikimokyklinis-ugdymas","tag-klaipedos-rajono-savivaldybe","tag-mazuriskiai","tag-sendvario-seniunija","tag-vaiku-darzeliai"],"acf":[],"_links":{"self":[{"href":"https:\/\/cp.snarskis.lt\/index.php\/wp-json\/wp\/v2\/posts\/51059","targetHints":{"allow":["GET"]}}],"collection":[{"href":"https:\/\/cp.snarskis.lt\/index.php\/wp-json\/wp\/v2\/posts"}],"about":[{"href":"https:\/\/cp.snarskis.lt\/index.php\/wp-json\/wp\/v2\/types\/post"}],"replies":[{"embeddable":true,"href":"https:\/\/cp.snarskis.lt\/index.php\/wp-json\/wp\/v2\/comments?post=51059"}],"version-history":[{"count":0,"href":"https:\/\/cp.snarskis.lt\/index.php\/wp-json\/wp\/v2\/posts\/51059\/revisions"}],"wp:attachment":[{"href":"https:\/\/cp.snarskis.lt\/index.php\/wp-json\/wp\/v2\/media?parent=51059"}],"wp:term":[{"taxonomy":"category","embeddable":true,"href":"https:\/\/cp.snarskis.lt\/index.php\/wp-json\/wp\/v2\/categories?post=51059"},{"taxonomy":"post_tag","embeddable":true,"href":"https:\/\/cp.snarskis.lt\/index.php\/wp-json\/wp\/v2\/tags?post=51059"},{"taxonomy":"miestas","embeddable":true,"href":"https:\/\/cp.snarskis.lt\/index.php\/wp-json\/wp\/v2\/miestas?post=51059"}],"curies":[{"name":"wp","href":"https:\/\/api.w.org\/{rel}","templated":true}]}}