{"id":51060,"date":"2026-09-02T12:53:58","date_gmt":"2026-09-02T12:53:58","guid":{"rendered":"https:\/\/cp.snarskis.lt\/index.php\/2026\/09\/02\/kur-vaziuoja-seimo-pirmininkas-j-olekas-per-diena-aplankys-versla-mokykla-ir-medikus\/"},"modified":"2026-09-02T12:53:58","modified_gmt":"2026-09-02T12:53:58","slug":"kur-vaziuoja-seimo-pirmininkas-j-olekas-per-diena-aplankys-versla-mokykla-ir-medikus","status":"publish","type":"post","link":"https:\/\/cp.snarskis.lt\/index.php\/2026\/09\/02\/kur-vaziuoja-seimo-pirmininkas-j-olekas-per-diena-aplankys-versla-mokykla-ir-medikus\/","title":{"rendered":"Kur va\u017eiuoja Seimo pirmininkas: J. Olekas per dien\u0105 aplankys versl\u0105, mokykl\u0105 ir medikus"},"content":{"rendered":"<p>Seimo pirmininkas Juozas Olekas rugs\u0117jo 2 dien\u0105 vyksta \u012f \u0160ven\u010dioni\u0173 ir Mol\u0117t\u0173 rajonus. Per vien\u0105 dien\u0105 numatyta susitikim\u0173 serija su verslo, \u0161vietimo, sveikatos prie\u017ei\u016bros ir savivaldos atstovais, taip pat su vietos gyventojais.<\/p>\n<p>Pasak Seimo pirmininko, vizito tikslas yra ne pristatyti sprendimus, o i\u0161klausyti, su kokiais kasdieniais i\u0161\u0161\u016bkiais susiduria skirtingos bendruomen\u0117s. Tokie regioniniai susitikimai da\u017enai tampa kanalu surinkti informacij\u0105 apie realias kli\u016btis darbo rinkoje, vie\u0161\u0173j\u0173 paslaug\u0173 prieinamume ir investicij\u0173 pritraukime.<\/p>\n<p>\u201eVa\u017eiuoju pirmiausia klausytis, i\u0161girsti, kalb\u0117tis ir suprasti. Kiekvienas j\u0173 savo kasdieniame darbe susiduria su valstyb\u0117s priimamais sprendimais ir gali pasakyti, kas veikia, o kur dar stringame\u201c, \u2013 sak\u0117 J. Olekas.<\/p>\n<p>\u0160ven\u010dioni\u0173 rajone J. Olekas prad\u0117s vizit\u0105 Pabrad\u0117je veikian\u010dioje medicinos priemoni\u0173 gamybos bendrov\u0117je \u201eIntersurgical\u201c. Taip pat numatyti apsilankymai bendrov\u0117je \u201e\u0160ven\u010dioni\u0173 vaista\u017eol\u0117s\u201c, \u0160ven\u010dioni\u0173 Zigmo \u017demai\u010dio gimnazijoje ir susitikimas su savivaldyb\u0117s administracijos atstovais.<\/p>\n<p>Politik\u0173 vizitai \u012f pramon\u0117s ir gamybos \u012fmones paprastai siejami su dviem aktualiomis temomis: darbuotoj\u0173 tr\u016bkumu ir \u012fmoni\u0173 pl\u0117tros s\u0105lygomis. \u012emon\u0117s regionuose da\u017enai kelia klausimus d\u0117l profesinio rengimo atitikimo rinkos poreikiams, infrastrukt\u016bros, vie\u0161ojo transporto ir biurokratini\u0173 proced\u016br\u0173, kurios l\u0117tina investicijas.<\/p>\n<p>\u201eMan \u012fdomu pamatyti ne tik tai, k\u0105 jau pavyko padaryti. Dar svarbiau i\u0161girsti, kas trukdo \u012fmon\u0117ms pl\u0117stis, ar lengva rasti darbuotoj\u0173, ko \u0161iandien tr\u016bksta mokykloms ar savivaldybei\u201c, \u2013 teig\u0117 J. Olekas.<\/p>\n<p>Mol\u0117t\u0173 rajone Seimo pirmininkas planuoja apsilankyti \u201eTeltonikos\u201c technologij\u0173 centre, lietuvi\u0161ko kapitalo \u012fmon\u0117je \u201eHoda\u201c ir Mol\u0117t\u0173 rajono sveikatos centre. \u0160ioje darbotvark\u0117s dalyje d\u0117mesys krypsta \u012f technologij\u0173 pl\u0117tr\u0105 regionuose ir sveikatos paslaug\u0173 prieinamum\u0105, kuris Lietuvoje itin priklauso nuo specialist\u0173 pritraukimo ir paslaug\u0173 organizavimo.<\/p>\n<p>Vizitas baigsis susitikimu su Mol\u0117t\u0173 kra\u0161to gyventojais Mol\u0117t\u0173 bibliotekoje. Tokiuose susitikimuose da\u017eniausiai keliami klausimai apie sveikatos paslaugas, \u0161vietimo kokyb\u0119, vietos keli\u0173 b\u016bkl\u0119, vie\u0161\u0105j\u012f transport\u0105, jaun\u0173 \u017emoni\u0173 i\u0161vykim\u0105 ir valstyb\u0117s institucij\u0173 sprendim\u0173 poveik\u012f kasdieniam gyvenimui.<\/p>\n<p>\u201eTokiuose susitikimuose i\u0161 anksto nesuplanuosi, apie k\u0105 \u017emon\u0117s nor\u0117s kalb\u0117ti. Man labai svarbu i\u0161girsti j\u0173 klausimus ir nuomon\u0119, neabejoju, kad bus ir kritikos\u201c, \u2013 pabr\u0117\u017e\u0117 Seimo pirmininkas.<\/p>\n","protected":false},"excerpt":{"rendered":"<p>Seimo pirmininkas Juozas Olekas rugs\u0117jo 2 dien\u0105 lankysis \u0160ven\u010dioni\u0173 ir Mol\u0117t\u0173 rajonuose, susitiks su verslu, mokyklomis, medikais ir gyventojais.<\/p>\n","protected":false},"author":0,"featured_media":0,"comment_status":"open","ping_status":"open","sticky":false,"template":"","format":"standard","meta":{"_acf_changed":false,"footnotes":""},"categories":[15],"tags":[39447,13535,15011,429,1114,776,39448],"miestas":[],"class_list":["post-51060","post","type-post","status-publish","format-standard","hentry","category-regionai","tag-intersurgical","tag-juozas-olekas","tag-moletu-rajonas","tag-regionu-politika","tag-seimas","tag-svencioniu-rajonas","tag-teltonika"],"acf":[],"_links":{"self":[{"href":"https:\/\/cp.snarskis.lt\/index.php\/wp-json\/wp\/v2\/posts\/51060","targetHints":{"allow":["GET"]}}],"collection":[{"href":"https:\/\/cp.snarskis.lt\/index.php\/wp-json\/wp\/v2\/posts"}],"about":[{"href":"https:\/\/cp.snarskis.lt\/index.php\/wp-json\/wp\/v2\/types\/post"}],"replies":[{"embeddable":true,"href":"https:\/\/cp.snarskis.lt\/index.php\/wp-json\/wp\/v2\/comments?post=51060"}],"version-history":[{"count":0,"href":"https:\/\/cp.snarskis.lt\/index.php\/wp-json\/wp\/v2\/posts\/51060\/revisions"}],"wp:attachment":[{"href":"https:\/\/cp.snarskis.lt\/index.php\/wp-json\/wp\/v2\/media?parent=51060"}],"wp:term":[{"taxonomy":"category","embeddable":true,"href":"https:\/\/cp.snarskis.lt\/index.php\/wp-json\/wp\/v2\/categories?post=51060"},{"taxonomy":"post_tag","embeddable":true,"href":"https:\/\/cp.snarskis.lt\/index.php\/wp-json\/wp\/v2\/tags?post=51060"},{"taxonomy":"miestas","embeddable":true,"href":"https:\/\/cp.snarskis.lt\/index.php\/wp-json\/wp\/v2\/miestas?post=51060"}],"curies":[{"name":"wp","href":"https:\/\/api.w.org\/{rel}","templated":true}]}}