{"id":51085,"date":"2026-09-02T13:37:45","date_gmt":"2026-09-02T13:37:45","guid":{"rendered":"https:\/\/cp.snarskis.lt\/index.php\/2026\/09\/02\/briuselis-atsisako-taikyti-jav-ir-kanada-ka-tai-reiskia-muitams-ir-europos-verslui\/"},"modified":"2026-09-02T13:37:45","modified_gmt":"2026-09-02T13:37:45","slug":"briuselis-atsisako-taikyti-jav-ir-kanada-ka-tai-reiskia-muitams-ir-europos-verslui","status":"publish","type":"post","link":"https:\/\/cp.snarskis.lt\/index.php\/2026\/09\/02\/briuselis-atsisako-taikyti-jav-ir-kanada-ka-tai-reiskia-muitams-ir-europos-verslui\/","title":{"rendered":"Briuselis atsisako taikyti JAV ir Kanad\u0105: k\u0105 tai rei\u0161kia muitams ir Europos verslui?"},"content":{"rendered":"<h2>ES: tarpininkauti neketiname<\/h2>\n<p>Europos Komisijos prekybos komisaras Maro\u0161as \u0160ef\u010dovi\u010dius parei\u0161k\u0117, kad Briuselis nemato galimybi\u0173 tarpininkauti a\u0161tr\u0117jan\u010diame JAV ir Kanados prekybos konflikte. Pasak jo, Europos S\u0105junga n\u0117ra tokioje pozicijoje, kuri leist\u0173 imtis mediatoriaus vaidmens dvi\u0161al\u0117se derybose.<\/p>\n<p>Komisaras pabr\u0117\u017e\u0117, kad JAV ir Kanad\u0105 sieja itin glaud\u016bs ekonominiai ry\u0161iai, tod\u0117l, nepaisant dabartin\u0117s \u012ftampos, anks\u010diau ar v\u0117liau abi pus\u0117s ie\u0161kos b\u016bd\u0173 susitarti. ES tuo metu labiau koncentruojasi \u012f savo prekybos interesus ir stabilias taisykles.<\/p>\n<h2>Tarifai \u2013 mokes\u010diai vartotojams<\/h2>\n<p>Po \u017elugusi\u0173 deryb\u0173 Va\u0161ingtonas paskelb\u0117 apie 50 proc. muitus i\u0161 Kanados importuojamiems automobiliams ir sunkve\u017eimiams. Otava atsak\u0117 atsakomaisiais muitais daugiau nei 700 JAV preki\u0173 grupi\u0173, kuri\u0173 vert\u0117 siekia apie 17,2 mlrd. eur\u0173.<\/p>\n<p>\u201eMuitai yra mokes\u010diai, kuriuos galiausiai sumoka ekonomikos dalyviai arba pilie\u010diai\u201c, \u2013 sak\u0117 Maro\u0161as \u0160ef\u010dovi\u010dius. Jis kartojo ES pozicij\u0105, kad prioritetas tur\u0117t\u0173 b\u016bti laisva ir s\u0105\u017eininga prekyba, kai tarifai yra kuo ma\u017eesni arba j\u0173 visai n\u0117ra.<\/p>\n<h2>Kanada art\u0117ja prie ES<\/h2>\n<p>Kanados ministras pirmininkas Markas Carney po deryb\u0173 su JAV fiasko paragino stiprinti ry\u0161ius su Europa ir patvirtino planus dalyvauti Europos Komisijos pirminink\u0117s Ursulos von der Leyen metin\u0117je kalboje Strasb\u016bre rugs\u0117jo viduryje. Taip pat ruden\u012f numatytas ES ir Kanados vir\u0161\u016bni\u0173 susitikimas.<\/p>\n<p>\u0160ef\u010dovi\u010dius teig\u0117, kad Europos Komisija yra pasirengusi svarstyti \u012fvairias glaudesnio bendradarbiavimo kryptis, ta\u010diau galutinis tempas priklausys nuo Kanados ambicij\u0173. Jis primin\u0117, kad po 2016 metais pasiekto ES ir Kanados susitarimo prekyba tarp \u0161ali\u0173 reik\u0161mingai augo, o likusi\u0173 barjer\u0173 ma\u017einimas gal\u0117t\u0173 atverti dar daugiau galimybi\u0173.<\/p>\n<p>Pasak komisaro, tarp realisti\u0161k\u0173 artimiausi\u0173 \u017eingsni\u0173 \u012fvardijamas skaitmeninis susitarimas, kur\u012f abi pus\u0117s siekt\u0173 pasira\u0161yti iki met\u0173 pabaigos. Taip pat minimas bendradarbiavimas kritini\u0173 \u017ealiav\u0173 srityje, \u012fskaitant potencialias bendras investicijas, kurios tampa vis aktualesn\u0117s d\u0117l tiekimo grandini\u0173 saugumo.<\/p>\n<p>ES Kanad\u0105 laiko pana\u0161iai m\u0105stan\u010dia partnere, ypa\u010d diskutuojant apie pasaulin\u0117s prekybos taisykli\u0173 ateit\u012f ir atsparumo politik\u0105. \u0160ef\u010dovi\u010dius taip pat akcentavo, kad Kanada gali b\u016bti svarbi partner\u0117 siekiant glaudesni\u0173 ry\u0161i\u0173 su Ramiojo vandenyno regiono valstybi\u0173 prekybos erdve CPTPP, kurioje Kanada yra viena i\u0161 pagrindini\u0173 nari\u0173.<\/p>\n","protected":false},"excerpt":{"rendered":"<p>ES prekybos komisaras sako, kad Briuselis netarpininkaus JAV ir Kanados muit\u0173 konflikte, ta\u010diau sieks glaudesni\u0173 susitarim\u0173 su Otava.<\/p>\n","protected":false},"author":0,"featured_media":51086,"comment_status":"open","ping_status":"open","sticky":false,"template":"","format":"standard","meta":{"_acf_changed":false,"footnotes":""},"categories":[94],"tags":[37937,39470,353,667,4529,5847,2520],"miestas":[],"class_list":["post-51085","post","type-post","status-publish","format-standard","has-post-thumbnail","hentry","category-finansai","tag-ceta","tag-cptpp","tag-donaldas-trumpas","tag-europos-komisija","tag-kanada","tag-marosas-sefcovicius","tag-muitai"],"acf":[],"_links":{"self":[{"href":"https:\/\/cp.snarskis.lt\/index.php\/wp-json\/wp\/v2\/posts\/51085","targetHints":{"allow":["GET"]}}],"collection":[{"href":"https:\/\/cp.snarskis.lt\/index.php\/wp-json\/wp\/v2\/posts"}],"about":[{"href":"https:\/\/cp.snarskis.lt\/index.php\/wp-json\/wp\/v2\/types\/post"}],"replies":[{"embeddable":true,"href":"https:\/\/cp.snarskis.lt\/index.php\/wp-json\/wp\/v2\/comments?post=51085"}],"version-history":[{"count":0,"href":"https:\/\/cp.snarskis.lt\/index.php\/wp-json\/wp\/v2\/posts\/51085\/revisions"}],"wp:featuredmedia":[{"embeddable":true,"href":"https:\/\/cp.snarskis.lt\/index.php\/wp-json\/wp\/v2\/media\/51086"}],"wp:attachment":[{"href":"https:\/\/cp.snarskis.lt\/index.php\/wp-json\/wp\/v2\/media?parent=51085"}],"wp:term":[{"taxonomy":"category","embeddable":true,"href":"https:\/\/cp.snarskis.lt\/index.php\/wp-json\/wp\/v2\/categories?post=51085"},{"taxonomy":"post_tag","embeddable":true,"href":"https:\/\/cp.snarskis.lt\/index.php\/wp-json\/wp\/v2\/tags?post=51085"},{"taxonomy":"miestas","embeddable":true,"href":"https:\/\/cp.snarskis.lt\/index.php\/wp-json\/wp\/v2\/miestas?post=51085"}],"curies":[{"name":"wp","href":"https:\/\/api.w.org\/{rel}","templated":true}]}}