{"id":51087,"date":"2026-09-02T13:38:15","date_gmt":"2026-09-02T13:38:15","guid":{"rendered":"https:\/\/cp.snarskis.lt\/index.php\/2026\/09\/02\/es-duoda-kinijai-ultimatuma-iki-spalio-sefcovicius-perspeja-apie-grieztesnes-priemones\/"},"modified":"2026-09-02T13:38:15","modified_gmt":"2026-09-02T13:38:15","slug":"es-duoda-kinijai-ultimatuma-iki-spalio-sefcovicius-perspeja-apie-grieztesnes-priemones","status":"publish","type":"post","link":"https:\/\/cp.snarskis.lt\/index.php\/2026\/09\/02\/es-duoda-kinijai-ultimatuma-iki-spalio-sefcovicius-perspeja-apie-grieztesnes-priemones\/","title":{"rendered":"ES duoda Kinijai ultimatum\u0105 iki spalio: \u0160ef\u010dovi\u010dius persp\u0117ja apie grie\u017etesnes priemones"},"content":{"rendered":"<h2>Ultimatumas iki spalio<\/h2>\n<p>Europos Komisijos prekybos komisaras Maro\u0161as \u0160ef\u010dovi\u010dius parei\u0161k\u0117, kad Kinija iki spalio turi pateikti ap\u010diuopiam\u0173 rezultat\u0173, kitaip Europos S\u0105junga svarstys grie\u017etesnes apsaugines priemones. Pasak jo, tikslas \u2013 pa\u017eaboti augant\u012f ES prekybos deficit\u0105 su Pekinu ir apsaugoti Europos pramon\u0119.<\/p>\n<p>Komisaras pabr\u0117\u017e\u0117, kad derybos jau per\u017eeng\u0117 vien ekonomikos r\u0117mus ir tapo politiniu klausimu, kuriuo domisi vis\u0173 27 ES valstybi\u0173 lyderiai. Artimiausios savait\u0117s \u012fvardijamos kaip kritin\u0117s, nes planuojami auk\u0161to lygio kontaktai tarp Briuselio ir Pekino.<\/p>\n<p>\u201eTai labai politinis procesas, o Europos lyderiai iki spalio nori matyti ai\u0161kius rezultatus\u201c, \u2013 sak\u0117 M. \u0160ef\u010dovi\u010dius.<\/p>\n<h2>Ko Briuselis tikisi i\u0161 Pekino<\/h2>\n<p>ES siekia ne vien bendr\u0173 pa\u017ead\u0173, bet ir konkretaus veiksm\u0173 plano, kuris parodyt\u0173 krypt\u012f, kaip bus ma\u017einamas disbalansas prekyboje. M. \u0160ef\u010dovi\u010dius teig\u0117, kad valstyb\u0117s nar\u0117s tikisi bent jau sprendimo modelio, kuris v\u0117liau gal\u0117t\u0173 virsti \u012fgyvendinimo etapais.<\/p>\n<p>Anot komisaro, prieiga prie Kinijos rinkos Europos \u012fmon\u0117ms nepasikeis per nakt\u012f, tod\u0117l iki spalio labiausiai laukiama \u012frodymo, kad susitarimas \u012fmanomas ir realiai veiks. Derybose akcentuojamos jautrios sritys, kuriose ES mato did\u017eiausi\u0105 rizik\u0105 ir konkurencin\u012f spaudim\u0105.<\/p>\n<p>\u201eBandau tai pasiekti derybomis, bet jos turi atne\u0161ti labai konkre\u010dius rezultatus\u201c, \u2013 sak\u0117 M. \u0160ef\u010dovi\u010dius.<\/p>\n<h2>Prekybos karo rizika did\u0117ja<\/h2>\n<p>Pastaraisiais m\u0117nesiais \u012ftampa tarp Briuselio ir Pekino augo, nes Europos Komisija \u0117m\u0117si priemoni\u0173, ribojan\u010di\u0173 kai kuri\u0173 Kinijos \u012fmoni\u0173 galimybes ES rinkoje, ir prad\u0117jo tyrimus d\u0117l galimai nes\u0105\u017eining\u0173 prekybos praktik\u0173. Kinija savo ruo\u017etu ne kart\u0105 signalizavo galim\u0105 atsak\u0105, tod\u0117l vis da\u017eniau kalbama apie rizik\u0105 peraugti \u012f platesn\u012f prekybos konflikt\u0105.<\/p>\n<p>ES taip pat ruo\u0161ia naujus vadinamuosius gynybinius instrumentus, kurie leist\u0173 grei\u010diau reaguoti \u012f situacijas, kai importas arba valstyb\u0117s parama, ES vertinimu, i\u0161kreipia konkurencij\u0105. M. \u0160ef\u010dovi\u010dius u\u017esimin\u0117 apie planuojam\u0105 diversifikavimo instrument\u0105, kurio logika \u2013 ma\u017einti priklausomyb\u0119 nuo vienos tiekimo krypties ir stiprinti atsparum\u0105.<\/p>\n<p>Komisaras patvirtino, kad spal\u012f planuoja vykti \u012f Kinij\u0105, o netrukus po to Briuselyje numatytame ES lyderi\u0173 susitikime prekybos santykiai su Pekinu tur\u0117t\u0173 tapti vienu pagrindini\u0173 darbotvark\u0117s klausim\u0173. \u0160iuo metu, pasak jo, visos ES valstyb\u0117s fiksuoja prekybos deficit\u0105 su Kinija.<\/p>\n","protected":false},"excerpt":{"rendered":"<p>ES iki spalio laukia reali\u0173 Kinijos \u017eingsni\u0173 d\u0117l prekybos disbalanso \u2013 M. \u0160ef\u010dovi\u010dius persp\u0117ja: jei pa\u017eangos nebus, gr\u0117s grie\u017etesn\u0117s priemon\u0117s.<\/p>\n","protected":false},"author":0,"featured_media":51088,"comment_status":"open","ping_status":"open","sticky":false,"template":"","format":"standard","meta":{"_acf_changed":false,"footnotes":""},"categories":[94],"tags":[6646,667,448,5847,6300,700],"miestas":[],"class_list":["post-51087","post","type-post","status-publish","format-standard","has-post-thumbnail","hentry","category-finansai","tag-es-prekyba","tag-europos-komisija","tag-kinija","tag-marosas-sefcovicius","tag-prekybos-karas","tag-ursula-von-der-leyen"],"acf":[],"_links":{"self":[{"href":"https:\/\/cp.snarskis.lt\/index.php\/wp-json\/wp\/v2\/posts\/51087","targetHints":{"allow":["GET"]}}],"collection":[{"href":"https:\/\/cp.snarskis.lt\/index.php\/wp-json\/wp\/v2\/posts"}],"about":[{"href":"https:\/\/cp.snarskis.lt\/index.php\/wp-json\/wp\/v2\/types\/post"}],"replies":[{"embeddable":true,"href":"https:\/\/cp.snarskis.lt\/index.php\/wp-json\/wp\/v2\/comments?post=51087"}],"version-history":[{"count":0,"href":"https:\/\/cp.snarskis.lt\/index.php\/wp-json\/wp\/v2\/posts\/51087\/revisions"}],"wp:featuredmedia":[{"embeddable":true,"href":"https:\/\/cp.snarskis.lt\/index.php\/wp-json\/wp\/v2\/media\/51088"}],"wp:attachment":[{"href":"https:\/\/cp.snarskis.lt\/index.php\/wp-json\/wp\/v2\/media?parent=51087"}],"wp:term":[{"taxonomy":"category","embeddable":true,"href":"https:\/\/cp.snarskis.lt\/index.php\/wp-json\/wp\/v2\/categories?post=51087"},{"taxonomy":"post_tag","embeddable":true,"href":"https:\/\/cp.snarskis.lt\/index.php\/wp-json\/wp\/v2\/tags?post=51087"},{"taxonomy":"miestas","embeddable":true,"href":"https:\/\/cp.snarskis.lt\/index.php\/wp-json\/wp\/v2\/miestas?post=51087"}],"curies":[{"name":"wp","href":"https:\/\/api.w.org\/{rel}","templated":true}]}}