{"id":51093,"date":"2026-09-02T15:38:53","date_gmt":"2026-09-02T15:38:53","guid":{"rendered":"https:\/\/cp.snarskis.lt\/index.php\/2026\/09\/02\/nauja-vejo-energetika-europoje-2026-metais-augimas-30-proc-ir-mazesnis-sgd-importo-poreikis\/"},"modified":"2026-09-02T15:38:53","modified_gmt":"2026-09-02T15:38:53","slug":"nauja-vejo-energetika-europoje-2026-metais-augimas-30-proc-ir-mazesnis-sgd-importo-poreikis","status":"publish","type":"post","link":"https:\/\/cp.snarskis.lt\/index.php\/2026\/09\/02\/nauja-vejo-energetika-europoje-2026-metais-augimas-30-proc-ir-mazesnis-sgd-importo-poreikis\/","title":{"rendered":"Nauja v\u0117jo energetika Europoje 2026 metais: augimas 30 proc. ir ma\u017eesnis SGD importo poreikis"},"content":{"rendered":"<p>Europoje 2026 met\u0173 pirm\u0105j\u012f pusmet\u012f \u012f tinkl\u0105 prijungta 8,8 gigavato nauj\u0173 v\u0117jo elektrini\u0173 galios, arba 30 proc. daugiau nei tuo pa\u010diu laikotarpiu pernai, rodo \u201eWindEurope\u201c duomenys. Did\u017eiausi\u0105 nauj\u0173 \u012frengim\u0173 dal\u012f sudar\u0117 sausumos parkai, o j\u016broje prijungta 2,3 gigavato.<\/p>\n<p>Bendra v\u0117jo elektrini\u0173 \u012frengtoji galia Europoje jau vir\u0161ija 311 gigavat\u0173, i\u0161 kuri\u0173 apie 270,5 gigavato tenka sausumai ir 40,9 gigavato j\u016brai. Europos S\u0105jungos 27 valstyb\u0117se nar\u0117se sukaupta beveik 252 gigavat\u0173 v\u0117jo galios, did\u017eioji dalis taip pat yra sausumoje.<\/p>\n<h2>Rekordiniai metai ir poveikis duj\u0173 importui<\/h2>\n<p>Prognozuojama, kad 2026 metai gali tapti rekordiniai: iki met\u0173 pabaigos Europoje gali b\u016bti \u012frengta apie 24 gigavatai naujos v\u0117jo galios. \u201eWindEurope\u201c skai\u010diuoja, kad vien \u0161i\u0173 met\u0173 naujai \u012frengtos elektrin\u0117s gali pagaminti tiek elektros, kiek jos pakakt\u0173 ma\u017edaug 7 milijonams Europos nam\u0173 \u016bki\u0173.<\/p>\n<p>Organizacijos vertinimu, toks papildomas generacijos kiekis gali suma\u017einti i\u0161kastinio kuro import\u0105, prilygstant\u012f ma\u017edaug 25 suskystint\u0173 gamtini\u0173 duj\u0173 tanklaiviams per metus. Tai ypa\u010d aktualu po pastar\u0173j\u0173 met\u0173 energetikos kain\u0173 \u0161uoli\u0173, kai Europa aktyviai didino tiekimo \u0161altini\u0173 \u012fvairov\u0119 ir spartino atsinaujinan\u010di\u0173 i\u0161tekli\u0173 pl\u0117tr\u0105.<\/p>\n<h2>Kur augimas spar\u010diausias?<\/h2>\n<p>Did\u017eiausi\u0105 post\u016bm\u012f 2026 met\u0173 pirm\u0105j\u012f pusmet\u012f suteik\u0117 Vokietija, kur \u012frengta apie 3,4 gigavato. Reik\u0161mingas augimas fiksuotas ir Danijoje, Lenkijoje, Portugalijoje bei Pranc\u016bzijoje, o Ukraina, nepaisant karo s\u0105lyg\u0173, prijung\u0117 daugiau nei 400 megavat\u0173.<\/p>\n<p>\u201eWindEurope\u201c prognozuoja, kad 2026\u20132030 metais Europoje gali b\u016bti \u012frengta 148 gigavatai naujos v\u0117jo galios, o Europos S\u0105jungoje 27 valstyb\u0117se \u2013 111 gigavat\u0173, vidutini\u0161kai po 22 gigavatus per metus. Toks mastas reik\u0161t\u0173, kad iki 2030 met\u0173 v\u0117jas gal\u0117t\u0173 patenkinti reik\u0161ming\u0105 elektros poreikio dal\u012f, stiprindamas energetin\u012f saugum\u0105 ir ma\u017eindamas priklausomyb\u0119 nuo importuojam\u0173 i\u0161kastini\u0173 energijos i\u0161tekli\u0173.<\/p>\n<h2>Investicijos ir aukcion\u0173 bumas<\/h2>\n<p>Per 2026 met\u0173 pirm\u0105j\u012f pusmet\u012f Europoje \u012f naujus v\u0117jo parkus investuota apie 9 milijardus eur\u0173, o \u0161ie projektai bus \u012fgyvendinami artimiausiais metais. Vyriausyb\u0117s per t\u0105 pat\u012f laikotarp\u012f aukcionuose paskirst\u0117 daugiau nei 17 gigavat\u0173 v\u0117jo galios, o antr\u0105j\u012f met\u0173 pusmet\u012f planuojama papildomai skelbti konkursus dar d\u0117l 26 gigavat\u0173.<\/p>\n<p>Jei \u0161ie planai bus \u012fgyvendinti, 2026 metai gali tapti metais, kai Europoje aukcionuose paskirstyta daugiausia naujos v\u0117jo galios per vis\u0105 istorij\u0105. Tai signalizuoja apie prasidedant\u012f spartesn\u0117s pl\u0117tros etap\u0105, kurio tikslas \u2013 2030-aisiais pasiekti nuosekl\u0173 ma\u017edaug 30 gigavat\u0173 metin\u012f \u012frengim\u0173 temp\u0105.<\/p>\n","protected":false},"excerpt":{"rendered":"<p>Europoje 2026 met\u0173 v\u0117jo energetika auga 30 proc.: nauji parkai ma\u017eina SGD importo poreik\u012f, o aukcionai ir investicijos mu\u0161a rekordus.<\/p>\n","protected":false},"author":0,"featured_media":51094,"comment_status":"open","ping_status":"open","sticky":false,"template":"","format":"standard","meta":{"_acf_changed":false,"footnotes":""},"categories":[92],"tags":[516,662,442,3080,683,515,14638],"miestas":[],"class_list":["post-51093","post","type-post","status-publish","format-standard","has-post-thumbnail","hentry","category-energetika","tag-atsinaujinanti-energetika","tag-energetinis-saugumas","tag-europos-sajunga","tag-sgd","tag-vejo-energetika","tag-vejo-parkai","tag-windeurope"],"acf":[],"_links":{"self":[{"href":"https:\/\/cp.snarskis.lt\/index.php\/wp-json\/wp\/v2\/posts\/51093","targetHints":{"allow":["GET"]}}],"collection":[{"href":"https:\/\/cp.snarskis.lt\/index.php\/wp-json\/wp\/v2\/posts"}],"about":[{"href":"https:\/\/cp.snarskis.lt\/index.php\/wp-json\/wp\/v2\/types\/post"}],"replies":[{"embeddable":true,"href":"https:\/\/cp.snarskis.lt\/index.php\/wp-json\/wp\/v2\/comments?post=51093"}],"version-history":[{"count":0,"href":"https:\/\/cp.snarskis.lt\/index.php\/wp-json\/wp\/v2\/posts\/51093\/revisions"}],"wp:featuredmedia":[{"embeddable":true,"href":"https:\/\/cp.snarskis.lt\/index.php\/wp-json\/wp\/v2\/media\/51094"}],"wp:attachment":[{"href":"https:\/\/cp.snarskis.lt\/index.php\/wp-json\/wp\/v2\/media?parent=51093"}],"wp:term":[{"taxonomy":"category","embeddable":true,"href":"https:\/\/cp.snarskis.lt\/index.php\/wp-json\/wp\/v2\/categories?post=51093"},{"taxonomy":"post_tag","embeddable":true,"href":"https:\/\/cp.snarskis.lt\/index.php\/wp-json\/wp\/v2\/tags?post=51093"},{"taxonomy":"miestas","embeddable":true,"href":"https:\/\/cp.snarskis.lt\/index.php\/wp-json\/wp\/v2\/miestas?post=51093"}],"curies":[{"name":"wp","href":"https:\/\/api.w.org\/{rel}","templated":true}]}}