{"id":51108,"date":"2026-09-02T16:46:13","date_gmt":"2026-09-02T16:46:13","guid":{"rendered":"https:\/\/cp.snarskis.lt\/index.php\/2026\/09\/02\/belgija-stabdo-ideja-naudoti-isaldyta-rusijos-centrinio-banko-turta-paramai-ukrainai\/"},"modified":"2026-09-02T16:46:13","modified_gmt":"2026-09-02T16:46:13","slug":"belgija-stabdo-ideja-naudoti-isaldyta-rusijos-centrinio-banko-turta-paramai-ukrainai","status":"publish","type":"post","link":"https:\/\/cp.snarskis.lt\/index.php\/2026\/09\/02\/belgija-stabdo-ideja-naudoti-isaldyta-rusijos-centrinio-banko-turta-paramai-ukrainai\/","title":{"rendered":"Belgija stabdo id\u0117j\u0105 naudoti \u012f\u0161aldyt\u0105 Rusijos centrinio banko turt\u0105 paramai Ukrainai"},"content":{"rendered":"<p>Belgija grie\u017etai sureagavo \u012f nauj\u0105 keli\u0173 Europos S\u0105jungos valstybi\u0173 bandym\u0105 panaudoti \u012f\u0161aldyt\u0105 Rusijos centrinio banko turt\u0105 papildomai paramai Ukrainai. Diskusijos atsinaujino, kai dalis sostini\u0173 ragina pereiti nuo vien pal\u016bkan\u0173 panaudojimo prie platesnio \u0161i\u0173 l\u0117\u0161\u0173 \u012fdarbinimo.<\/p>\n<p>ES yra \u012f\u0161ald\u017eiusi apie 210 mlrd. eur\u0173 Rusijos centrinio banko atsarg\u0173, o did\u017eiausia dalis laikoma Briuselyje veikian\u010dioje finansini\u0173 vertybini\u0173 popieri\u0173 saugojimo \u012fstaigoje \u201eEuroclear\u201c. \u0160is faktas Belgijai suteikia ypating\u0105 vaidmen\u012f, bet kartu, kaip pabr\u0117\u017eia Briuselis, ir i\u0161skirtin\u0119 teisin\u0119 bei finansin\u0119 rizik\u0105.<\/p>\n<p>Neformaliame ES u\u017esienio reikal\u0173 ministr\u0173 susitikime diskusijas i\u0161 naujo st\u016bm\u0117 \u0160vedija, Nyderlandai, Ispanija ir Lenkija, vie\u0161ai argumentuodamos, kad dabartiniai finansiniai instrumentai gali b\u016bti nepakankami. Prie \u0161ios linijos taip pat jung\u0117si Baltijos \u0161alys.<\/p>\n<h2>Belgijos argumentas: rizika ir atsakomyb\u0117<\/h2>\n<p>Belgijos u\u017esienio reikal\u0173 ministras Maxime\u2019as Pr\u00e9vot tvirtino, kad bendras nusiteikimas tarp koleg\u0173 i\u0161liko atsargus. Pasak jo, did\u017eioji dalis valstybi\u0173 kol kas nerodo noro gr\u012f\u017eti prie konfiskavimui artim\u0173 mechanizm\u0173.<\/p>\n<p>\u201ePasir\u016bpinau dar kart\u0105 pakartoti Belgijos pozicij\u0105, kuri per metus nepasikeit\u0117. M\u016bs\u0173 prie\u0161taravimo prie\u017eastys per t\u0105 laik\u0105 niekur nedingo\u201c, \u2013 sak\u0117 Maxime\u2019as Pr\u00e9vot.<\/p>\n<p>Belgija akcentuoja, kad sprendimai, kurie b\u016bt\u0173 prilyginti konfiskavimui, gal\u0117t\u0173 sukelti labai reik\u0161ming\u0173 teisini\u0173 gin\u010d\u0173, finans\u0173 rink\u0173 reakcij\u0173 ir precedento klausim\u0173. Briuselis taip pat kalba apie galim\u0105 atsakomyb\u0117s na\u0161t\u0105, jei Rusija imt\u0173si atsakom\u0173j\u0173 priemoni\u0173 prie\u0161 Belgijos ar euro zonos interesus.<\/p>\n<p>\u0160i laikysena atspindi ir ankstesnes Belgijos pastabas, kai buvo svarstoma id\u0117ja \u012f\u0161aldyt\u0105 turt\u0105 paversti finansavimo \u0161altiniu Ukrainai per nulin\u0117mis pal\u016bkanomis pagr\u012fst\u0105 kreditavimo schem\u0105. Tuomet Belgija siek\u0117, kad rizikos b\u016bt\u0173 pilnai pasidalytos ES mastu ir numatytos ai\u0161kios, neribotos garantijos.<\/p>\n<h2>Kod\u0117l tema sugr\u012f\u017eo dabar?<\/h2>\n<p>Diskusij\u0173 atsinaujinim\u0105 skatina abejon\u0117s, ar dabartinis ES finansinis planas Ukrainai u\u017eteks iki 2027 met\u0173 pabaigos, kaip buvo numatyta. Keli\u0173 \u0161ali\u0173 teigimu, karo ka\u0161tai auga, o Rusijos karin\u0117s kampanijos intensyv\u0117jimas ver\u010dia i\u0161 anksto ie\u0161koti papildom\u0173, mokes\u010di\u0173 mok\u0117tojams ma\u017eiau skausming\u0173 \u0161altini\u0173.<\/p>\n<p>Tuo pat metu Ukraina signalizuoja apie i\u0161augusius poreikius, \u012fskaitant gynybos biud\u017eeto spaudim\u0105 ir i\u0161laidas, susijusias su kari\u0173 atlyginimais bei ginkluot\u0117s pirkimais. Kyjivas yra ragin\u0119s s\u0105jungininkus u\u017epildyti ma\u017edaug 23 mlrd. eur\u0173 sprag\u0105, o kaip vien\u0105 i\u0161 variant\u0173 mini ir didesn\u012f \u012f\u0161aldyto turto panaudojim\u0105.<\/p>\n<p>Ukrainos u\u017esienio reikal\u0173 ministras Andrijus Sybiha teig\u0117, kad \u0161is kelias, jo manymu, vertas rimtos diskusijos. Kartu dalis ES sostini\u0173 laikosi pozicijos, kad prie\u0161 priimant sprendimus b\u016btina u\u017esitikrinti tvirt\u0105 teisin\u012f pagrind\u0105.<\/p>\n<h2>Teisin\u0117s ribos ir politin\u0117 matematika<\/h2>\n<p>Italijos u\u017esienio reikal\u0173 ministras Antonio Tajani pabr\u0117\u017e\u0117, kad Italija n\u0117ra kategori\u0161kai prie\u0161, ta\u010diau esminis klausimas lieka teisinis. \u0160i nuostata atspindi platesn\u012f ES vidin\u012f balans\u0105: vienos valstyb\u0117s nori greitesnio sprendimo, kitos baiminasi precedento, kuris ateityje gal\u0117t\u0173 paveikti investuotoj\u0173 pasitik\u0117jim\u0105 ir suvereniojo turto apsaugos principus.<\/p>\n<p>Europos Komisija, kaip signalizuojama, stebi diskusij\u0173 krypt\u012f, ta\u010diau vengia rengti nauj\u0105 iniciatyv\u0105 be ai\u0161kios politin\u0117s daugumos. Tai ypa\u010d aktualu tuo metu, kai ES \u0161alys paraleliai veda sud\u0117tingas derybas d\u0117l b\u016bsimo ES biud\u017eeto ir prioritet\u0173.<\/p>\n<p>Belgija taip pat kartoja, kad \u012f\u0161aldyto turto i\u0161laikymas gali b\u016bti svarbus derybinis svertas taikos deryb\u0173 atveju, siekiant Rusijos kompensacij\u0173 u\u017e Ukrainai padaryt\u0105 \u017eal\u0105. \u0160is argumentas, Briuselio nuomone, ilgainiui gali sustiprinti ES pozicijas, net jei trumpuoju laikotarpiu finansinis spaudimas tik did\u0117ja.<\/p>\n","protected":false},"excerpt":{"rendered":"<p>Belgija nepritaria bandymams Ukrainos paramai naudoti \u012f\u0161aldyt\u0105 Rusijos centrinio banko turt\u0105, \u012fsp\u0117dama apie teisines ir finansines rizikas.<\/p>\n","protected":false},"author":0,"featured_media":51109,"comment_status":"open","ping_status":"open","sticky":false,"template":"","format":"standard","meta":{"_acf_changed":false,"footnotes":""},"categories":[13],"tags":[9092,4723,12178,442,39486,38281,299],"miestas":[],"class_list":["post-51108","post","type-post","status-publish","format-standard","has-post-thumbnail","hentry","category-kultura","tag-andrijus-sybiha","tag-belgija","tag-euroclear","tag-europos-sajunga","tag-maxime-prevot","tag-rusijos-turtas","tag-ukraina"],"acf":[],"_links":{"self":[{"href":"https:\/\/cp.snarskis.lt\/index.php\/wp-json\/wp\/v2\/posts\/51108","targetHints":{"allow":["GET"]}}],"collection":[{"href":"https:\/\/cp.snarskis.lt\/index.php\/wp-json\/wp\/v2\/posts"}],"about":[{"href":"https:\/\/cp.snarskis.lt\/index.php\/wp-json\/wp\/v2\/types\/post"}],"replies":[{"embeddable":true,"href":"https:\/\/cp.snarskis.lt\/index.php\/wp-json\/wp\/v2\/comments?post=51108"}],"version-history":[{"count":0,"href":"https:\/\/cp.snarskis.lt\/index.php\/wp-json\/wp\/v2\/posts\/51108\/revisions"}],"wp:featuredmedia":[{"embeddable":true,"href":"https:\/\/cp.snarskis.lt\/index.php\/wp-json\/wp\/v2\/media\/51109"}],"wp:attachment":[{"href":"https:\/\/cp.snarskis.lt\/index.php\/wp-json\/wp\/v2\/media?parent=51108"}],"wp:term":[{"taxonomy":"category","embeddable":true,"href":"https:\/\/cp.snarskis.lt\/index.php\/wp-json\/wp\/v2\/categories?post=51108"},{"taxonomy":"post_tag","embeddable":true,"href":"https:\/\/cp.snarskis.lt\/index.php\/wp-json\/wp\/v2\/tags?post=51108"},{"taxonomy":"miestas","embeddable":true,"href":"https:\/\/cp.snarskis.lt\/index.php\/wp-json\/wp\/v2\/miestas?post=51108"}],"curies":[{"name":"wp","href":"https:\/\/api.w.org\/{rel}","templated":true}]}}