{"id":51112,"date":"2026-09-02T16:47:26","date_gmt":"2026-09-02T16:47:26","guid":{"rendered":"https:\/\/cp.snarskis.lt\/index.php\/2026\/09\/02\/es-salys-pritaria-vizu-draudimui-rusijos-kariams-kallas-sieja-tai-su-leipcigo-dronu-incidentu\/"},"modified":"2026-09-02T16:47:26","modified_gmt":"2026-09-02T16:47:26","slug":"es-salys-pritaria-vizu-draudimui-rusijos-kariams-kallas-sieja-tai-su-leipcigo-dronu-incidentu","status":"publish","type":"post","link":"https:\/\/cp.snarskis.lt\/index.php\/2026\/09\/02\/es-salys-pritaria-vizu-draudimui-rusijos-kariams-kallas-sieja-tai-su-leipcigo-dronu-incidentu\/","title":{"rendered":"ES \u0161alys pritaria viz\u0173 draudimui Rusijos kariams: Kallas sieja tai su Leipcigo dron\u0173 incidentu"},"content":{"rendered":"<p>Europos S\u0105jungos valstyb\u0117s nar\u0117s rodo plat\u0173 palaikym\u0105 jud\u0117ti link visos ES masto draudimo i\u0161duoti vizas dabartiniams ir buvusiems Rusijos kariuomen\u0117s nariams, taip pat grie\u017etinti taisykles Rusijos turistams. Tai po neformalaus ES u\u017esienio reikal\u0173 ministr\u0173 susitikimo Viklou grafyst\u0117je Airijoje parei\u0161k\u0117 ES u\u017esienio politikos vadov\u0117 Kaja Kallas.<\/p>\n<p>Pasak jos, dalis \u0161ali\u0173 vis ai\u0161kiau vizas vertina kaip saugumo politikos instrument\u0105, ypa\u010d did\u0117jant sabota\u017eo ir hibridini\u0173 gr\u0117smi\u0173 rizikai Europos teritorijoje. Diskusijoms papildomo politinio svorio suteik\u0117 incidentas Leipcigo oro uoste, kur\u012f Vokietija sieja su Maskva.<\/p>\n<h2>Kas si\u016bloma ir kod\u0117l<\/h2>\n<p>ES lygmeniu svarstoma schema apimt\u0173 draudim\u0105 i\u0161duoti trumpalaikes vizas asmenims, tarnavusiems Rusijos ginkluotosiose paj\u0117gose nuo karo prie\u0161 Ukrain\u0105 prad\u017eios. Kartu aptariamas ir platesnis turistini\u0173 viz\u0173 ribojimas, nors viz\u0173 politika daugeliu atvej\u0173 i\u0161lieka valstybi\u0173 nari\u0173 kompetencija.<\/p>\n<p>\u0160i tema glaud\u017eiai siejama su sankcij\u0173 politika: Europos Komisija ankstesniame sankcij\u0173 pakete buvo si\u016bliusi ambicingesn\u012f draudim\u0105, apimant\u012f visus, prisid\u0117jusius prie agresijos prie\u0161 Ukrain\u0105. Deryb\u0173 metu priemon\u0117 buvo susiaurinta, nes kai kurios valstyb\u0117s k\u0117l\u0117 praktinius \u012fgyvendinimo klausimus, ypa\u010d d\u0117l b\u016btinyb\u0117s vertinti pra\u0161ymus individualiai ir galim\u0173 teismini\u0173 gin\u010d\u0173.<\/p>\n<h2>Leipcigo incidentas atgaivino diskusij\u0105<\/h2>\n<p>Vokietijai vie\u0161ai priskyrus bandym\u0105 \u012fvykdyti dron\u0173 atak\u0105 Leipcigo oro uoste Rusijai, dalis ES \u0161ali\u0173 tai pateikia kaip argument\u0105 grie\u017etinti \u012fva\u017eiavimo kontrol\u0119. Vokietijos \u017einiasklaidoje skelbta, kad vienas \u012ftariam\u0173j\u0173 gal\u0117jo patekti \u012f \u0160engeno erdv\u0119 su Italijos i\u0161duota viza, nors Baltijos \u0161alyse es\u0105 tur\u0117jo kriminalin\u012f \u012fra\u0161\u0105.<\/p>\n<p>Kaja Kallas pabr\u0117\u017e\u0117, kad \u0161i\u0105 informacij\u0105 dar turi patvirtinti arba paneigti Vokietijos institucijos, ta\u010diau pati logika es\u0105 ai\u0161ki: jei viz\u0173 re\u017eimas i\u0161naudojamas piktavali\u0161kiems tikslams, tai tampa visos ES vidaus saugumo klausimu, o ne vien migracijos ar turizmo politika.<\/p>\n<p>\u201eJeigu tai pasitvirtins, tai labai ai\u0161kiai parodo, kad vizos gali tapti priemone \u017emon\u0117ms, kurie siekia pakenkti, patekti \u012f Europos S\u0105jung\u0105\u201c, \u2013 sak\u0117 Kaja Kallas.<\/p>\n<h2>Kas toliau: \u012fgyvendinimo priemon\u0117s ir valstybi\u0173 vaidmuo<\/h2>\n<p>Pagal jau priimt\u0105 teisin\u012f pagrind\u0105 draudimas ir sugrie\u017etinimai negal\u0117t\u0173 veikti vien deklaracij\u0173 lygiu: b\u016btinos papildomos \u012fgyvendinimo priemon\u0117s, kurios apibr\u0117\u017et\u0173, kaip konsulatai ir pasienio institucijos identifikuot\u0173 rizikingus parei\u0161k\u0117jus. Pareig\u016bnai yra nurod\u0119, kad Europos Komisija tokius techninius sprendimus planuoja pateikti ruden\u012f.<\/p>\n<p>Tuo pat metu dalis ES valstybi\u0173 pastaraisiais m\u0117nesiais didino spaudim\u0105 grie\u017etinti Rusijos turistams taikomas taisykles. Argumentuojama, kad karui Ukrainoje intensyv\u0117jant ir augant gr\u0117sm\u0117ms Europoje, ankstesn\u0117 praktika, leid\u017eianti palyginti laisvai keliauti turizmo tikslais, vis sunkiau suderinama su saugumo realijomis.<\/p>\n<p>Italijos vald\u017eia, kuriai \u0161iame kontekste teko dalis politinio d\u0117mesio d\u0117l min\u0117t\u0173 \u017einiasklaidos prane\u0161im\u0173, iki publikavimo momento vie\u0161o komentaro nepateik\u0117. Tolesn\u0117 diskusijos kryptis priklausys nuo to, kokius konkre\u010dius kriterijus pasi\u016blys Europos Komisija ir ar valstyb\u0117s nar\u0117s sutars d\u0117l vienodesnio taikymo visoje \u0160engeno erdv\u0117je.<\/p>\n","protected":false},"excerpt":{"rendered":"<p>ES \u0161alys rodo plat\u0173 palaikym\u0105 viz\u0173 draudimui Rusijos kariams ir grie\u017etesn\u0117ms taisykl\u0117ms turistams, po Leipcigo dron\u0173 incidento.<\/p>\n","protected":false},"author":0,"featured_media":51113,"comment_status":"open","ping_status":"open","sticky":false,"template":"","format":"standard","meta":{"_acf_changed":false,"footnotes":""},"categories":[13],"tags":[442,1642,4469,12058,7996,39491,466],"miestas":[],"class_list":["post-51112","post","type-post","status-publish","format-standard","has-post-thumbnail","hentry","category-kultura","tag-europos-sajunga","tag-kaja-kallas","tag-rusijos-karas-ukrainoje","tag-sankcijos-rusijai","tag-sengeno-erdve","tag-vizu-politika","tag-vokietija"],"acf":[],"_links":{"self":[{"href":"https:\/\/cp.snarskis.lt\/index.php\/wp-json\/wp\/v2\/posts\/51112","targetHints":{"allow":["GET"]}}],"collection":[{"href":"https:\/\/cp.snarskis.lt\/index.php\/wp-json\/wp\/v2\/posts"}],"about":[{"href":"https:\/\/cp.snarskis.lt\/index.php\/wp-json\/wp\/v2\/types\/post"}],"replies":[{"embeddable":true,"href":"https:\/\/cp.snarskis.lt\/index.php\/wp-json\/wp\/v2\/comments?post=51112"}],"version-history":[{"count":0,"href":"https:\/\/cp.snarskis.lt\/index.php\/wp-json\/wp\/v2\/posts\/51112\/revisions"}],"wp:featuredmedia":[{"embeddable":true,"href":"https:\/\/cp.snarskis.lt\/index.php\/wp-json\/wp\/v2\/media\/51113"}],"wp:attachment":[{"href":"https:\/\/cp.snarskis.lt\/index.php\/wp-json\/wp\/v2\/media?parent=51112"}],"wp:term":[{"taxonomy":"category","embeddable":true,"href":"https:\/\/cp.snarskis.lt\/index.php\/wp-json\/wp\/v2\/categories?post=51112"},{"taxonomy":"post_tag","embeddable":true,"href":"https:\/\/cp.snarskis.lt\/index.php\/wp-json\/wp\/v2\/tags?post=51112"},{"taxonomy":"miestas","embeddable":true,"href":"https:\/\/cp.snarskis.lt\/index.php\/wp-json\/wp\/v2\/miestas?post=51112"}],"curies":[{"name":"wp","href":"https:\/\/api.w.org\/{rel}","templated":true}]}}