{"id":51114,"date":"2026-09-02T16:47:58","date_gmt":"2026-09-02T16:47:58","guid":{"rendered":"https:\/\/cp.snarskis.lt\/index.php\/2026\/09\/02\/ceutos-migrantu-krize-kelia-audra-briuselyje-ep-desinieji-kaltina-pedro-sanchez-ir-rodo-i-maroka\/"},"modified":"2026-09-02T16:47:58","modified_gmt":"2026-09-02T16:47:58","slug":"ceutos-migrantu-krize-kelia-audra-briuselyje-ep-desinieji-kaltina-pedro-sanchez-ir-rodo-i-maroka","status":"publish","type":"post","link":"https:\/\/cp.snarskis.lt\/index.php\/2026\/09\/02\/ceutos-migrantu-krize-kelia-audra-briuselyje-ep-desinieji-kaltina-pedro-sanchez-ir-rodo-i-maroka\/","title":{"rendered":"Ceutos migrant\u0173 kriz\u0117 kelia audr\u0105 Briuselyje: EP de\u0161inieji kaltina Pedro S\u00e1nchez ir rodo \u012f Marok\u0105"},"content":{"rendered":"<h2>Protestas prie Europos Parlamento<\/h2>\n<p>Apie 500 \u017emoni\u0173 rugs\u0117jo 2 dien\u0105 susirinko prie Europos Parlamento Briuselyje protestuoti d\u0117l Ispanijos vyriausyb\u0117s veiksm\u0173, reaguojant \u012f kriz\u0119 Seutoje. Ispanijai priklausan\u010diame \u0160iaur\u0117s Afrikos anklave po liepos 30 dienos masinio atvykimo vis dar yra keli t\u016bkstan\u010diai i\u0161 daugiau nei 70 000 atvykusi\u0173 migrant\u0173.<\/p>\n<p>\u012e miting\u0105 atvyko dalis Europos Parlamento nari\u0173 ir j\u0173 darbuotoj\u0173, siejam\u0173 su Europos liaudies partija bei de\u0161ini\u0173j\u0173 pa\u017ei\u016br\u0173 frakcija Patriots for Europe. Jie mojavo Ispanijos ir Seutos v\u0117liavomis, o pagrindiniu taikiniu tapo ministras pirmininkas Pedro S\u00e1nchez.<\/p>\n<p>\u201eS\u00e1nchez perdav\u0117 atsakomyb\u0119 u\u017e Seutos saugum\u0105 tre\u010diajai valstybei\u201c, \u2013 \u017eurnalistams sak\u0117 Europos liaudies partijos vicepirminink\u0117 Dolors Montserrat.<\/p>\n<h2>Du mitingai vienoje vietoje<\/h2>\n<p>Protestai Briuselyje buvo rengiami Seutos dienos proga ir formaliai organizuoti atskirai: vien\u0105 inicijavo Ispanijos Liaudies partija, kit\u0105 \u2013 \u201eVox\u201c. Ta\u010diau abu susib\u016brimai vyko tuo pa\u010diu metu ir toje pa\u010dioje vietoje, o politikai stov\u0117jo greta, pabr\u0117\u017edami bendr\u0105 kritik\u0105 Madrido vyriausybei.<\/p>\n<p>Demonstracij\u0173 dalyviai teig\u0117, kad Ispanija nepakankamai ry\u017etingai gina savo teritorin\u012f vientisum\u0105 ir suverenitet\u0105, o kriz\u0117 Seutoje tapo politin\u0117s atsakomyb\u0117s testu ir \u0161alies viduje, ir Europos S\u0105jungos institucijose.<\/p>\n<h2>\u017diniasklaidos prane\u0161imas ir tyrimas<\/h2>\n<p>Diskusijas dar labiau \u012fkaitino Ispanijos \u017einiasklaidoje pasirod\u0119s prane\u0161imas, kad Nacionalinis imigracijos ir sien\u0173 centras, tyr\u0119s masinio atvykimo aplinkybes, gal\u0117jo pateikti i\u0161vad\u0105 apie Maroko saugumo paj\u0117g\u0173 vaidmen\u012f. Toks vertinimas kertasi su premjero pozicija, jog \u012frodym\u0173 apie Rabato institucij\u0173 \u012fsitraukim\u0105 n\u0117ra.<\/p>\n<p>Madridas iki \u0161iol vie\u0161ai veng\u0117 tiesiogiai kaltinti Rabat\u0105 ir da\u017eniau pabr\u0117\u017e\u0117, kad Marok\u0105 laiko bendradarbiaujan\u010diu partneriu migracijos valdymo klausimais. Vis d\u0117lto politinis spaudimas did\u0117ja, ypa\u010d kai migracijos tema tampa viena jautriausi\u0173 ir Ispanijos vidaus politikoje, ir Europos lygmeniu.<\/p>\n<p>Prane\u0161ama, kad Ispanijos vidaus reikal\u0173 ministras Fernando Grande-Marlaska papra\u0161\u0117 policijos vadovo patikrinti vie\u0161ojoje erdv\u0117je pasirod\u017eiusi\u0105 informacij\u0105. Tuo pat metu t\u0119siasi teisiniai ir administraciniai procesai, susij\u0119 su liepos 30 dienos \u012fvyki\u0173 vertinimu.<\/p>\n<h2>\u201eVox\u201c siekia grie\u017etesnio atsako<\/h2>\n<p>\u201eVox\u201c parei\u0161k\u0117, kad vyriausyb\u0117 es\u0105 \u201ei\u0161dav\u0117\u201c \u0161al\u012f, ir \u0117m\u0117 raginti aktyvuoti Ispanijos Konstitucijos 102 straipsn\u012f, kuris numato galimyb\u0119 inicijuoti baud\u017eiam\u0105j\u012f proces\u0105 prie\u0161 ministr\u0105 pirminink\u0105 ir ministr\u0173 kabinet\u0105. Partija kriz\u0119 Seutoje vadina viena rim\u010diausi\u0173 pastar\u0173j\u0173 met\u0173 politini\u0173 \u012ftamp\u0173 akimirk\u0173.<\/p>\n<p>\u201eSituacija nepakeliama. \u0160i vyriausyb\u0117 negali toliau vadovauti Ispanijai\u201c, \u2013 \u017eurnalistams sak\u0117 \u201eVox\u201c europarlamentaras Jorge Buxad\u00e9 Villalba.<\/p>\n<p>\u201eVox\u201c europarlamentarai taip pat kreip\u0117si \u012f Europos Komisijos pirminink\u0119 Ursul\u0105 von der Leyen, ES u\u017esienio politikos vadov\u0119 Kaj\u0105 Kallas ir u\u017e vidaus reikalus atsaking\u0105 komisar\u0105 Magnus\u0105 Brunner\u012f. Lai\u0161ke raginama grie\u017e\u010diau vertinti Maroko veiksmus, svarstyti sankcijas, taip pat per\u017ei\u016br\u0117ti ES ir Maroko susitarimus bei viz\u0173 politik\u0105.<\/p>\n<p>Europos Komisija nurod\u0117 nekomentuojanti nutekintos informacijos, o galim\u0105 Maroko institucij\u0173 vaidmen\u012f \u012fvardijo kaip klausim\u0105, kur\u012f turi vertinti nacionalin\u0117s institucijos ir vykdomas tyrimas. Kol kas Briuselis vie\u0161ai akcentuoja proced\u016brin\u012f atsargum\u0105, vengdamas i\u0161ankstini\u0173 politini\u0173 i\u0161vad\u0173.<\/p>\n","protected":false},"excerpt":{"rendered":"<p>Ceutos migrant\u0173 kriz\u0117 persik\u0117l\u0117 \u012f Briusel\u012f: prie Europos Parlamento protestuojantys politikai kaltina Pedro S\u00e1nchez, o diskusijose minimas ir Marokas.<\/p>\n","protected":false},"author":0,"featured_media":51115,"comment_status":"open","ping_status":"open","sticky":false,"template":"","format":"standard","meta":{"_acf_changed":false,"footnotes":""},"categories":[13],"tags":[33680,13860,2159,3868,674,4661,32374],"miestas":[],"class_list":["post-51114","post","type-post","status-publish","format-standard","has-post-thumbnail","hentry","category-kultura","tag-ceuta","tag-europos-liaudies-partija","tag-europos-parlamentas","tag-marokas","tag-migracija","tag-pedro-sanchez","tag-vox"],"acf":[],"_links":{"self":[{"href":"https:\/\/cp.snarskis.lt\/index.php\/wp-json\/wp\/v2\/posts\/51114","targetHints":{"allow":["GET"]}}],"collection":[{"href":"https:\/\/cp.snarskis.lt\/index.php\/wp-json\/wp\/v2\/posts"}],"about":[{"href":"https:\/\/cp.snarskis.lt\/index.php\/wp-json\/wp\/v2\/types\/post"}],"replies":[{"embeddable":true,"href":"https:\/\/cp.snarskis.lt\/index.php\/wp-json\/wp\/v2\/comments?post=51114"}],"version-history":[{"count":0,"href":"https:\/\/cp.snarskis.lt\/index.php\/wp-json\/wp\/v2\/posts\/51114\/revisions"}],"wp:featuredmedia":[{"embeddable":true,"href":"https:\/\/cp.snarskis.lt\/index.php\/wp-json\/wp\/v2\/media\/51115"}],"wp:attachment":[{"href":"https:\/\/cp.snarskis.lt\/index.php\/wp-json\/wp\/v2\/media?parent=51114"}],"wp:term":[{"taxonomy":"category","embeddable":true,"href":"https:\/\/cp.snarskis.lt\/index.php\/wp-json\/wp\/v2\/categories?post=51114"},{"taxonomy":"post_tag","embeddable":true,"href":"https:\/\/cp.snarskis.lt\/index.php\/wp-json\/wp\/v2\/tags?post=51114"},{"taxonomy":"miestas","embeddable":true,"href":"https:\/\/cp.snarskis.lt\/index.php\/wp-json\/wp\/v2\/miestas?post=51114"}],"curies":[{"name":"wp","href":"https:\/\/api.w.org\/{rel}","templated":true}]}}