{"id":51116,"date":"2026-09-02T16:48:25","date_gmt":"2026-09-02T16:48:25","guid":{"rendered":"https:\/\/cp.snarskis.lt\/index.php\/2026\/09\/02\/netflix-spali-pristatys-3-daliu-dokumentika-apie-matthew-perry-zadami-artimuju-liudijimai\/"},"modified":"2026-09-02T16:48:25","modified_gmt":"2026-09-02T16:48:25","slug":"netflix-spali-pristatys-3-daliu-dokumentika-apie-matthew-perry-zadami-artimuju-liudijimai","status":"publish","type":"post","link":"https:\/\/cp.snarskis.lt\/index.php\/2026\/09\/02\/netflix-spali-pristatys-3-daliu-dokumentika-apie-matthew-perry-zadami-artimuju-liudijimai\/","title":{"rendered":"\u201eNetflix\u201c spal\u012f pristatys 3 dali\u0173 dokumentik\u0105 apie Matthew Perry: \u017eadami artim\u0173j\u0173 liudijimai"},"content":{"rendered":"<p>\u201eNetflix\u201c paskelb\u0117, kad spalio 27 dien\u0105 platformoje pasirodys trij\u0173 dali\u0173 dokumentinis serialas apie aktori\u0173 Matthew Perry, visame pasaulyje i\u0161gars\u0117jus\u012f Chandlerio Bingo vaidmeniu seriale Friends. K\u016br\u0117jai \u017eada dar negird\u0117t\u0173 liudijim\u0173 ir priva\u010di\u0173 archyvo kadr\u0173, kurie tur\u0117t\u0173 atskleisti platesn\u012f aktoriaus gyvenimo paveiksl\u0105.<\/p>\n<p>Dokumentika pavadinta The One With Matthew Perry. Ji pasakos apie Perry karjer\u0105, vie\u0161\u0105 \u0161lov\u0119 ir asmeninius i\u0161\u0161\u016bkius per \u017emoni\u0173, buvusi\u0173 ar\u010diausiai jo, prisiminimus, \u012fskaitant \u0161eimos narius ir ilgame\u010dius draugus.<\/p>\n<h2>K\u0105 \u017eada \u201eNetflix\u201c<\/h2>\n<p>Platformos prane\u0161ime pabr\u0117\u017eiama, kad serialo pagrindas bus pirm\u0105 kart\u0105 vie\u0161inami sesers Mia Perry Bowick ir artimiausi\u0173 bi\u010diuli\u0173 pasakojimai. Taip pat bus naudojamos iki \u0161iol neskelbtos nuotraukos ir vaizdo \u012fra\u0161ai i\u0161 \u0161eimos privataus archyvo.<\/p>\n<p>Kol kas neatskleid\u017eiama, ar dokumentikoje pasirodys kiti serialo Friends aktoriai. Tai viena did\u017eiausi\u0173 intrig\u0173 gerb\u0117jams, nes b\u016btent \u0161ios komandos s\u0117km\u0117 Perry pavert\u0117 pasauline popkult\u016bros fig\u016bra.<\/p>\n<h2>\u0160eimos \u017einut\u0117 \u017ei\u016brovams<\/h2>\n<p>\u201eMan prireik\u0117 laiko pasijusti pasirengusiai dalintis \u0161iais prisiminimais ir tuo, k\u0105 rei\u0161k\u0117 myl\u0117ti Matthew per vis\u0105 jo gyvenimo sud\u0117tingum\u0105: matyti j\u012f kaip visum\u0105, ne tik kaip Chandler\u012f ir ne tik kaip \u017emog\u0173, kovojus\u012f su priklausomybe\u201c, \u2013 sak\u0117 Mia Perry Bowick.<\/p>\n<p>\u201eTikiuosi, kad \u0161i serija visiems, kurie j\u012f myl\u0117jo artimai ar i\u0161 tolo, pad\u0117s geriau suprasti, koks jis buvo i\u0161 ties\u0173, ir kok\u012f palikim\u0105 paliko\u201c, \u2013 teig\u0117 ji.<\/p>\n<h2>Kontekstas po aktoriaus mirties<\/h2>\n<p>Matthew Perry buvo rastas be gyvyb\u0117s po\u017eymi\u0173 s\u016bkurin\u0117je vonioje savo namuose Los And\u017eele 2023 metais spalio 28 dien\u0105. Aktoriui buvo 54 metai, o jo mirtis suk\u0117l\u0117 plat\u0173 atgars\u012f ne tik pramog\u0173 industrijoje, bet ir visuomenin\u0117se diskusijose apie priklausomybi\u0173 gydym\u0105.<\/p>\n<p>Los And\u017eelo apygardos teismo medicinos ekspertai nurod\u0117, kad mirt\u012f l\u0117m\u0117 \u016bmus ketamino poveikis, o kaip prisid\u0117j\u0119 veiksniai min\u0117ti ir paskendimas, koronarin\u0117 \u0161irdies liga bei buprenorfino poveikis. Pastarasis vaistas naudojamas gydant opioid\u0173 vartojimo sutrikim\u0105.<\/p>\n<p>Pastaraisiais metais byla sulauk\u0117 nauj\u0173 pos\u016bki\u0173: 2026 metais \u017einiasklaidoje skelbta apie teismo sprendimus, susijusius su asmenimis, kuri\u0173 veiksmai buvo siejami su aktoriaus mirtimi. \u0160is kontekstas, tik\u0117tina, tur\u0117s \u012ftakos ir dokumentikos tonui, nes auditorija tikisi ne vien nostalgijos, bet ir atsakym\u0173.<\/p>\n<p>\u201eNetflix\u201c dokumentikos premjera numatyta spalio 27 dien\u0105. Tikimasi, kad trij\u0173 epizod\u0173 formatas leis suderinti aktoriaus k\u016brybin\u012f palikim\u0105, jo priva\u010di\u0105 istorij\u0105 ir platesn\u012f priklausomybi\u0173 temos kontekst\u0105, kuris pastaraisiais metais vis da\u017eniau aptariamas vie\u0161ai.<\/p>\n","protected":false},"excerpt":{"rendered":"<p>\u201eNetflix\u201c spalio 27 dien\u0105 i\u0161leis trij\u0173 dali\u0173 dokumentik\u0105 apie Matthew Perry, \u017ead\u0117dama artim\u0173j\u0173 liudijimus ir iki \u0161iol nevie\u0161intus archyvus.<\/p>\n","protected":false},"author":0,"featured_media":51117,"comment_status":"open","ping_status":"open","sticky":false,"template":"","format":"standard","meta":{"_acf_changed":false,"footnotes":""},"categories":[13],"tags":[34498,4123,641,4126,4214,4026],"miestas":[],"class_list":["post-51116","post","type-post","status-publish","format-standard","has-post-thumbnail","hentry","category-kultura","tag-dokumentiniai-serialai","tag-friends","tag-holivudas","tag-matthew-perry","tag-netflix","tag-priklausomybes"],"acf":[],"_links":{"self":[{"href":"https:\/\/cp.snarskis.lt\/index.php\/wp-json\/wp\/v2\/posts\/51116","targetHints":{"allow":["GET"]}}],"collection":[{"href":"https:\/\/cp.snarskis.lt\/index.php\/wp-json\/wp\/v2\/posts"}],"about":[{"href":"https:\/\/cp.snarskis.lt\/index.php\/wp-json\/wp\/v2\/types\/post"}],"replies":[{"embeddable":true,"href":"https:\/\/cp.snarskis.lt\/index.php\/wp-json\/wp\/v2\/comments?post=51116"}],"version-history":[{"count":0,"href":"https:\/\/cp.snarskis.lt\/index.php\/wp-json\/wp\/v2\/posts\/51116\/revisions"}],"wp:featuredmedia":[{"embeddable":true,"href":"https:\/\/cp.snarskis.lt\/index.php\/wp-json\/wp\/v2\/media\/51117"}],"wp:attachment":[{"href":"https:\/\/cp.snarskis.lt\/index.php\/wp-json\/wp\/v2\/media?parent=51116"}],"wp:term":[{"taxonomy":"category","embeddable":true,"href":"https:\/\/cp.snarskis.lt\/index.php\/wp-json\/wp\/v2\/categories?post=51116"},{"taxonomy":"post_tag","embeddable":true,"href":"https:\/\/cp.snarskis.lt\/index.php\/wp-json\/wp\/v2\/tags?post=51116"},{"taxonomy":"miestas","embeddable":true,"href":"https:\/\/cp.snarskis.lt\/index.php\/wp-json\/wp\/v2\/miestas?post=51116"}],"curies":[{"name":"wp","href":"https:\/\/api.w.org\/{rel}","templated":true}]}}