{"id":51254,"date":"2026-09-03T01:20:30","date_gmt":"2026-09-03T01:20:30","guid":{"rendered":"https:\/\/cp.snarskis.lt\/index.php\/2026\/09\/03\/europos-paveldo-dienos-vilniaus-rajone-verbos-piliakalnis-ir-parodos-kurias-verta-pamatyti\/"},"modified":"2026-09-03T01:20:30","modified_gmt":"2026-09-03T01:20:30","slug":"europos-paveldo-dienos-vilniaus-rajone-verbos-piliakalnis-ir-parodos-kurias-verta-pamatyti","status":"publish","type":"post","link":"https:\/\/cp.snarskis.lt\/index.php\/2026\/09\/03\/europos-paveldo-dienos-vilniaus-rajone-verbos-piliakalnis-ir-parodos-kurias-verta-pamatyti\/","title":{"rendered":"Europos paveldo dienos Vilniaus rajone: verbos, piliakalnis ir parodos, kurias verta pamatyti"},"content":{"rendered":"<p>Rugs\u0117jo 17\u201327 dienomis Lietuvoje rengiamos Europos paveldo dienos, kvie\u010dian\u010dios geriau pa\u017einti kult\u016bros paveld\u0105 ir jo reik\u0161m\u0119 \u0161iandien. Vilniaus rajone suplanuota programa apima gyv\u0105sias tradicijas, istorines vietas ir parodas, leid\u017eian\u010dias paveldo temas patirti prakti\u0161kai.<\/p>\n<p>\u0160i\u0173 met\u0173 iniciatyvos akcentuoja, kad paveldas n\u0117ra vien praeities reliktas: jis glaud\u017eiai susij\u0119s su bendruomeni\u0173 tapatybe, vietos ekonomika ir \u0161vietimu. Vis daugiau savivaldybi\u0173 ir kult\u016bros \u012fstaig\u0173 paveldo pa\u017einim\u0105 sieja su edukacija, vietos turizmu ir atsakingu lankymu.<\/p>\n<h2>Verbos: tradicija ir pragyvenimas<\/h2>\n<p>Rugs\u0117jo 18 dien\u0105 16 valand\u0105 Balstog\u0117s universiteto filiale Vilniuje vyks renginys apie Vilniaus verbas, j\u0173 gamybos tradicij\u0105 ir ekonomin\u0119 vert\u0119. Diskusijoje bus keliami klausimai, kaip amatai gali i\u0161likti gyvybingi, kai kei\u010diasi vartotoj\u0173 \u012fpro\u010diai ir rank\u0173 darbo gamini\u0173 rinka.<\/p>\n<p>Vilniaus kra\u0161to verbos laikomos ry\u0161kiu regiono simboliu, o j\u0173 gamyba remiasi i\u0161 kartos \u012f kart\u0105 perduodamomis \u017einiomis. Pastaraisiais metais vis da\u017eniau kalbama apie tai, kaip tradiciniams amatams padeda mug\u0117s, edukacijos ir kult\u016brinis turizmas, ta\u010diau kartu i\u0161lieka i\u0161\u0161\u016bkis u\u017etikrinti tvarias k\u016br\u0117j\u0173 pajamas.<\/p>\n<h2>Nemen\u010din\u0117 ir gyva istorija<\/h2>\n<p>Rugs\u0117jo 18 dien\u0105 17 valand\u0105 30 minu\u010di\u0173 vyks pa\u017eintin\u0117 ekskursija po Nemen\u010din\u0117s piliakaln\u012f, kuriame po tvarkybos darb\u0173 lankytoj\u0173 laukia atnaujinti takai. Ekskursijoje bus pasakojama apie piliakalnio reik\u0161m\u0119 skirtingais laikotarpiais ir apie \u010dia gyvenusias bendruomenes.<\/p>\n<p>Piliakalniai Lietuvoje vis da\u017eniau pristatomi ne tik kaip archeologiniai objektai, bet ir kaip pa\u017einimo erdv\u0117s, kuriose susitinka gamta, istorija ir \u0161iuolaikinis laisvalaikis. Ta\u010diau specialistai primena, kad tokiose vietose svarbus atsakingas elgesys, saugantis \u0161laitus, augmenij\u0105 ir kult\u016brinius sluoksnius.<\/p>\n<h2>Parodos, edukacijos ir \u0161vietimo paveldas<\/h2>\n<p>Rugs\u0117jo 20 dien\u0105 12 valand\u0105 30 minu\u010di\u0173 Mai\u0161iagalos tradicini\u0173 amat\u0173 centre bus pristatoma tautodailinink\u0117s Teresos Michalkevi\u010d k\u016bryba: paroda, edukacija ir pokalbis apie verb\u0173 ri\u0161im\u0105. Jos darbai \u012fvertinti konkursuose, o \u012f Lietuvos rekord\u0173 knyg\u0105 \u012fra\u0161ytos skirtingo dyd\u017eio verbos rodo, kaip tradicija gali b\u016bti ir meistryst\u0117s, ir k\u016brybos laukas.<\/p>\n<p>T\u0105 pa\u010di\u0105 dien\u0105 14 valand\u0105 Vilniaus kra\u0161to etnografiniame muziejuje Nemen\u010din\u0117je atidaroma tarptautin\u0117 heraldikos paroda, papildyta v\u0117liavomis ir ekslibrisais. Greta ekspozicijos numatyta paskaita apie heraldik\u0105 kaip asmens, gimin\u0117s ir bendruomen\u0117s tapatyb\u0117s \u017eenkl\u0105, pabr\u0117\u017eiant, kad simboliai aktual\u016bs ir \u0161iandien.<\/p>\n<p>Rugs\u0117jo 26 dien\u0105 11 valand\u0105 Gabrielio Jano Mincevi\u010diaus \u0161vietimo muziejus A\u017eulauk\u0117je kvies \u012f atvir\u0173 dur\u0173 dien\u0105 ir edukacijas. Muziejuje pristatoma kra\u0161to \u0161vietimo raida, o sen\u0173j\u0173 mokymo priemoni\u0173 ir vadov\u0117li\u0173 ekspozicijos leid\u017eia palyginti, kaip per laik\u0105 keit\u0117si mokykla, ugdymo turinys ir kasdien\u0117 disciplina.<\/p>\n<p>Europos paveldo dien\u0173 renginiai Vilniaus rajone primena, kad paveldo vert\u0117 atsiskleid\u017eia per \u017emoni\u0173 pasakojimus ir gyv\u0105 patirt\u012f. Kuo daugiau bendruomen\u0117 \u012fsitraukia \u012f pa\u017einim\u0105 ir saugojim\u0105, tuo tvir\u010diau tradicijos ir istorin\u0117s vietos i\u0161lieka ateities kartoms.<\/p>\n","protected":false},"excerpt":{"rendered":"<p>Europos paveldo dienos Vilniaus rajone kvie\u010dia \u012f renginius apie verbas, ekskursij\u0105 po Nemen\u010din\u0117s piliakaln\u012f, heraldikos parod\u0105 ir \u0161vietimo muziej\u0173.<\/p>\n","protected":false},"author":0,"featured_media":51255,"comment_status":"open","ping_status":"open","sticky":false,"template":"","format":"standard","meta":{"_acf_changed":false,"footnotes":""},"categories":[15],"tags":[39625,17767,218,4373,39626,1329,21179],"miestas":[71],"class_list":["post-51254","post","type-post","status-publish","format-standard","has-post-thumbnail","hentry","category-regionai","tag-europos-paveldo-dienos","tag-heraldika","tag-kulturos-paveldas","tag-nemencine","tag-svietimo-muziejai","tag-vilniaus-rajonas","tag-vilniaus-verbos","miestas-vilniaus-rajono-savivaldybe"],"acf":[],"_links":{"self":[{"href":"https:\/\/cp.snarskis.lt\/index.php\/wp-json\/wp\/v2\/posts\/51254","targetHints":{"allow":["GET"]}}],"collection":[{"href":"https:\/\/cp.snarskis.lt\/index.php\/wp-json\/wp\/v2\/posts"}],"about":[{"href":"https:\/\/cp.snarskis.lt\/index.php\/wp-json\/wp\/v2\/types\/post"}],"replies":[{"embeddable":true,"href":"https:\/\/cp.snarskis.lt\/index.php\/wp-json\/wp\/v2\/comments?post=51254"}],"version-history":[{"count":0,"href":"https:\/\/cp.snarskis.lt\/index.php\/wp-json\/wp\/v2\/posts\/51254\/revisions"}],"wp:featuredmedia":[{"embeddable":true,"href":"https:\/\/cp.snarskis.lt\/index.php\/wp-json\/wp\/v2\/media\/51255"}],"wp:attachment":[{"href":"https:\/\/cp.snarskis.lt\/index.php\/wp-json\/wp\/v2\/media?parent=51254"}],"wp:term":[{"taxonomy":"category","embeddable":true,"href":"https:\/\/cp.snarskis.lt\/index.php\/wp-json\/wp\/v2\/categories?post=51254"},{"taxonomy":"post_tag","embeddable":true,"href":"https:\/\/cp.snarskis.lt\/index.php\/wp-json\/wp\/v2\/tags?post=51254"},{"taxonomy":"miestas","embeddable":true,"href":"https:\/\/cp.snarskis.lt\/index.php\/wp-json\/wp\/v2\/miestas?post=51254"}],"curies":[{"name":"wp","href":"https:\/\/api.w.org\/{rel}","templated":true}]}}