{"id":51262,"date":"2026-09-03T01:21:56","date_gmt":"2026-09-03T01:21:56","guid":{"rendered":"https:\/\/cp.snarskis.lt\/index.php\/2026\/09\/03\/nemencineje-atidarytas-beveik-9-mln-euru-priestatas-daugiau-vietu-ir-360-vietu-sale\/"},"modified":"2026-09-03T01:21:56","modified_gmt":"2026-09-03T01:21:56","slug":"nemencineje-atidarytas-beveik-9-mln-euru-priestatas-daugiau-vietu-ir-360-vietu-sale","status":"publish","type":"post","link":"https:\/\/cp.snarskis.lt\/index.php\/2026\/09\/03\/nemencineje-atidarytas-beveik-9-mln-euru-priestatas-daugiau-vietu-ir-360-vietu-sale\/","title":{"rendered":"Nemen\u010din\u0117je atidarytas beveik 9 mln. eur\u0173 priestatas: daugiau viet\u0173 ir 360 viet\u0173 sal\u0117"},"content":{"rendered":"<p>Nemen\u010din\u0117je rugs\u0117jo 1 dien\u0105 duris atv\u0117r\u0117 naujas Vilniaus rajono Nemen\u010din\u0117s Konstanto Par\u010devskio gimnazijos priestatas, kuriame \u012fsik\u016br\u0117 ir Nemen\u010din\u0117s meno mokykla. Apie 2 750 kvadratini\u0173 metr\u0173 ploto pastatas kainavo beveik 9 mln. eur\u0173 ir skirtas tiek ugdymui, tiek bendruomen\u0117s renginiams.<\/p>\n<p>Atidaryme dalyvavo Vilniaus rajono savivaldyb\u0117s meras Robert Duchnevi\u010d, vicemer\u0117 Edita Tamo\u0161i\u016bnait\u0117, \u0161vietimo, mokslo ir sporto ministr\u0117 Raminta Popovien\u0117, teisingumo ministr\u0117 Rita Tama\u0161unien\u0117, mokykl\u0173 bendruomen\u0117s ir rangov\u0173 atstovai. Renginyje koncertavo meno mokyklos aukl\u0117tiniai, o akcentuota projekto reik\u0161m\u0117 viso miesto kult\u016briniam gyvenimui.<\/p>\n<p>\u201eTai ne tik naujas pastatas, bet ir naujos galimyb\u0117s dviem Nemen\u010din\u0117s ugdymo \u012fstaigoms. Investicija \u012f \u0161vietim\u0105 yra investicija \u012f ateit\u012f, o \u012f menin\u012f ugdym\u0105 \u2013 \u012f k\u016brybi\u0161kus \u017emones\u201c, \u2013 sak\u0117 Robert Duchnevi\u010d.<\/p>\n<p>Projekto finansavimas buvo mi\u0161rus: dalis l\u0117\u0161\u0173 skirta i\u0161 Vilniaus rajono savivaldyb\u0117s biud\u017eeto, o dalis gauta i\u0161 Lenkijos Respublikos valstyb\u0117s biud\u017eeto. Nurodoma, kad 2023\u20132025 metais Lenkijos Respublikos U\u017esienio reikal\u0173 ministerija prisid\u0117jo daugiau kaip 280 t\u016bkst. eur\u0173.<\/p>\n<h2>Daugiau erdv\u0117s ir didesnis pri\u0117mimas<\/h2>\n<p>Iki \u0161iol Nemen\u010din\u0117s meno mokykla veik\u0117 ma\u017edaug 280 kvadratini\u0173 metr\u0173 patalpose, tod\u0117l infrastrukt\u016bros pl\u0117tra buvo vienas svarbiausi\u0173 poreiki\u0173. Naujosios erdv\u0117s yra kelis kartus didesn\u0117s ir pritaikytos \u0161iuolaikiniam neformaliajam ugdymui.<\/p>\n<p>Skelbiama, kad mokykla nuo \u0161iol gali priimti ma\u017edaug dvigubai daugiau mokini\u0173 nei anks\u010diau, o \u0161iais mokslo metais apie 70 nauj\u0173 vaik\u0173 pradeda menin\u012f ugdym\u0105. Tokie poky\u010diai atliepia bendr\u0105 tendencij\u0105 savivaldyb\u0117se pl\u0117sti neformal\u0173j\u012f \u0161vietim\u0105, kuris da\u017enai tampa svarbia ugdymo kokyb\u0117s ir vaik\u0173 u\u017eimtumo grandimi.<\/p>\n<h2>360 viet\u0173 sal\u0117 ir i\u0161pl\u0117stos programos<\/h2>\n<p>Vienas ry\u0161kiausi\u0173 priestato akcent\u0173 \u2013 360 viet\u0173 koncert\u0173 sal\u0117, suprojektuota atsi\u017evelgiant \u012f akustikos reikalavimus. Sal\u0119 naudos ir gimnazija, ir meno mokykla: ji skirta koncertams, mokyklos \u0161vent\u0117ms, susitikimams bei kitiems bendruomen\u0117s renginiams.<\/p>\n<p>Kartu su infrastrukt\u016bra i\u0161sipl\u0117t\u0117 ir ugdymo turinys: Nemen\u010din\u0117s muzikos mokykla tapo Nemen\u010din\u0117s meno mokykla ir prad\u0117jo vykdyti ne tik muzikos, bet ir dail\u0117s programas. Greta anks\u010diau si\u016blyt\u0173 fortepijono, smuiko, akordeono, pu\u010diam\u0173j\u0173 instrument\u0173 ir gitaros program\u0173 atsirado mu\u0161am\u0173j\u0173 instrument\u0173 bei vargon\u0173 kryptys, t\u0119siamos ir suaugusi\u0173j\u0173 neformaliojo \u0161vietimo programos.<\/p>\n<p>Taip pat oficialiai prad\u0117jo veikti meno mokyklos Rie\u0161\u0117s skyrius, \u012fsik\u016br\u0119s Rie\u0161\u0117s \u0160v. Faustinos Kovalskos pagrindin\u0117s mokyklos patalpose. \u010cia mokiniai gali rinktis fortepijono, akordeono, smuiko ir kitas muzikos programas.<\/p>\n","protected":false},"excerpt":{"rendered":"<p>Nemen\u010din\u0117je atidarytas beveik 9 mln. eur\u0173 priestatas: meno mokykla ple\u010diasi, did\u0117ja mokini\u0173 skai\u010dius, o abi \u012fstaigos tur\u0117s 360 viet\u0173 sal\u0119.<\/p>\n","protected":false},"author":0,"featured_media":51263,"comment_status":"open","ping_status":"open","sticky":false,"template":"","format":"standard","meta":{"_acf_changed":false,"footnotes":""},"categories":[15],"tags":[19663,14050,4292,4373,2942,3678,1368],"miestas":[71],"class_list":["post-51262","post","type-post","status-publish","format-standard","has-post-thumbnail","hentry","category-regionai","tag-koncertu-sales","tag-meno-mokyklos","tag-neformalusis-svietimas","tag-nemencine","tag-robert-duchnevic","tag-svietimo-infrastruktura","tag-vilniaus-rajono-savivaldybe","miestas-vilniaus-rajono-savivaldybe"],"acf":[],"_links":{"self":[{"href":"https:\/\/cp.snarskis.lt\/index.php\/wp-json\/wp\/v2\/posts\/51262","targetHints":{"allow":["GET"]}}],"collection":[{"href":"https:\/\/cp.snarskis.lt\/index.php\/wp-json\/wp\/v2\/posts"}],"about":[{"href":"https:\/\/cp.snarskis.lt\/index.php\/wp-json\/wp\/v2\/types\/post"}],"replies":[{"embeddable":true,"href":"https:\/\/cp.snarskis.lt\/index.php\/wp-json\/wp\/v2\/comments?post=51262"}],"version-history":[{"count":0,"href":"https:\/\/cp.snarskis.lt\/index.php\/wp-json\/wp\/v2\/posts\/51262\/revisions"}],"wp:featuredmedia":[{"embeddable":true,"href":"https:\/\/cp.snarskis.lt\/index.php\/wp-json\/wp\/v2\/media\/51263"}],"wp:attachment":[{"href":"https:\/\/cp.snarskis.lt\/index.php\/wp-json\/wp\/v2\/media?parent=51262"}],"wp:term":[{"taxonomy":"category","embeddable":true,"href":"https:\/\/cp.snarskis.lt\/index.php\/wp-json\/wp\/v2\/categories?post=51262"},{"taxonomy":"post_tag","embeddable":true,"href":"https:\/\/cp.snarskis.lt\/index.php\/wp-json\/wp\/v2\/tags?post=51262"},{"taxonomy":"miestas","embeddable":true,"href":"https:\/\/cp.snarskis.lt\/index.php\/wp-json\/wp\/v2\/miestas?post=51262"}],"curies":[{"name":"wp","href":"https:\/\/api.w.org\/{rel}","templated":true}]}}