{"id":51295,"date":"2026-09-03T02:01:50","date_gmt":"2026-09-03T02:01:50","guid":{"rendered":"https:\/\/cp.snarskis.lt\/index.php\/2026\/09\/03\/ukrainos-specialiosios-pajegos-padekojo-vilkaviskio-savivaldybei-kuo-prisidejo\/"},"modified":"2026-09-03T02:01:50","modified_gmt":"2026-09-03T02:01:50","slug":"ukrainos-specialiosios-pajegos-padekojo-vilkaviskio-savivaldybei-kuo-prisidejo","status":"publish","type":"post","link":"https:\/\/cp.snarskis.lt\/index.php\/2026\/09\/03\/ukrainos-specialiosios-pajegos-padekojo-vilkaviskio-savivaldybei-kuo-prisidejo\/","title":{"rendered":"Ukrainos specialiosios paj\u0117gos pad\u0117kojo Vilkavi\u0161kio savivaldybei: kuo prisid\u0117jo?"},"content":{"rendered":"<p>Vilkavi\u0161kio rajono savivaldyb\u0117je apsilank\u0117 V\u0161\u012e \u201eMaskuojantys tinklai Ukrainai\u201c direktorius Ingas Ulk\u0161tinas ir perdav\u0117 Ukrainos gynybos ministerijos Speciali\u0173j\u0173 operacij\u0173 paj\u0117g\u0173 144 centro \u201eD\u201c grup\u0117s pad\u0117k\u0105. Joje savivaldybei d\u0117kojama u\u017e suteikt\u0105 param\u0105 Ukrainos gyn\u0117jams.<\/p>\n<p>Su sve\u010diu susitiko Vilkavi\u0161kio rajono savivaldyb\u0117s meras Algirdas Neiberka, administracijos direktorius Vitas Gav\u0117nas ir administracijos patar\u0117jas, atliekantis savivaldyb\u0117s parengties pareig\u016bno funkcijas, Robertas Fi\u0161eris. Susitikimo metu aptarta, kokia parama \u0161iuo metu labiausiai reikalinga fronte.<\/p>\n<p>Vilkavi\u0161kio rajono savivaldyb\u0117s taryba 2026 metais gegu\u017e\u0119 pritar\u0117 humanitarin\u0117s pagalbos Ukrainai skyrimui ir nusprend\u0117 perduoti savivaldybei priklausan\u010dius, jos funkcijoms vykdyti nebereikalingus lengvuosius automobilius. Transporto priemon\u0117s Ukrain\u0105 pasiek\u0117 per V\u0161\u012e \u201eMaskuojantys tinklai Ukrainai\u201c, kuri pasir\u016bpino logistika ir perdavimu galutiniam gav\u0117jui.<\/p>\n<p>Pad\u0117koje Ukrainos gyn\u0117jai pabr\u0117\u017e\u0117, kad \u0161i parama yra reik\u0161minga j\u0173 darbui ir prisideda prie bendro tikslo stabdant agresori\u0173. \u201eKartu \u2013 iki pergal\u0117s!\u201c, \u2013 ra\u0161oma perduotoje \u017einut\u0117je.<\/p>\n<p>Susitikime taip pat kalb\u0117ta apie \u0161iuolaikinio karo realijas, kuriose logistika ir mobilumas tampa kriti\u0161kai svarb\u016bs. Lengvieji automobiliai da\u017enai naudojami greitam kari\u0173 ir \u012frangos jud\u0117jimui, ry\u0161i\u0173 palaikymui, su\u017eeist\u0173j\u0173 evakuacijai bei paramos pristatymui, ypa\u010d kai infrastrukt\u016bra pa\u017eeista.<\/p>\n<p>I. Ulk\u0161tinas pristat\u0117 V\u0161\u012e \u201eMaskuojantys tinklai Ukrainai\u201c veikl\u0105 ir paai\u0161kino, kod\u0117l maskavimo priemon\u0117s i\u0161lieka viena paklausiausi\u0173 paramos kryp\u010di\u0173. Anot jo, tinklai ir kitos maskavimo priemon\u0117s padeda ma\u017einti aptikimo rizik\u0105 nuo prie\u0161o \u017evalgybos, taip pat nuo dron\u0173, kurie tapo vienu svarbiausi\u0173 \u0161io karo element\u0173.<\/p>\n<p>Savivaldyb\u0117s atstovai pabr\u0117\u017e\u0117, kad t\u0119siantis karui parama Ukrainai nepraranda aktualumo, o konkreti, prakti\u0161ka pagalba da\u017enai duoda greit\u0105 rezultat\u0105. Sutarta ie\u0161koti galimybi\u0173 ir toliau prisid\u0117ti, atsi\u017evelgiant \u012f realius Ukrainos gyn\u0117j\u0173 poreikius.<\/p>\n","protected":false},"excerpt":{"rendered":"<p>Ukrainos specialiosios paj\u0117gos pad\u0117kojo Vilkavi\u0161kio savivaldybei u\u017e param\u0105: perduoti nereikalingi automobiliai ir aptarti aktual\u016bs fronto poreikiai.<\/p>\n","protected":false},"author":0,"featured_media":51296,"comment_status":"open","ping_status":"open","sticky":false,"template":"","format":"standard","meta":{"_acf_changed":false,"footnotes":""},"categories":[15],"tags":[3011,39652,19793,4533,299,1422],"miestas":[80],"class_list":["post-51295","post","type-post","status-publish","format-standard","has-post-thumbnail","hentry","category-regionai","tag-humanitarine-pagalba","tag-maskuojantys-tinklai-ukrainai","tag-parama-ukrainai","tag-specialiuju-operaciju-pajegos","tag-ukraina","tag-vilkaviskio-rajono-savivaldybe","miestas-vilkaviskio-rajono-savivaldybe"],"acf":[],"_links":{"self":[{"href":"https:\/\/cp.snarskis.lt\/index.php\/wp-json\/wp\/v2\/posts\/51295","targetHints":{"allow":["GET"]}}],"collection":[{"href":"https:\/\/cp.snarskis.lt\/index.php\/wp-json\/wp\/v2\/posts"}],"about":[{"href":"https:\/\/cp.snarskis.lt\/index.php\/wp-json\/wp\/v2\/types\/post"}],"replies":[{"embeddable":true,"href":"https:\/\/cp.snarskis.lt\/index.php\/wp-json\/wp\/v2\/comments?post=51295"}],"version-history":[{"count":0,"href":"https:\/\/cp.snarskis.lt\/index.php\/wp-json\/wp\/v2\/posts\/51295\/revisions"}],"wp:featuredmedia":[{"embeddable":true,"href":"https:\/\/cp.snarskis.lt\/index.php\/wp-json\/wp\/v2\/media\/51296"}],"wp:attachment":[{"href":"https:\/\/cp.snarskis.lt\/index.php\/wp-json\/wp\/v2\/media?parent=51295"}],"wp:term":[{"taxonomy":"category","embeddable":true,"href":"https:\/\/cp.snarskis.lt\/index.php\/wp-json\/wp\/v2\/categories?post=51295"},{"taxonomy":"post_tag","embeddable":true,"href":"https:\/\/cp.snarskis.lt\/index.php\/wp-json\/wp\/v2\/tags?post=51295"},{"taxonomy":"miestas","embeddable":true,"href":"https:\/\/cp.snarskis.lt\/index.php\/wp-json\/wp\/v2\/miestas?post=51295"}],"curies":[{"name":"wp","href":"https:\/\/api.w.org\/{rel}","templated":true}]}}