{"id":51298,"date":"2026-09-03T02:02:48","date_gmt":"2026-09-03T02:02:48","guid":{"rendered":"https:\/\/cp.snarskis.lt\/index.php\/2026\/09\/03\/vilkaviskyje-rugsejo-1-oji-virto-mokslo-muge-ka-atrado-tevai-ir-vaikai-j-basanaviciaus-aiksteje\/"},"modified":"2026-09-03T02:02:48","modified_gmt":"2026-09-03T02:02:48","slug":"vilkaviskyje-rugsejo-1-oji-virto-mokslo-muge-ka-atrado-tevai-ir-vaikai-j-basanaviciaus-aiksteje","status":"publish","type":"post","link":"https:\/\/cp.snarskis.lt\/index.php\/2026\/09\/03\/vilkaviskyje-rugsejo-1-oji-virto-mokslo-muge-ka-atrado-tevai-ir-vaikai-j-basanaviciaus-aiksteje\/","title":{"rendered":"Vilkavi\u0161kyje Rugs\u0117jo 1-oji virto mokslo muge: k\u0105 atrado t\u0117vai ir vaikai J. Basanavi\u010diaus aik\u0161t\u0117je"},"content":{"rendered":"<p>Vilkavi\u0161kyje Mokslo ir \u017eini\u0173 diena \u0161iemet pasitikta aktyviai: J. Basanavi\u010diaus aik\u0161t\u0117je surengta Neformaliojo ugdymo veikl\u0173 mug\u0117 sub\u016br\u0117 vaikus, t\u0117vus, pedagogus ir b\u016breli\u0173 organizatorius. Renginys tapo proga vienoje vietoje pamatyti, kokios veiklos si\u016blomos prasidedant naujiems mokslo metams.<\/p>\n<p>Mug\u0117je dalyviai gal\u0117jo ne tik pasikalb\u0117ti su organizatoriais, bet ir prakti\u0161kai i\u0161bandyti \u012fvairius u\u017esi\u0117mimus. Toks formatas ypa\u010d svarbus \u0161eimoms, kurios ie\u0161ko veikl\u0173, padedan\u010di\u0173 vaikams atrasti pom\u0117gius, ugdyti socialinius \u012fg\u016bd\u017eius ir stiprinti pasitik\u0117jim\u0105 savimi.<\/p>\n<h2>Akcentas \u2013 prasmingas startas<\/h2>\n<p>Susirinkusiuosius \u0161vent\u0117s proga pasveikino Vilkavi\u0161kio rajono savivaldyb\u0117s meras Algirdas Neiberka, vicemer\u0117 Daiva Riklien\u0117 ir \u0160vietimo, kult\u016bros ir sporto skyriaus ved\u0117ja \u017dydr\u0117 \u017dilinskien\u0117. Sveikinimuose akcentuota nauj\u0173 mokslo met\u0173 prad\u017eios prasm\u0117 ir bendruomeni\u0161kumas.<\/p>\n<p>\u201eRugs\u0117jo 1-oji kasmet \u017eymi nauj\u0105 prad\u017ei\u0105 \u2013 kupin\u0105 plan\u0173, atradim\u0173 ir galimybi\u0173. Linkiu, kad \u0161ie mokslo metai b\u016bt\u0173 s\u0117kmingi, \u012fdom\u016bs, skatint\u0173 smalsum\u0105, dr\u0105s\u0105 i\u0161bandyti naujus dalykus ir siekti savo tiksl\u0173. Gra\u017eios Mokslo ir \u017eini\u0173 dienos ir s\u0117kming\u0173 nauj\u0173 mokslo met\u0173!\u201c, \u2013 sak\u0117 A. Neiberka.<\/p>\n<h2>Neformalus ugdymas \u2013 daugiau nei b\u016breliai<\/h2>\n<p>Pastaraisiais metais visoje Lietuvoje vis daugiau d\u0117mesio skiriama neformaliajam ugdymui, nes jis papildo formal\u0173 mokym\u0105si ir leid\u017eia vaikams tobul\u0117ti skirtingose srityse. Renkantis b\u016brel\u012f svarbu atsi\u017evelgti ne tik \u012f vaiko norus, bet ir \u012f u\u017esi\u0117mim\u0173 intensyvum\u0105, pasiekiamum\u0105 bei tai, ar veikla padeda i\u0161laikyti motyvacij\u0105 visus metus.<\/p>\n<p>Specialistai pabr\u0117\u017eia, kad efektyviausia, kai vaikas turi galimyb\u0119 i\u0161bandyti skirtingas veiklas ir tik tada apsispr\u0119sti. B\u016btent tod\u0117l mug\u0117s formatas, kai galima gyvai pamatyti ir i\u0161m\u0117ginti u\u017esi\u0117mimus, da\u017enai padeda i\u0161vengti skubot\u0173 sprendim\u0173 mokslo met\u0173 prad\u017eioje.<\/p>\n<h2>\u0160vent\u0119 vainikavo koncertas<\/h2>\n<p>\u0160ventin\u0119 popiet\u0119 Vilkavi\u0161kyje u\u017ebaig\u0117 grup\u0117s \u201eSadboi\u201c koncertas. Organizatoriai tikisi, kad renginys taps gra\u017eia tradicija, kasmet suburian\u010dia bendruomen\u0119 ir padedan\u010dia vaikams lengviau \u012fsilieti \u012f nauj\u0173 mokslo met\u0173 ritm\u0105.<\/p>\n","protected":false},"excerpt":{"rendered":"<p>Vilkavi\u0161kyje Mokslo ir \u017eini\u0173 dien\u0105 lyd\u0117jo neformaliojo ugdymo mug\u0117, sveikinimai J. Basanavi\u010diaus aik\u0161t\u0117je ir grup\u0117s Sadboi koncertas.<\/p>\n","protected":false},"author":0,"featured_media":51299,"comment_status":"open","ping_status":"open","sticky":false,"template":"","format":"standard","meta":{"_acf_changed":false,"footnotes":""},"categories":[15],"tags":[1423,39654,36288,3679,39655,2978],"miestas":[80],"class_list":["post-51298","post","type-post","status-publish","format-standard","has-post-thumbnail","hentry","category-regionai","tag-algirdas-neiberka","tag-bureliai","tag-mokslo-ir-ziniu-diena","tag-neformalusis-ugdymas","tag-sadboi","tag-vilkaviskis","miestas-vilkaviskio-rajono-savivaldybe"],"acf":[],"_links":{"self":[{"href":"https:\/\/cp.snarskis.lt\/index.php\/wp-json\/wp\/v2\/posts\/51298","targetHints":{"allow":["GET"]}}],"collection":[{"href":"https:\/\/cp.snarskis.lt\/index.php\/wp-json\/wp\/v2\/posts"}],"about":[{"href":"https:\/\/cp.snarskis.lt\/index.php\/wp-json\/wp\/v2\/types\/post"}],"replies":[{"embeddable":true,"href":"https:\/\/cp.snarskis.lt\/index.php\/wp-json\/wp\/v2\/comments?post=51298"}],"version-history":[{"count":0,"href":"https:\/\/cp.snarskis.lt\/index.php\/wp-json\/wp\/v2\/posts\/51298\/revisions"}],"wp:featuredmedia":[{"embeddable":true,"href":"https:\/\/cp.snarskis.lt\/index.php\/wp-json\/wp\/v2\/media\/51299"}],"wp:attachment":[{"href":"https:\/\/cp.snarskis.lt\/index.php\/wp-json\/wp\/v2\/media?parent=51298"}],"wp:term":[{"taxonomy":"category","embeddable":true,"href":"https:\/\/cp.snarskis.lt\/index.php\/wp-json\/wp\/v2\/categories?post=51298"},{"taxonomy":"post_tag","embeddable":true,"href":"https:\/\/cp.snarskis.lt\/index.php\/wp-json\/wp\/v2\/tags?post=51298"},{"taxonomy":"miestas","embeddable":true,"href":"https:\/\/cp.snarskis.lt\/index.php\/wp-json\/wp\/v2\/miestas?post=51298"}],"curies":[{"name":"wp","href":"https:\/\/api.w.org\/{rel}","templated":true}]}}