{"id":51338,"date":"2026-09-03T07:48:22","date_gmt":"2026-09-03T07:48:22","guid":{"rendered":"https:\/\/cp.snarskis.lt\/index.php\/2026\/09\/03\/grybu-svente-varenoje-pakeis-planus-rugsejo-12-diena-mieste-laikini-eismo-ribojimai\/"},"modified":"2026-09-03T07:48:22","modified_gmt":"2026-09-03T07:48:22","slug":"grybu-svente-varenoje-pakeis-planus-rugsejo-12-diena-mieste-laikini-eismo-ribojimai","status":"publish","type":"post","link":"https:\/\/cp.snarskis.lt\/index.php\/2026\/09\/03\/grybu-svente-varenoje-pakeis-planus-rugsejo-12-diena-mieste-laikini-eismo-ribojimai\/","title":{"rendered":"Gryb\u0173 \u0161vent\u0117 Var\u0117noje pakeis planus: rugs\u0117jo 12 dien\u0105 mieste \u2013 laikini eismo ribojimai"},"content":{"rendered":"<p>Var\u0117nos rajono savivaldyb\u0117 prane\u0161a, kad d\u0117l Gryb\u0173 \u0161vent\u0117s dalyvi\u0173 saugumo rugs\u0117jo 12 dien\u0105 Var\u0117nos mieste bus laikinai ribojamas eismas. Sprendimas priimtas mero potvarkiu, o vairuotojai raginami i\u0161 anksto \u012fsivertinti galimus mar\u0161rut\u0173 poky\u010dius.<\/p>\n<p>Eismo ribojimai numatomi nuo 6.00 iki 24.00 valandos. \u0160iuo laikotarpiu dalyje miesto gatvi\u0173 gali b\u016bti taikomi apva\u017eiavimai, o piko metu tik\u0117tini didesni transporto srautai aplinkin\u0117se gatv\u0117se.<\/p>\n<p>Laikinai bus ribojamas eismas Vytauto gatv\u0117s ruo\u017ee nuo J. Basanavi\u010diaus gatv\u0117s iki Var\u0117nos \u0160v. arkangelo Mykolo ba\u017eny\u010dios. Taip pat ribojimai palies J. Basanavi\u010diaus gatv\u0117s ruo\u017e\u0105 nuo Vytauto gatv\u0117s iki M. K. \u010ciurlionio gatv\u0117s.<\/p>\n<p>Ribojimai bus taikomi ir M. K. \u010ciurlionio gatv\u0117s ruo\u017ee nuo J. Basanavi\u010diaus gatv\u0117s iki Mechanizatori\u0173 gatv\u0117s, taip pat Parko gatv\u0117je. Dalis atkarp\u0173 \u0161vent\u0117s metu gali b\u016bti skirta p\u0117stiesiems, renginio aptarnavimui ir saugiam lankytoj\u0173 jud\u0117jimui.<\/p>\n<p>Vairuotojai pra\u0161omi atkreipti d\u0117mes\u012f \u012f laikinus kelio \u017eenklus ir eismo reguliuotoj\u0173 nurodymus. Jei planuojate kelion\u0119 per Var\u0117n\u0105, verta numatyti papildom\u0105 laik\u0105, o vykstantiems \u012f rengin\u012f patariama rinktis ankstesn\u012f atvykim\u0105 arba statyti automobil\u012f toliau nuo \u0161vent\u0117s zonos.<\/p>\n","protected":false},"excerpt":{"rendered":"<p>Rugs\u0117jo 12 dien\u0105 Var\u0117noje d\u0117l Gryb\u0173 \u0161vent\u0117s bus ribojamas eismas keliuose miesto gatvi\u0173 ruo\u017euose nuo 6.00 iki 24.00 valandos.<\/p>\n","protected":false},"author":0,"featured_media":51339,"comment_status":"open","ping_status":"open","sticky":false,"template":"","format":"standard","meta":{"_acf_changed":false,"footnotes":""},"categories":[15],"tags":[2889,36254,7415,2893,904,5306],"miestas":[78],"class_list":["post-51338","post","type-post","status-publish","format-standard","has-post-thumbnail","hentry","category-regionai","tag-eismo-ribojimai","tag-grybu-svente","tag-keliu-eismas","tag-vairuotojai","tag-varena","tag-varenos-rajono-savivaldybe","miestas-varenos-rajono-savivaldybe"],"acf":[],"_links":{"self":[{"href":"https:\/\/cp.snarskis.lt\/index.php\/wp-json\/wp\/v2\/posts\/51338","targetHints":{"allow":["GET"]}}],"collection":[{"href":"https:\/\/cp.snarskis.lt\/index.php\/wp-json\/wp\/v2\/posts"}],"about":[{"href":"https:\/\/cp.snarskis.lt\/index.php\/wp-json\/wp\/v2\/types\/post"}],"replies":[{"embeddable":true,"href":"https:\/\/cp.snarskis.lt\/index.php\/wp-json\/wp\/v2\/comments?post=51338"}],"version-history":[{"count":0,"href":"https:\/\/cp.snarskis.lt\/index.php\/wp-json\/wp\/v2\/posts\/51338\/revisions"}],"wp:featuredmedia":[{"embeddable":true,"href":"https:\/\/cp.snarskis.lt\/index.php\/wp-json\/wp\/v2\/media\/51339"}],"wp:attachment":[{"href":"https:\/\/cp.snarskis.lt\/index.php\/wp-json\/wp\/v2\/media?parent=51338"}],"wp:term":[{"taxonomy":"category","embeddable":true,"href":"https:\/\/cp.snarskis.lt\/index.php\/wp-json\/wp\/v2\/categories?post=51338"},{"taxonomy":"post_tag","embeddable":true,"href":"https:\/\/cp.snarskis.lt\/index.php\/wp-json\/wp\/v2\/tags?post=51338"},{"taxonomy":"miestas","embeddable":true,"href":"https:\/\/cp.snarskis.lt\/index.php\/wp-json\/wp\/v2\/miestas?post=51338"}],"curies":[{"name":"wp","href":"https:\/\/api.w.org\/{rel}","templated":true}]}}