{"id":51358,"date":"2026-09-03T12:50:31","date_gmt":"2026-09-03T12:50:31","guid":{"rendered":"https:\/\/cp.snarskis.lt\/index.php\/2026\/09\/03\/po-audros-sokas-neslugsta-nauseda-reikalauja-greicio-kabeliavimo-ir-daugiau-generatoriu\/"},"modified":"2026-09-03T12:50:31","modified_gmt":"2026-09-03T12:50:31","slug":"po-audros-sokas-neslugsta-nauseda-reikalauja-greicio-kabeliavimo-ir-daugiau-generatoriu","status":"publish","type":"post","link":"https:\/\/cp.snarskis.lt\/index.php\/2026\/09\/03\/po-audros-sokas-neslugsta-nauseda-reikalauja-greicio-kabeliavimo-ir-daugiau-generatoriu\/","title":{"rendered":"Po audros \u0161okas nesl\u016bgsta: Naus\u0117da reikalauja grei\u010dio, kabeliavimo ir daugiau generatori\u0173"},"content":{"rendered":"<p>Prezidentas Gitanas Naus\u0117da ketvirtadien\u012f sukviet\u0117 pasitarim\u0105 d\u0117l rugpj\u016b\u010dio 22 dien\u0105 Lietuv\u0105 nusiaubusios audros padarini\u0173, elektros tiekimo atk\u016brimo ir priemoni\u0173, kurios didint\u0173 energetikos infrastrukt\u016bros atsparum\u0105. \u0160alies vadovas pabr\u0117\u017e\u0117, kad tai tapo rimtu i\u0161bandymu tiek tinklams, tiek institucij\u0173 pasirengimui ekstremalioms situacijoms.<\/p>\n<p>Prezidento teigimu, did\u017eiausi\u0105 nerim\u0105 kelia tai, kad pra\u0117jus beveik dviem savait\u0117ms po stichijos dalis gyventoj\u0173 vis dar buvo be elektros. Pasak jo, tokia situacija parod\u0117, jog kritin\u0117ms avarijoms valdyti b\u016btina ne tik technin\u0117, bet ir organizacin\u0117 parengtis.<\/p>\n<p>\u201e\u017dmon\u0117ms, kurie taip ilgai gyvena be elektros, situacija yra kritin\u0117. Matome dedamas pastangas, ta\u010diau toks elektros tiekimo atk\u016brimo tempas netenkina\u201c, \u2013 sak\u0117 prezidentas Gitanas Naus\u0117da.<\/p>\n<p>Pasitarime akcentuota, kad b\u016btina \u012fvertinti ne vien tinkl\u0173 atsparum\u0105, bet ir kriz\u0117s valdymo grandin\u0119: klient\u0173 informavim\u0105, gedim\u0173 \u0161alinimo organizavim\u0105, brigad\u0173 sutelkim\u0105 bei \u012frangos prieinamum\u0105. Prezidentas atkreip\u0117 d\u0117mes\u012f, kad audra i\u0161ry\u0161kino ir bendradarbiavimo spragas tarp valstyb\u0117s institucij\u0173, savivaldybi\u0173 ir ESO.<\/p>\n<p>Vienu i\u0161 esmini\u0173 ilgalaiki\u0173 sprendim\u0173 \u012fvardytas spartesnis prioritetini\u0173 elektros oro linij\u0173 kabeliavimas, nes b\u016btent oro linijos da\u017eniausiai nuken\u010dia nuo l\u016b\u017etan\u010di\u0173 med\u017ei\u0173, \u0161ak\u0173 ir stipraus v\u0117jo. Pasak prezidento, dabartin\u0117s apimtys, jo vertinimu, n\u0117ra pakankamos, jei siekiama, kad pana\u0161aus masto sutrikimai ateityje b\u016bt\u0173 pa\u0161alinami per kelias paras.<\/p>\n<p>Didel\u0117 pasitarimo dalis skirta rezervin\u0117ms priemon\u0117ms, kurios leist\u0173 i\u0161laikyti b\u016btiniausias paslaugas net ir nutr\u016bkus tiekimui. Prezidentas ragino reik\u0161mingai stiprinti generatori\u0173 paj\u0117gumus savivaldyb\u0117se, strategin\u0117se \u012fstaigose bei pa\u010dioje ESO, taip pat sudaryti realesnes galimybes generatoriais apsir\u016bpinti gyventojams, ypa\u010d atokesn\u0117se vietov\u0117se.<\/p>\n<p>Taip pat i\u0161keltas specialist\u0173 paj\u0117gum\u0173 ir rezervo klausimas, kad ekstremaliose situacijose b\u016bt\u0173 \u012fmanoma grei\u010diau pasitelkti papildomas brigadas. Prezidentas pa\u017eym\u0117jo, jog prireikus tur\u0117t\u0173 b\u016bti numatytos ai\u0161kios proced\u016bros, kaip operatyviai \u012ftraukti priva\u010di\u0173 \u012fmoni\u0173 paj\u0117gas, savivaldybi\u0173 darbuotojus ar kaimynini\u0173 valstybi\u0173 specialistus.<\/p>\n<p>Pasitarime aptarta ir prevencija: efektyvesn\u0117 proskyn\u0173 bei \u017eeldini\u0173 prie\u017ei\u016bra \u0161alia elektros linij\u0173, kad audr\u0173 metu b\u016bt\u0173 ma\u017eiau mechanini\u0173 pa\u017eeidim\u0173. Prezidento teigimu, b\u016btinas glaudesnis ESO ir savivaldybi\u0173 darbas \u0161alinant kli\u016btis, derinant teritorij\u0173 prie\u017ei\u016br\u0105 ir organizuojant pagalb\u0105 gyventojams.<\/p>\n<p>Galiausiai prezidentas pabr\u0117\u017e\u0117, kad po kriz\u0117s svarbu \u012fvertinti ir sisteminius ESO veiklos bei valdymo aspektus, \u012fskaitant finansini\u0173 i\u0161tekli\u0173 paskirstym\u0105 tinklo atsparumui didinti. Jis taip pat pasi\u016bl\u0117, u\u017ebaigus elektros tiekimo atk\u016brim\u0105 ir kompensacij\u0173 i\u0161mok\u0117jim\u0105, pavesti Valstyb\u0117s kontrolei \u012fvertinti kompensacij\u0173 tvarkos teisin\u012f reguliavim\u0105 ir jo taikym\u0105, siekiant u\u017etikrinti gyventoj\u0173 pasitik\u0117jim\u0105 procesu.<\/p>\n","protected":false},"excerpt":{"rendered":"<p>Po rugpj\u016b\u010dio audros daliai \u017emoni\u0173 ilgai neatk\u016brus elektros, prezidentas ragina spartinti kabeliavim\u0105, didinti generatori\u0173 rezerv\u0105 ir gerinti kriz\u0117s valdym\u0105.<\/p>\n","protected":false},"author":0,"featured_media":0,"comment_status":"open","ping_status":"open","sticky":false,"template":"","format":"standard","meta":{"_acf_changed":false,"footnotes":""},"categories":[15],"tags":[20205,3843,2612,3829,16203,5572,18328],"miestas":[],"class_list":["post-51358","post","type-post","status-publish","format-standard","hentry","category-regionai","tag-audra","tag-elektros-tiekimas","tag-energetikos-infrastruktura","tag-eso","tag-generatoriai","tag-gitanas-nauseda","tag-kabeliavimas"],"acf":[],"_links":{"self":[{"href":"https:\/\/cp.snarskis.lt\/index.php\/wp-json\/wp\/v2\/posts\/51358","targetHints":{"allow":["GET"]}}],"collection":[{"href":"https:\/\/cp.snarskis.lt\/index.php\/wp-json\/wp\/v2\/posts"}],"about":[{"href":"https:\/\/cp.snarskis.lt\/index.php\/wp-json\/wp\/v2\/types\/post"}],"replies":[{"embeddable":true,"href":"https:\/\/cp.snarskis.lt\/index.php\/wp-json\/wp\/v2\/comments?post=51358"}],"version-history":[{"count":0,"href":"https:\/\/cp.snarskis.lt\/index.php\/wp-json\/wp\/v2\/posts\/51358\/revisions"}],"wp:attachment":[{"href":"https:\/\/cp.snarskis.lt\/index.php\/wp-json\/wp\/v2\/media?parent=51358"}],"wp:term":[{"taxonomy":"category","embeddable":true,"href":"https:\/\/cp.snarskis.lt\/index.php\/wp-json\/wp\/v2\/categories?post=51358"},{"taxonomy":"post_tag","embeddable":true,"href":"https:\/\/cp.snarskis.lt\/index.php\/wp-json\/wp\/v2\/tags?post=51358"},{"taxonomy":"miestas","embeddable":true,"href":"https:\/\/cp.snarskis.lt\/index.php\/wp-json\/wp\/v2\/miestas?post=51358"}],"curies":[{"name":"wp","href":"https:\/\/api.w.org\/{rel}","templated":true}]}}