{"id":51360,"date":"2026-09-03T12:50:57","date_gmt":"2026-09-03T12:50:57","guid":{"rendered":"https:\/\/cp.snarskis.lt\/index.php\/2026\/09\/03\/regionu-pinigai-po-2027-metu-seimo-komitetas-ivardijo-ko-dabar-skubiai-reikia-pasienyje\/"},"modified":"2026-09-03T12:50:57","modified_gmt":"2026-09-03T12:50:57","slug":"regionu-pinigai-po-2027-metu-seimo-komitetas-ivardijo-ko-dabar-skubiai-reikia-pasienyje","status":"publish","type":"post","link":"https:\/\/cp.snarskis.lt\/index.php\/2026\/09\/03\/regionu-pinigai-po-2027-metu-seimo-komitetas-ivardijo-ko-dabar-skubiai-reikia-pasienyje\/","title":{"rendered":"Region\u0173 pinigai po 2027 met\u0173: Seimo komitetas \u012fvardijo, ko dabar skubiai reikia pasienyje"},"content":{"rendered":"<p>2026 metais rugs\u0117jo 3 dien\u0105 \u0160eduvoje vykusiame Vidaus reikal\u0173 ministerijos rengiamame Regionin\u0117s politikos forume 2026 dalyvavo Seimo Valstyb\u0117s valdymo ir savivaldybi\u0173 komiteto atstovai. Diskusijose daugiausia d\u0117mesio skirta valstyb\u0117s investicij\u0173 kryptims po 2027 met\u0173, demografiniams poky\u010diams ir vie\u0161\u0173j\u0173 paslaug\u0173 prieinamumui visoje \u0161alyje.<\/p>\n<p>Komiteto pirmininkas Jaroslav Narkevi\u010d akcentavo, kad ry\u0161k\u016bs regioniniai skirtumai ir gyventoj\u0173 sen\u0117jimas reikalauja greitesni\u0173 bei labiau koordinuot\u0173 sprendim\u0173. Pasak jo, vien finansin\u0117s injekcijos nepa\u0161alina prie\u017eas\u010di\u0173, d\u0117l kuri\u0173 dalis savivaldybi\u0173 praranda gyventojus ir darbo vietas.<\/p>\n<p>Komitetas primin\u0117, kad region\u0173 pl\u0117tros planams \u012fgyvendinti numatyta 30 proc. sanglaudos politikos l\u0117\u0161\u0173, kurios siekia beveik 1 800 000 000 eur\u0173. Ta\u010diau pabr\u0117\u017eta, jog investicij\u0173 poveikis menksta, kai jos i\u0161skaidomos tarp skirting\u0173 institucij\u0173 ir n\u0117ra siejamos su ilgalaikiais tiksliais rodikliais, tokiais kaip paslaug\u0173 pasiekiamumas ar nauj\u0173 darbo viet\u0173 k\u016brimas.<\/p>\n<h2>Pasienio regionams si\u016blomos tikslin\u0117s paskatos<\/h2>\n<p>Forume daug d\u0117mesio skirta pasienio teritorij\u0173 situacijai, kur gyventoj\u0173 ma\u017e\u0117jimas ir sen\u0117jimas da\u017enai yra spartesnis nei \u0161alies vidurkis. Papildom\u0105 spaudim\u0105, anot komiteto, gali kelti ir saugumo aplinka, ribojimai ar infrastrukt\u016bros poky\u010diai, kurie turi tiesiogin\u012f poveik\u012f verslo planams ir kasdieniam mobilumui.<\/p>\n<p>\u201eJei norime i\u0161laikyti \u0161i\u0173 teritorij\u0173 gyvybingum\u0105, privalome pasi\u016blyti tikslines valstyb\u0117s paskatas, pl\u0117toti specialias r\u0117mimo programas jaunoms \u0161eimoms bei socialinio b\u016bsto fond\u0105, kuris pad\u0117t\u0173 pritraukti tr\u016bkstamus specialistus\u201c, \u2013 sak\u0117 Jaroslav Narkevi\u010d.<\/p>\n<p>Anot komiteto, ypa\u010d jautrios sritys yra \u0161vietimas ir sveikatos prie\u017ei\u016bra, nes b\u016btent \u010dia specialist\u0173 tr\u016bkumas grei\u010diausiai virsta prastesn\u0117mis paslaugomis ir dar labiau skatina migracij\u0105. Pabr\u0117\u017eta, kad sprendimai turi apimti ne tik pastat\u0173 ar \u012frangos finansavim\u0105, bet ir realias priemones darbuotoj\u0173 pritraukimui bei i\u0161laikymui.<\/p>\n<h2>Regionin\u0117 politika turi b\u016bti valdoma vientisiau<\/h2>\n<p>Komitetas taip pat i\u0161k\u0117l\u0117 klausim\u0105 d\u0117l dabartinio regionin\u0117s politikos modelio nuoseklumo. Pasak Seimo atstov\u0173, kai investicijos ir programos lieka fragmentuotos tarp skirting\u0173 ministerij\u0173, regionams sud\u0117tingiau u\u017etikrinti ilgalaik\u012f planavim\u0105, o projektai ne visada dera tarpusavyje.<\/p>\n<p>Kaip prioritetas \u012fvardytas siekis region\u0173 pl\u0117tros politikos formavim\u0105 ir koordinavim\u0105 sutelkti vienoje stiprioje institucijoje, turin\u010dioje ai\u0161kius \u012fgaliojimus. Komiteto vertinimu, tai leist\u0173 region\u0173 poreikius sistemingiau integruoti \u012f \u0161vietimo, sveikatos, susisiekimo, socialin\u0117s apsaugos ir kit\u0173 sri\u010di\u0173 sprendimus.<\/p>\n<p>Diskusijose pabr\u0117\u017eta, kad art\u0117jant naujam Europos S\u0105jungos finansavimo laikotarpiui svarbiausia i\u0161 anksto apsibr\u0117\u017eti prioritetus ir atsakomybes. Tikimasi, kad ai\u0161kesnis koordinavimas pad\u0117t\u0173 u\u017etikrinti tolygesn\u012f vie\u0161\u0173j\u0173 paslaug\u0173 prieinamum\u0105 ir stabdyti neigiamas demografines tendencijas regionuose.<\/p>\n","protected":false},"excerpt":{"rendered":"<p>Seimo komitetas Regionin\u0117s politikos forume 2026 \u0160eduvoje i\u0161skyr\u0117 prioritetus po 2027 met\u0173: pasienio stiprinim\u0105, paslaug\u0173 prieinamum\u0105 ir koordinavimo reform\u0105.<\/p>\n","protected":false},"author":0,"featured_media":0,"comment_status":"open","ping_status":"open","sticky":false,"template":"","format":"standard","meta":{"_acf_changed":false,"footnotes":""},"categories":[15],"tags":[7581,8069,16584,2845,1114,2847],"miestas":[],"class_list":["post-51360","post","type-post","status-publish","format-standard","hentry","category-regionai","tag-demografija","tag-pasienio-regionai","tag-regionine-politika","tag-sanglaudos-politika","tag-seimas","tag-vidaus-reikalu-ministerija"],"acf":[],"_links":{"self":[{"href":"https:\/\/cp.snarskis.lt\/index.php\/wp-json\/wp\/v2\/posts\/51360","targetHints":{"allow":["GET"]}}],"collection":[{"href":"https:\/\/cp.snarskis.lt\/index.php\/wp-json\/wp\/v2\/posts"}],"about":[{"href":"https:\/\/cp.snarskis.lt\/index.php\/wp-json\/wp\/v2\/types\/post"}],"replies":[{"embeddable":true,"href":"https:\/\/cp.snarskis.lt\/index.php\/wp-json\/wp\/v2\/comments?post=51360"}],"version-history":[{"count":0,"href":"https:\/\/cp.snarskis.lt\/index.php\/wp-json\/wp\/v2\/posts\/51360\/revisions"}],"wp:attachment":[{"href":"https:\/\/cp.snarskis.lt\/index.php\/wp-json\/wp\/v2\/media?parent=51360"}],"wp:term":[{"taxonomy":"category","embeddable":true,"href":"https:\/\/cp.snarskis.lt\/index.php\/wp-json\/wp\/v2\/categories?post=51360"},{"taxonomy":"post_tag","embeddable":true,"href":"https:\/\/cp.snarskis.lt\/index.php\/wp-json\/wp\/v2\/tags?post=51360"},{"taxonomy":"miestas","embeddable":true,"href":"https:\/\/cp.snarskis.lt\/index.php\/wp-json\/wp\/v2\/miestas?post=51360"}],"curies":[{"name":"wp","href":"https:\/\/api.w.org\/{rel}","templated":true}]}}